{"id":169862,"date":"2025-10-11T15:36:13","date_gmt":"2025-10-11T15:36:13","guid":{"rendered":"https:\/\/www.europesays.com\/es\/169862\/"},"modified":"2025-10-11T15:36:13","modified_gmt":"2025-10-11T15:36:13","slug":"futuro-incierto-verstappen-anticipa-un-2026-complicado-para-red-bull-en-la-f1","status":"publish","type":"post","link":"https:\/\/www.europesays.com\/es\/169862\/","title":{"rendered":"\u00a1Futuro incierto! Verstappen anticipa un 2026 complicado para Red Bull en la F1"},"content":{"rendered":"<p>Pese a seguir enfocado en la batalla por el t\u00edtulo de 2025, <strong>Verstappen<\/strong> ya tiene la mirada puesta en lo que viene. \u201c\u00bfHabr\u00e1 un dominio renovado como en 2014? Es dif\u00edcil decirlo, pero creo que <strong>Mercedes<\/strong> estar\u00e1 por delante. Siempre han sido fuertes y su nivel t\u00e9cnico es alt\u00edsimo. Cuando el rendimiento depende del motor, ellos suelen marcar la diferencia\u201d, explic\u00f3 el piloto neerland\u00e9s, recordando la \u00e9poca en la que la escuder\u00eda alemana domin\u00f3 la categor\u00eda con autoridad.<\/p>\n","protected":false},"excerpt":{"rendered":"Pese a seguir enfocado en la batalla por el t\u00edtulo de 2025, Verstappen ya tiene la mirada puesta&hellip;\n","protected":false},"author":2,"featured_media":169863,"comment_status":"","ping_status":"","sticky":false,"template":"","format":"standard","meta":{"footnotes":""},"categories":[270],"tags":[168,25,24,306,271,272,23,167],"class_list":{"0":"post-169862","1":"post","2":"type-post","3":"status-publish","4":"format-standard","5":"has-post-thumbnail","7":"category-formula-1","8":"tag-deportes","9":"tag-es","10":"tag-espana","11":"tag-f1","12":"tag-formula-1","13":"tag-formula1","14":"tag-spain","15":"tag-sports"},"share_on_mastodon":{"url":"","error":""},"_links":{"self":[{"href":"https:\/\/www.europesays.com\/es\/wp-json\/wp\/v2\/posts\/169862","targetHints":{"allow":["GET"]}}],"collection":[{"href":"https:\/\/www.europesays.com\/es\/wp-json\/wp\/v2\/posts"}],"about":[{"href":"https:\/\/www.europesays.com\/es\/wp-json\/wp\/v2\/types\/post"}],"author":[{"embeddable":true,"href":"https:\/\/www.europesays.com\/es\/wp-json\/wp\/v2\/users\/2"}],"replies":[{"embeddable":true,"href":"https:\/\/www.europesays.com\/es\/wp-json\/wp\/v2\/comments?post=169862"}],"version-history":[{"count":0,"href":"https:\/\/www.europesays.com\/es\/wp-json\/wp\/v2\/posts\/169862\/revisions"}],"wp:featuredmedia":[{"embeddable":true,"href":"https:\/\/www.europesays.com\/es\/wp-json\/wp\/v2\/media\/169863"}],"wp:attachment":[{"href":"https:\/\/www.europesays.com\/es\/wp-json\/wp\/v2\/media?parent=169862"}],"wp:term":[{"taxonomy":"category","embeddable":true,"href":"https:\/\/www.europesays.com\/es\/wp-json\/wp\/v2\/categories?post=169862"},{"taxonomy":"post_tag","embeddable":true,"href":"https:\/\/www.europesays.com\/es\/wp-json\/wp\/v2\/tags?post=169862"}],"curies":[{"name":"wp","href":"https:\/\/api.w.org\/{rel}","templated":true}]}}