{"id":169973,"date":"2025-10-11T16:41:07","date_gmt":"2025-10-11T16:41:07","guid":{"rendered":"https:\/\/www.europesays.com\/es\/169973\/"},"modified":"2025-10-11T16:41:07","modified_gmt":"2025-10-11T16:41:07","slug":"ufc-fight-night-oliveira-vs-gamrot-hoy","status":"publish","type":"post","link":"https:\/\/www.europesays.com\/es\/169973\/","title":{"rendered":"UFC Fight Night: Oliveira vs. Gamrot HOY"},"content":{"rendered":"<p class=\"article-epigraph \" id=\"m82-81-83\">La UFC vuelve a Brasil este s\u00e1bado 11 de octubre con uno de sus m\u00e1ximos representantes Charles Oliveira que quiere el t\u00edtulo<\/p>\n<p class=\"paragraph \" id=\"m102-101-103\"><strong>R\u00edo de Janeiro <\/strong>se viste de gala este s\u00e1bado 11 de octubre para recibir uno de<strong> los eventos m\u00e1s esperados del a\u00f1o de la UFC<\/strong>, una velada que subraya el poder\u00edo de los peleadores locales en las Artes Marciales Mixtas. La Farmasi Arena ser\u00e1 el epicentro de la acci\u00f3n, con varios protagonistas brasile\u00f1os decididos a dominar la jaula.<\/p>\n<p class=\"paragraph \" id=\"m107-106-108\">Lea tambi\u00e9n: <a href=\"https:\/\/www.expreso.ec\/deportes\/barcelona-sc-la-cuestionada-convocatoria-asamblea-de-socios-en-pleno-feriado-260339.html\" target=\"_blank\" rel=\"nofollow noopener\">Barcelona SC: La cuestionada convocatoria a asamblea de socios en pleno feriado<\/a><\/p>\n<p class=\"paragraph \" id=\"m112-111-113\">El combate estelar pondr\u00e1 bajo los reflectores al ex campe\u00f3n de peso ligero, <strong>Charles Oliveira. Conocido como Do Bronx<\/strong>s, el astro local se medir\u00e1 al polaco<strong> Mateusz Gamrot e<\/strong>n una contienda crucial.<\/p>\n<p class=\"paragraph \" id=\"m150-149-151\">Tras su reciente derrota en junio ante Ilia Topuria, <strong>Oliveira busca urgentemente una victoria <\/strong>en las 155 libras para demostrar que sigue siendo un contendiente de \u00e9lite y as\u00ed reclamar una nueva oportunidad por el t\u00edtulo. Su desempe\u00f1o en casa ser\u00e1 clave para reencauzar su camino.<\/p>\n<p>        <img loading=\"lazy\" decoding=\"async\" width=\"218\" height=\"143\" alt=\"Barcelona SC, copa libertadores 1990, final\" src=\"https:\/\/imagenes.expreso.ec\/files\/image_218_143\/uploads\/2025\/10\/09\/68e82dc990599.jpeg\" data-full-src=\"\/uploads\/2025\/10\/09\/68e82dc990599.jpeg\"\/><\/p>\n<p id=\"m202-201-203\">\u00abDesde 1990, Barcelona SC y Ecuador creyeron que s\u00ed se pod\u00eda\u00bb, afirma Miguel Brindisi<\/p>\n<p>    <a class=\"highlight-link\" href=\"https:\/\/www.expreso.ec\/deportes\/desde-1990-barcelona-sc-y-ecuador-creyeron-que-si-se-podia-afirma-miguel-brindisi-260249.html\" rel=\"nofollow noopener\" target=\"_blank\">Leer m\u00e1s <\/a><\/p>\n<p class=\"paragraph \" id=\"m219-218-220\">En el evento coestelar, otro ex monarca con sed de triunfo buscar\u00e1 escalar posiciones: <strong>Deiveson Figueiredo.<\/strong> El excampe\u00f3n de peso mosca tiene como objetivo consolidarse en la dura divisi\u00f3n de peso gallo.<\/p>\n<p class=\"paragraph \" id=\"m256-255-257\">Para ello, se enfrentar\u00e1 a Montel Jackson, buscando acercarse a la cima de una categor\u00eda<strong> dominada actualmente por Merab Dvalishvili<\/strong>. Lucir ante su p\u00fablico es la misi\u00f3n principal del brasile\u00f1o en su af\u00e1n por reinar en las 135 libras.<\/p>\n<blockquote id=\"m261-260-262\">\n<p>\u00bfA qu\u00e9 hora y d\u00f3nde ver la UFC en Rio de Janeiro?\n<\/p><\/blockquote>\n<p class=\"paragraph \" id=\"m271-270-272\">La cartelera completa de UFC R\u00edo de Janeiro podr\u00e1 ser sintonizada a trav\u00e9s de <strong>ESPN+, Fox Sports Premium y Disney+<\/strong> en diferentes plataformas. La acci\u00f3n de la cartelera principal est\u00e1 programada para iniciar a las 14:00 horas del Centro de M\u00e9xico, <strong>15:00 en Ecuador <\/strong>y 17:00 en Buenos Aires.<\/p>\n<blockquote id=\"m276-275-277\">\n<p>Cartelera completa UFC Fight Night en Brasil\n<\/p><\/blockquote>\n<ul>\n<li>Peso Ligero: Charles Oliveira vs. Mateusz Gamrot<\/li>\n<li>\u00a0Peso Gallo: Deiveson Figueiredo vs. Montel Jackson<\/li>\n<li>Peso Welter: Vicente Luque vs. Joel \u00c1lvarez<\/li>\n<li>Peso Pesado: Jhonata Diniz vs. Mario Pinto<\/li>\n<li>Peso Pluma: Ricardo Ramos vs. Kaan Ofli<\/li>\n<li>Peso Pluma: Lucas Almeida vs. Michael Aswell<\/li>\n<li>Peso Mosca: Jafel Filho vs. Clayton Carpenter<\/li>\n<li>Peso Pesado: Vitor Petrino vs. Thomas Petersen<\/li>\n<li>Peso Gallo femenino: Bia Mesquita vs. Irina Alekseeva<\/li>\n<li>Peso Mosca: Lucas Rocha vs. Stewart Nicoll<\/li>\n<li>Peso Paja: Julia Polastri vs. Karolina Kowalkiewicz<\/li>\n<li>Peso Gallo: Luan Lacerda vs. Saimon Oliveira<\/li>\n<\/ul>\n<p class=\"paragraph \" id=\"m291-290-292\"><a href=\"https:\/\/suscripcion.expreso.ec\/?_gl=1*187iy1p*_gcl_au*MTIyNjY4MjY1MC4xNzQ3NzQ0ODA3LjE4Njg1ODQ0MjUuMTc0OTA4MzI2NS4xNzQ5MDgzMzc5\" target=\"_blank\" rel=\"nofollow noopener\">Para seguir leyendo contenido de calidad, \u00a1SUSCR\u00cdBETE A EXPRESO!<\/a><\/p>\n","protected":false},"excerpt":{"rendered":"La UFC vuelve a Brasil este s\u00e1bado 11 de octubre con uno de sus m\u00e1ximos representantes Charles Oliveira&hellip;\n","protected":false},"author":2,"featured_media":169974,"comment_status":"","ping_status":"","sticky":false,"template":"","format":"standard","meta":{"footnotes":""},"categories":[276],"tags":[49453,25550,168,22353,25,24,49452,49454,23,167,343,49455,2649],"class_list":{"0":"post-169973","1":"post","2":"type-post","3":"status-publish","4":"format-standard","5":"has-post-thumbnail","7":"category-ufc","8":"tag-a-que-hora-y-donde-ver","9":"tag-cartelera-completa","10":"tag-deportes","11":"tag-en-vivo","12":"tag-es","13":"tag-espana","14":"tag-oliveira-vs-gamrot","15":"tag-quien-pelea-hoy-en-ufc","16":"tag-spain","17":"tag-sports","18":"tag-ufc","19":"tag-ufc-brasil-rio-de-janeiro","20":"tag-ufc-fight-night"},"share_on_mastodon":{"url":"","error":""},"_links":{"self":[{"href":"https:\/\/www.europesays.com\/es\/wp-json\/wp\/v2\/posts\/169973","targetHints":{"allow":["GET"]}}],"collection":[{"href":"https:\/\/www.europesays.com\/es\/wp-json\/wp\/v2\/posts"}],"about":[{"href":"https:\/\/www.europesays.com\/es\/wp-json\/wp\/v2\/types\/post"}],"author":[{"embeddable":true,"href":"https:\/\/www.europesays.com\/es\/wp-json\/wp\/v2\/users\/2"}],"replies":[{"embeddable":true,"href":"https:\/\/www.europesays.com\/es\/wp-json\/wp\/v2\/comments?post=169973"}],"version-history":[{"count":0,"href":"https:\/\/www.europesays.com\/es\/wp-json\/wp\/v2\/posts\/169973\/revisions"}],"wp:featuredmedia":[{"embeddable":true,"href":"https:\/\/www.europesays.com\/es\/wp-json\/wp\/v2\/media\/169974"}],"wp:attachment":[{"href":"https:\/\/www.europesays.com\/es\/wp-json\/wp\/v2\/media?parent=169973"}],"wp:term":[{"taxonomy":"category","embeddable":true,"href":"https:\/\/www.europesays.com\/es\/wp-json\/wp\/v2\/categories?post=169973"},{"taxonomy":"post_tag","embeddable":true,"href":"https:\/\/www.europesays.com\/es\/wp-json\/wp\/v2\/tags?post=169973"}],"curies":[{"name":"wp","href":"https:\/\/api.w.org\/{rel}","templated":true}]}}