{"id":16998,"date":"2025-07-31T19:24:11","date_gmt":"2025-07-31T19:24:11","guid":{"rendered":"https:\/\/www.europesays.com\/es\/16998\/"},"modified":"2025-07-31T19:24:11","modified_gmt":"2025-07-31T19:24:11","slug":"tenerife-sera-sede-del-encuentro-internacional-menceyes-experiences-golf-fun-2025","status":"publish","type":"post","link":"https:\/\/www.europesays.com\/es\/16998\/","title":{"rendered":"Tenerife ser\u00e1 sede del encuentro internacional \u201cMenceyes &#038; Experiences: Golf &#038; Fun 2025\u201d"},"content":{"rendered":"<p class=\"ft-text\">La isla de Tenerife acoger\u00e1 en el mes de septiembre el evento internacional \u201cMenceyes &amp; Experiences: Golf &amp; Fun 2025\u201d, una iniciativa que reunir\u00e1 a m\u00e1s de un centenar de participantes en torno a una agenda que combina deporte, turismo experiencial y oportunidades de inversi\u00f3n en el archipi\u00e9lago canario.<\/p>\n<p class=\"ft-text\">Este evento supone el cierre de una fase de promoci\u00f3n internacional desarrollada en tres torneos previos celebrados en los campos de golf m\u00e1s emblem\u00e1ticos de la B\u00e9lgica flamenca: Ternesse Golf &amp; Country Club, Golf Club De Kluizen y Millennium Golf Paal. Unas citas que a lo largo del a\u00f1o acogieron a 300 participantes y sirvieron como plataforma para posicionar a Tenerife como destino tur\u00edstico, residencial y de inversi\u00f3n.<\/p>\n<p class=\"ft-text\">\u201cMenceyes &amp; Experiences es una iniciativa que nace con una clara vocaci\u00f3n de generar v\u00ednculos s\u00f3lidos entre B\u00e9lgica y Canarias, especialmente con Tenerife, que representa un entorno id\u00f3neo para el desarrollo de proyectos de vida y negocios\u201d, explican desde la organizaci\u00f3n.<\/p>\n<p>Un modelo de promoci\u00f3n basado en la experiencia y el contacto directo<\/p>\n<p class=\"ft-text\">A trav\u00e9s de una estrategia de promoci\u00f3n selectiva, los torneos sat\u00e9lite celebrados en B\u00e9lgica permitieron identificar perfiles interesados no s\u00f3lo en el deporte, sino tambi\u00e9n en las potencialidades que ofrece Tenerife en t\u00e9rminos de calidad de vida, seguridad jur\u00eddica, conectividad internacional y atractivo fiscal.<\/p>\n<p><img decoding=\"async\" src=\"https:\/\/www.europesays.com\/es\/wp-content\/uploads\/2025\/07\/06c8aa50-395a-4853-95fe-6dc0e0aec6ba_alta-libre-aspect-ratio_default_0.jpg\" width=\"1200\" height=\"1264\" alt=\"Tenerife ser\u00e1 sede del encuentro internacional \u201cMenceyes &amp; Experiences: Golf &amp; Fun 2025\u201d\" class=\"ft-helper-img-rd\" loading=\"lazy\" hasdataaida=\"true\"\/><\/p>\n<p class=\"ft-helper-fontColor-quaternary ft-helper-fontSize-body-S ft-helper-spacer-t-xxs\">Tenerife ser\u00e1 sede del encuentro internacional \u201cMenceyes &amp; Experiences: Golf &amp; Fun 2025\u201d  \/ Grupo Menceyes<\/p>\n<p class=\"ft-text\">El evento de septiembre en Tenerife contar\u00e1 con una programaci\u00f3n que incluye jornadas de golf, ocio, compras, encuentros empresariales y gastronom\u00eda local, que correr\u00e1 a cargo de Mes\u00f3n Castellano, Goxoa, El Empaquetado y Venture Group, buscando tambi\u00e9n ofrecer una muestra del excelente nivel culinario de la isla. Todo ello en un marco dise\u00f1ado para fomentar el di\u00e1logo, la inversi\u00f3n y la cooperaci\u00f3n entre actores p\u00fablicos y privados.<\/p>\n<p>Tenerife, escaparate internacional de oportunidades<\/p>\n<p class=\"ft-text\">Tenerife refuerza as\u00ed su posicionamiento como destino capaz de ofrecer mucho m\u00e1s que ocio y naturaleza: una propuesta completa para quienes buscan establecer v\u00ednculos duraderos con un territorio europeo estrat\u00e9gico en medio del Atl\u00e1ntico.<\/p>\n<p class=\"ft-text\">\u201cMenceyes &amp; Experience: Golf &amp; Fun 2025\u201d es una iniciativa impulsada por Grupo Menceyes, con la colaboraci\u00f3n de Turismo de Tenerife, Boss, BMW, Range Rover, Perelada, Heineken, Hidr\u00e1ulica Tinerfe\u00f1a, Cortizo, Santander, Duravit y Valiente.<\/p>\n","protected":false},"excerpt":{"rendered":"La isla de Tenerife acoger\u00e1 en el mes de septiembre el evento internacional \u201cMenceyes &amp; Experiences: Golf &amp;&hellip;\n","protected":false},"author":2,"featured_media":16999,"comment_status":"","ping_status":"","sticky":false,"template":"","format":"standard","meta":{"footnotes":""},"categories":[275],"tags":[3171,168,437,25,24,329,61,3643,3799,4569,523,23,167,1370],"class_list":{"0":"post-16998","1":"post","2":"type-post","3":"status-publish","4":"format-standard","5":"has-post-thumbnail","7":"category-golf","8":"tag-belgica","9":"tag-deportes","10":"tag-encuentro","11":"tag-es","12":"tag-espana","13":"tag-golf","14":"tag-internacional","15":"tag-isla","16":"tag-ocio","17":"tag-sede","18":"tag-sera","19":"tag-spain","20":"tag-sports","21":"tag-tenerife"},"share_on_mastodon":{"url":"","error":""},"_links":{"self":[{"href":"https:\/\/www.europesays.com\/es\/wp-json\/wp\/v2\/posts\/16998","targetHints":{"allow":["GET"]}}],"collection":[{"href":"https:\/\/www.europesays.com\/es\/wp-json\/wp\/v2\/posts"}],"about":[{"href":"https:\/\/www.europesays.com\/es\/wp-json\/wp\/v2\/types\/post"}],"author":[{"embeddable":true,"href":"https:\/\/www.europesays.com\/es\/wp-json\/wp\/v2\/users\/2"}],"replies":[{"embeddable":true,"href":"https:\/\/www.europesays.com\/es\/wp-json\/wp\/v2\/comments?post=16998"}],"version-history":[{"count":0,"href":"https:\/\/www.europesays.com\/es\/wp-json\/wp\/v2\/posts\/16998\/revisions"}],"wp:featuredmedia":[{"embeddable":true,"href":"https:\/\/www.europesays.com\/es\/wp-json\/wp\/v2\/media\/16999"}],"wp:attachment":[{"href":"https:\/\/www.europesays.com\/es\/wp-json\/wp\/v2\/media?parent=16998"}],"wp:term":[{"taxonomy":"category","embeddable":true,"href":"https:\/\/www.europesays.com\/es\/wp-json\/wp\/v2\/categories?post=16998"},{"taxonomy":"post_tag","embeddable":true,"href":"https:\/\/www.europesays.com\/es\/wp-json\/wp\/v2\/tags?post=16998"}],"curies":[{"name":"wp","href":"https:\/\/api.w.org\/{rel}","templated":true}]}}