{"id":169981,"date":"2025-10-11T16:46:17","date_gmt":"2025-10-11T16:46:17","guid":{"rendered":"https:\/\/www.europesays.com\/es\/169981\/"},"modified":"2025-10-11T16:46:17","modified_gmt":"2025-10-11T16:46:17","slug":"exhibicion-de-moneke-en-casa-del-campeon","status":"publish","type":"post","link":"https:\/\/www.europesays.com\/es\/169981\/","title":{"rendered":"Exhibici\u00f3n de Moneke en casa del campe\u00f3n"},"content":{"rendered":"<p>\n        La gran sorpresa de la tercera jornada de la Euroliga ha sido, sin duda alguna, <strong>el triunfo del Estrella Roja en casa del Fenerbahce<\/strong>, vigente campe\u00f3n continental.\n<\/p>\n<p class=\"article-body__text \">\n        Tras la destituci\u00f3n de Giannis Sfairopoulos y <strong>con Tomislav Tomovic como t\u00e9cnico interino a la espera de que Sasa Obradovic tome las riendas<\/strong> del conjunto afincado en Belgrado, los serbios llegaban a la cita envueltos en un mar de dudas y en plena crisis de identidad.\n<\/p>\n<blockquote class=\"twitter-tweet\" data-lang=\"es\" wp_automatic_readability=\"2.4175824175824\">\n<p lang=\"und\" dir=\"ltr\">Chima MONEKE \ud83d\udc51 <\/p>\n<p><a href=\"https:\/\/t.co\/D2Q9UuaaWv\" rel=\"nofollow\">pic.twitter.com\/D2Q9UuaaWv<\/a><\/p>\n<p>\u2014 \u0160areni (@sarenivol2) <a href=\"https:\/\/twitter.com\/sarenivol2\/status\/1976745620988993718?ref_src=twsrc%5Etfw\" rel=\"nofollow noopener\" target=\"_blank\">10 de octubre de 2025<\/a><\/p><\/blockquote>\n<p class=\"article-body__text \">\n        Sin embargo, el Estrella Roja asalt\u00f3 la dif\u00edcil cancha turca por 81-86 gracias, entre otros, a la excelsa aportaci\u00f3n de Chima Moneke. <strong>El exbaskonista consigui\u00f3 una de las valoraciones m\u00e1s altas como jugador de la Euroliga (31 cr\u00e9ditos) <\/strong>tras conseguir 20 puntos, 12 rebotes, 2 recuperaciones, 2 tapones y 3 faltas recibidas.\n<\/p>\n<p class=\"article-body__text \">\n        El nigeriano fue decisivo a la hora de que el Estrella Roja contuviera el arre\u00f3n final del Fenerbahce. De hecho, silenci\u00f3 a la ruidosa afici\u00f3n otomana a base de acciones decisivas en el ep\u00edlogo como <strong>seis puntos consecutivos, un tap\u00f3n providencial y un rebote ofensivo que dieron vida a los balc\u00e1nicos<\/strong>. No se arrug\u00f3 pese a ser el blanco de la ira del p\u00fablico local, a quien por cierto no sentaron nada bien sus efusivas celebraciones con sangre en los ojos.\n<\/p>\n<blockquote class=\"twitter-tweet\" data-lang=\"es\" wp_automatic_readability=\"3.7945945945946\">\n<p lang=\"und\" dir=\"ltr\">Chima <a href=\"https:\/\/twitter.com\/hashtag\/Moneke?src=hash&amp;ref_src=twsrc%5Etfw\" rel=\"nofollow noopener\" target=\"_blank\">#Moneke<\/a> i Nikola <a href=\"https:\/\/twitter.com\/hashtag\/Kalini%C4%87?src=hash&amp;ref_src=twsrc%5Etfw\" rel=\"nofollow noopener\" target=\"_blank\">#Kalini\u0107<\/a> izneli su svoje utiske posle velikog trijumfa <a href=\"https:\/\/twitter.com\/hashtag\/kkcz?src=hash&amp;ref_src=twsrc%5Etfw\" rel=\"nofollow noopener\" target=\"_blank\">#kkcz<\/a> na Bosforu: <a href=\"https:\/\/t.co\/rDgquXqRbs\" rel=\"nofollow\">pic.twitter.com\/rDgquXqRbs<\/a><\/p>\n<p>\u2014 Marko Ljubomirovi\u0107 (@LjubomirovicM) <a href=\"https:\/\/twitter.com\/LjubomirovicM\/status\/1976751814092685710?ref_src=twsrc%5Etfw\" rel=\"nofollow noopener\" target=\"_blank\">10 de octubre de 2025<\/a><\/p><\/blockquote>\n<p class=\"article-body__text \">\n        Tras el encuentro, Moneke tuvo unas bonitas palabras hacia Sfairopoulos y neg\u00f3 que la plantilla no estuviera de su lado.\n<\/p>\n<p class=\"article-body__text \">\n        \u00abLe echo de menos. Ojal\u00e1 estuviera con nosotros hoy, aunque tambi\u00e9n felicito al entrenador TT (Tomislav Tomovic) porque se merec\u00eda esta victoria. S\u00e9 que tenemos lo suficiente para ganar. <strong>Se puede jugar al baloncesto con esa altura y f\u00edsico; eso es lo que hago. Siempre que logro un doble-doble con rebotes, me siento orgulloso<\/strong>. Fue una victoria merecida\u00bb, valor\u00f3 el exbaskonista.\n<\/p>\n<p>            <a href=\"https:\/\/www.noticiasdealava.eus\/baskonia\/2025\/10\/10\/necesidad-recuperar-howard-baskonia-10196964.html\" title=\"La necesidad de recuperar a Howard\" class=\"new__media\" rel=\"nofollow noopener\" target=\"_blank\"><\/p>\n<p>                <img alt=\"La necesidad de recuperar a Howard\" data-src=\"https:\/\/www.europesays.com\/es\/wp-content\/uploads\/2025\/10\/5179fbb9-e211-41da-9412-1de5d90d8ddf_16-9-aspect-ratio_default_0.jpg\" class=\"lozad\"\/><\/p>\n<p>        <\/a><\/p>\n<p>        <a href=\"https:\/\/www.noticiasdealava.eus\/baskonia\/2025\/10\/10\/necesidad-recuperar-howard-baskonia-10196964.html\" title=\"La necesidad de recuperar a Howard\" class=\"new__headline\" rel=\"nofollow noopener\" target=\"_blank\"><br \/>\n            La necesidad de recuperar a Howard<br \/>\n        <\/a><\/p>\n<p>  \u00abEs un eg\u00f3latra\u00bb<\/p>\n<p class=\"article-body__text \">\n        Moneke se reencontrar\u00e1 a partir de ahora con un t\u00e9cnico como Sasa Obradovic <strong>con el que no tuvo un buen feeling<\/strong> en el M\u00f3naco antes de recalar en el club vitoriano en el verano de 2023.\n<\/p>\n<p class=\"article-body__text \">\n        \u00abEntren\u00e9 a Chima Moneke. S\u00e9 lo que es y qui\u00e9n es. No tuve ning\u00fan problema con \u00e9l. <strong>Es un buen tipo, un eg\u00f3latra [risas], se quiere a s\u00ed mismo y ve muchas cosas a trav\u00e9s de las estad\u00edsticas<\/strong>. Quiz\u00e1s un nuevo entorno moldee su comportamiento. <strong>Cuando estaba conmigo, estaba frustrado porque no tiraba. Le dije: si eres t\u00fa el que tira, \u00bfqu\u00e9 le queda a Mike James, Elie Okobo o Jordan Loyd? Son mejores en eso que t\u00fa<\/strong>\u00ab, asegur\u00f3 Obradovic en su d\u00eda sobre el nigeriano.\n<\/p>\n<p>            <script async src=\"https:\/\/platform.twitter.com\/widgets.js\" charset=\"utf-8\"><\/script><\/p>\n","protected":false},"excerpt":{"rendered":"La gran sorpresa de la tercera jornada de la Euroliga ha sido, sin duda alguna, el triunfo del&hellip;\n","protected":false},"author":2,"featured_media":169982,"comment_status":"","ping_status":"","sticky":false,"template":"","format":"standard","meta":{"footnotes":""},"categories":[269],"tags":[299,298,4714,5773,385,168,25,24,608,48728,23,167],"class_list":{"0":"post-169981","1":"post","2":"type-post","3":"status-publish","4":"format-standard","5":"has-post-thumbnail","7":"category-baloncesto","8":"tag-baloncesto","9":"tag-basketball","10":"tag-baskonia","11":"tag-campeon","12":"tag-casa","13":"tag-deportes","14":"tag-es","15":"tag-espana","16":"tag-exhibicion","17":"tag-moneke","18":"tag-spain","19":"tag-sports"},"share_on_mastodon":{"url":"","error":""},"_links":{"self":[{"href":"https:\/\/www.europesays.com\/es\/wp-json\/wp\/v2\/posts\/169981","targetHints":{"allow":["GET"]}}],"collection":[{"href":"https:\/\/www.europesays.com\/es\/wp-json\/wp\/v2\/posts"}],"about":[{"href":"https:\/\/www.europesays.com\/es\/wp-json\/wp\/v2\/types\/post"}],"author":[{"embeddable":true,"href":"https:\/\/www.europesays.com\/es\/wp-json\/wp\/v2\/users\/2"}],"replies":[{"embeddable":true,"href":"https:\/\/www.europesays.com\/es\/wp-json\/wp\/v2\/comments?post=169981"}],"version-history":[{"count":0,"href":"https:\/\/www.europesays.com\/es\/wp-json\/wp\/v2\/posts\/169981\/revisions"}],"wp:featuredmedia":[{"embeddable":true,"href":"https:\/\/www.europesays.com\/es\/wp-json\/wp\/v2\/media\/169982"}],"wp:attachment":[{"href":"https:\/\/www.europesays.com\/es\/wp-json\/wp\/v2\/media?parent=169981"}],"wp:term":[{"taxonomy":"category","embeddable":true,"href":"https:\/\/www.europesays.com\/es\/wp-json\/wp\/v2\/categories?post=169981"},{"taxonomy":"post_tag","embeddable":true,"href":"https:\/\/www.europesays.com\/es\/wp-json\/wp\/v2\/tags?post=169981"}],"curies":[{"name":"wp","href":"https:\/\/api.w.org\/{rel}","templated":true}]}}