{"id":169991,"date":"2025-10-11T16:52:08","date_gmt":"2025-10-11T16:52:08","guid":{"rendered":"https:\/\/www.europesays.com\/es\/169991\/"},"modified":"2025-10-11T16:52:08","modified_gmt":"2025-10-11T16:52:08","slug":"petro-cuestiona-el-nobel-de-machado-por-una-carta-de-ella-a-netanyahu-y-macri-del-2018","status":"publish","type":"post","link":"https:\/\/www.europesays.com\/es\/169991\/","title":{"rendered":"Petro cuestiona el Nobel de Machado por una carta de ella a Netanyahu y Macri del 2018"},"content":{"rendered":"<p class=\"\">El presidente Gustavo Petro ha cuestionado el Nobel de paz que le fue entregado a la l\u00edder de la oposici\u00f3n venezolana, Mar\u00eda Corina Machado. Ha rescatado una carta que circula en redes sociales, en la que ella le escribi\u00f3 una carta p\u00fablica a Mauricio Macri, entonces presidente de Argentina, y Benjamin Netanyahu, primer ministro de Israel. Aquello fue antes de la ofensiva del israel\u00ed en Gaza, que arranc\u00f3 en 2023 y que <a href=\"https:\/\/elpais.com\/america-colombia\/2025-09-23\/de-la-irracional-guerra-contra-las-drogas-al-genocidio-en-gaza-petro-pronuncia-su-ultimo-discurso-ante-la-onu.html\" target=\"_blank\" rel=\"noreferrer nofollow noopener\" title=\"https:\/\/elpais.com\/america-colombia\/2025-09-23\/de-la-irracional-guerra-contra-las-drogas-al-genocidio-en-gaza-petro-pronuncia-su-ultimo-discurso-ante-la-onu.html\">Petro ha calificado como un genocidio<\/a>. Pero el presidente colombiano ha cuestionado que ella buscar\u00e1 el apoyo de Netanyahu para presionar internacionalmente al r\u00e9gimen de Maduro. <\/p>\n<p class=\"\">\u201c\u00bfPor qu\u00e9 usted solicita ayuda a un criminal contra la humanidad, con orden de captura internacional, para llevarle democracia a Venezuela?\u201d, pregunta Petro. \u201c\u00bfQu\u00e9 significa que la gente de Noruega que entrega ese premio, estimule ese tipo de alianza mundial que no podr\u00eda ser m\u00e1s que de barbarie y guerra y no de paz?\u201d, a\u00f1adi\u00f3. \u201c\u00bfC\u00f3mo un genocida puede ayudar a hacer la paz en Venezuela?\u201d, cuestion\u00f3. <\/p>\n<p class=\"\">Paso seguido, Petro hizo referencia a <a href=\"https:\/\/elpais.com\/internacional\/2025-09-19\/trump-anuncia-un-cuarto-ataque-contra-una-presunta-narcolancha-en-el-caribe.html\" target=\"_blank\" rel=\"noreferrer nofollow noopener\" title=\"https:\/\/elpais.com\/internacional\/2025-09-19\/trump-anuncia-un-cuarto-ataque-contra-una-presunta-narcolancha-en-el-caribe.html\">los varios botes que han sido bombardeados por el gobierno de Donald Trump en el mar Caribe<\/a> cerca a Venezuela. Estos botes, alega Estados Unidos, buscaban llevar drogas hasta sus costas, aunque no han demostrado pruebas a\u00fan de que as\u00ed sea. Defensores de derechos humanos han denunciado que estas personas ten\u00edan derecho a un debido proceso, fueran criminales o no. Petro ha tomado esa bandera en el escenario internacional, criticando los bombardeos y <a href=\"https:\/\/elpais.com\/america-colombia\/2025-10-09\/la-casa-blanca-le-pide-a-petro-retractarse-por-asegurar-que-habia-colombianos-en-una-lancha-que-estados-unidos-bombardeo-en-el-mar-caribe.html\" target=\"_blank\" rel=\"noreferrer nofollow noopener\" title=\"https:\/\/elpais.com\/america-colombia\/2025-10-09\/la-casa-blanca-le-pide-a-petro-retractarse-por-asegurar-que-habia-colombianos-en-una-lancha-que-estados-unidos-bombardeo-en-el-mar-caribe.html\">afirmando que en uno de los barcos iban ciudadanos colombianos<\/a>. <\/p>\n<p class=\"\">\u201cLe preguntar\u00eda si no ser\u00eda mejor apoyar un gran acuerdo caribe\u00f1o para detener definitivamente el transito de drogas prohibidas por all\u00ed,\u201d continu\u00f3 Petro en sus cuestionamientos a Machado. La l\u00edder opositora no ha sido hasta el momento cr\u00edtica a esos bombardeos y m\u00e1s bien ha pedido el apoyo del gobierno de Donald Trump frente a la dictadura de Nicol\u00e1s Maduro. \u201c\u00bfNo le parece que el pueblo venezolano no debe estar bajo la amenaza de invasi\u00f3n y en cambio deber\u00eda estar para desatar el gran di\u00e1logo nacional con toda la venezolanidad sin excepci\u00f3n?\u201d, a\u00f1adi\u00f3 Petro. <\/p>\n<p class=\"\"><a href=\"https:\/\/elpais.com\/america\/2025-10-10\/maria-corina-machado-maduro-decide-si-lo-toma-o-lo-deja-pero-va-a-salir-con-o-sin-negociacion.html\" target=\"_self\" rel=\"nofollow noopener\" title=\"https:\/\/elpais.com\/america\/2025-10-10\/maria-corina-machado-maduro-decide-si-lo-toma-o-lo-deja-pero-va-a-salir-con-o-sin-negociacion.html\">Al ser entrevistada por El Pa\u00eds a pocas horas de recibir el Nobel<\/a>, Machado respondi\u00f3 ante quienes se preguntan si le preocupa una invasi\u00f3n de Washington en su pa\u00eds. \u201cLa \u00fanica invasi\u00f3n que hay en Venezuela es la que hemos tenido de las guerrillas, de los carteles de los agentes cubanos, rusos e iran\u00edes, Hezbol\u00e1, Ham\u00e1s y dem\u00e1s organizaciones\u201d, dijo. Fue precisamente por lo mismo que pidi\u00f3 ayuda a Israel en 2018. El gobierno de Venezuela, afirm\u00f3 en la carta, \u201cexhibe su estrecha colaboraci\u00f3n con Ir\u00e1n y grupos extremistas\u201d. <\/p>\n<p class=\"\">Petro se suma as\u00ed a los cuestionamientos que ayer tambi\u00e9n hizo otro l\u00edder de izquierda, el exvicepresidente espa\u00f1ol Pablo Iglesias, quien dijo que lo mismo hubiera sido darle el Nobel a los peores tiranos. \u201cLa verdad es que para darle el Nobel de la paz a Corina Machado que lleva a\u00f1os intentando dar un golpe de Estado en su pa\u00eds, se lo podr\u00edan haber dado directamente a Trump o incluso a Adolf Hitler\u201d afirm\u00f3. Petro no lleg\u00f3 tan lejos al poner codo a codo a Hitler y Machado, pero le cuestiona una vieja carta a quien \u00e9l hoy denuncia como un genocida. <\/p>\n","protected":false},"excerpt":{"rendered":"El presidente Gustavo Petro ha cuestionado el Nobel de paz que le fue entregado a la l\u00edder de&hellip;\n","protected":false},"author":2,"featured_media":169992,"comment_status":"","ping_status":"","sticky":false,"template":"","format":"standard","meta":{"footnotes":""},"categories":[170],"tags":[889,13241,1803,146,147,25,24,3916,1804,4371,184,185,25064,23],"class_list":{"0":"post-169991","1":"post","2":"type-post","3":"status-publish","4":"format-standard","5":"has-post-thumbnail","7":"category-musica","8":"tag-america","9":"tag-benjamin-netanyahu","10":"tag-colombia","11":"tag-entertainment","12":"tag-entretenimiento","13":"tag-es","14":"tag-espana","15":"tag-gustavo-petro","16":"tag-latinoamerica","17":"tag-maria-corina-machado","18":"tag-music","19":"tag-musica","20":"tag-nobel-de-la-paz","21":"tag-spain"},"share_on_mastodon":{"url":"","error":""},"_links":{"self":[{"href":"https:\/\/www.europesays.com\/es\/wp-json\/wp\/v2\/posts\/169991","targetHints":{"allow":["GET"]}}],"collection":[{"href":"https:\/\/www.europesays.com\/es\/wp-json\/wp\/v2\/posts"}],"about":[{"href":"https:\/\/www.europesays.com\/es\/wp-json\/wp\/v2\/types\/post"}],"author":[{"embeddable":true,"href":"https:\/\/www.europesays.com\/es\/wp-json\/wp\/v2\/users\/2"}],"replies":[{"embeddable":true,"href":"https:\/\/www.europesays.com\/es\/wp-json\/wp\/v2\/comments?post=169991"}],"version-history":[{"count":0,"href":"https:\/\/www.europesays.com\/es\/wp-json\/wp\/v2\/posts\/169991\/revisions"}],"wp:featuredmedia":[{"embeddable":true,"href":"https:\/\/www.europesays.com\/es\/wp-json\/wp\/v2\/media\/169992"}],"wp:attachment":[{"href":"https:\/\/www.europesays.com\/es\/wp-json\/wp\/v2\/media?parent=169991"}],"wp:term":[{"taxonomy":"category","embeddable":true,"href":"https:\/\/www.europesays.com\/es\/wp-json\/wp\/v2\/categories?post=169991"},{"taxonomy":"post_tag","embeddable":true,"href":"https:\/\/www.europesays.com\/es\/wp-json\/wp\/v2\/tags?post=169991"}],"curies":[{"name":"wp","href":"https:\/\/api.w.org\/{rel}","templated":true}]}}