{"id":169993,"date":"2025-10-11T16:53:09","date_gmt":"2025-10-11T16:53:09","guid":{"rendered":"https:\/\/www.europesays.com\/es\/169993\/"},"modified":"2025-10-11T16:53:09","modified_gmt":"2025-10-11T16:53:09","slug":"netflix-estrena-la-ultima-pelicula-de-la-protagonista-de-piratas-del-caribe-y-puede-ser-un-exito-en-streaming-vandal","status":"publish","type":"post","link":"https:\/\/www.europesays.com\/es\/169993\/","title":{"rendered":"Netflix estrena la \u00faltima pel\u00edcula de la protagonista de &#039;Piratas del Caribe&#039; y puede ser un \u00e9xito en streaming &#8211; Vandal"},"content":{"rendered":"<ol>\n<li><a href=\"https:\/\/news.google.com\/rss\/articles\/CBMi7AFBVV95cUxNRnNxNWdJbDJWd3V1V1VkQVExbXNfLVJtZnctYUFfU015bGVLRmRPRnpOQlNkSG1jaXpuTkZRRk9VTXdULVhUT19vQUdFcm56cWIzNWtRNVBCVUdJOEhySXkzd1VwS0czbFVobzBxamhVNzZzMFVsbnBvNHZ6QmdZb24ybVZjeVF5dXhfeGphT1JQZldmMnlDbEE4d0ZIN1o4MEZUTTRzdmxQUS1qaHkzWXBiR1NUdmxoS0JyUjJlWmpHWExnSF9Bb2xwb2xidk8tTUF3TlJUbl92OHNzT2F4Y21SNXJEaVF1UnAxadIB8gFBVV95cUxNTWZaWEFQY0RlOGtRT01wbGxBSmNpR3BEbDN1a1RUTHZBMnJhck9mS3NzRlBhWDc0amppdkVILWRZWngwV0IxaEZqNE5wZ29yWERqV3NKVzkyUVV3OHVnbGwwb0FKRTdpdl8xaWkwbDFwOTNHaG9mVGpULTFqUll4NXE3Nk1PQ1EycEJ4UEs1VTZ5ejBZLVFLakV0TC15TGdLTzZHOUh6d3FPM0JxS3M3WGVMYUZMTU9yUUZwOGVLTExtNFlydURrMlluNW9ESzRveVA0VjJza2Z2VUJhdEdHRTRwUFF5dG5lbWJ5VjhJZmMzZw?oc=5\" target=\"_blank\" rel=\"nofollow noopener\">Netflix estrena la \u00faltima pel\u00edcula de la protagonista de &#8216;Piratas del Caribe&#8217; y puede ser un \u00e9xito en streaming<\/a>&nbsp;&nbsp;Vandal<\/li>\n<li><a href=\"https:\/\/news.google.com\/rss\/articles\/CBMirAFBVV95cUxObTRvZnNPcm1VWVI2Nkw2dDRtcUd1bDlNMVlDV0tzdFBGdkc4VkM4U3JmRldIX0JhN3NCQnFodVYzRko1WkoxX2VZTlQ2eUNYS0xmSWhOa0VnLXJFd3dGQWdseVZaNnFyTGd1el9wWWZOZzJRbVNmWGx6NjFMTEZjdkJZaTh0cm9leU1ycURlaTBNa0Fna0cxWWVxUnhfbi10dGtpb0w1Qko3NGdI?oc=5\" target=\"_blank\" rel=\"nofollow noopener\">&#8216;La mujer del camarote 10&#8217;: Keira Knightley no consigue sacar a flote el nuevo thriller de Netflix<\/a>&nbsp;&nbsp;20Minutos<\/li>\n<li><a href=\"https:\/\/news.google.com\/rss\/articles\/CBMiqAFBVV95cUxOX0V5dGVRa29iV2ZKZWpMb2E4V1FIUTB2OEphMEVvclp0Z0VJUjQzS3VLZmVBOXJFNW9QZG9YWEphdFR5clNUS3dvb05rLXJ5Y25lbThucDM2cFJ2cTZjb1dvQlFWeUJXRHN2M29sajd4SV9aOGVtZHhBVjhtbEtKSThxTW9rbG9aQTdBTVFrRVg4a0lha2EydVJ5azJYMGZvcEpzdEM0UGo?oc=5\" target=\"_blank\" rel=\"nofollow noopener\">La mujer del camarote 10, una entretenida pel\u00edcula de Netflix que recuerda a las de Agatha Christie<\/a>&nbsp;&nbsp;Cinco D\u00edas<\/li>\n<li><a href=\"https:\/\/news.google.com\/rss\/articles\/CBMi6gFBVV95cUxOd0lzdmhhUVlpc3hQM09WZXpRM05qckIyMHNwdXJTZ1hxZHVfRFdwZVUtSmNGellCSkdKeFhub2dMcVl4SWdEZTkzbXJyUXZndTVKZ29rcGt2RnoyOXR1eWhGbnoyUlUzNUdXaURBUjdVdDJVVkpwbXBiQ09zR3drV3lROFF3dHpmN3ZqeG5sbTZWb25YdDRneWprb0VuVFRVWWJYSGtVTS1hVWJDc05waV9zQm9ZLXRiX2dEVG1haXpEVVJEZjNrc2xKZ0U5bWltQ3daSnlrTnBhYzZqX2VzZmE4cTBBaVZvRnc?oc=5\" target=\"_blank\" rel=\"nofollow noopener\">Cr\u00edtica de \u201cLa mujer del camarote 10\u201d (\u201cThe Woman in Cabin 10\u201d), pel\u00edcula de Simon Stone con Keira Knightley y Guy Pearce (Netflix)<\/a>&nbsp;&nbsp;Otros Cines<\/li>\n<li><a href=\"https:\/\/news.google.com\/rss\/articles\/CBMinAFBVV95cUxNVVVTVFJjQVhJWk5UcTdXR2l2dk5xRjRDVTl1d0NYS3dxdmN6dnBnVmJNSXJCR0JrOS0wUlE3VW1UZkl2bkk2SnFHNnRreEVFOWVTYUM4S1lDLXMtVlpqWFM1WXJiRjM2ZldUeWpqQWZxWHQzeDF6dFhGYkxGOHJVQ2ZYRGZ6b1BuTkZSV203cmpVclVTSnlXOHdmRHo?oc=5\" target=\"_blank\" rel=\"nofollow noopener\">La novela negra que inspira la nueva pel\u00edcula de Keira Knightley en Netflix: \u00abRecuerda a los misterios cl\u00e1sicos de Agatha Christie\u00bb<\/a>&nbsp;&nbsp;Esquire<\/li>\n<\/ol>\n","protected":false},"excerpt":{"rendered":"Netflix estrena la \u00faltima pel\u00edcula de la protagonista de &#8216;Piratas del Caribe&#8217; y puede ser un \u00e9xito en&hellip;\n","protected":false},"author":2,"featured_media":169994,"comment_status":"","ping_status":"","sticky":false,"template":"","format":"standard","meta":{"footnotes":""},"categories":[169],"tags":[177,146,147,25,24,2065,176,175,23],"class_list":{"0":"post-169993","1":"post","2":"type-post","3":"status-publish","4":"format-standard","5":"has-post-thumbnail","7":"category-cine","8":"tag-cine","9":"tag-entertainment","10":"tag-entretenimiento","11":"tag-es","12":"tag-espana","13":"tag-faltan-tags","14":"tag-film","15":"tag-movies","16":"tag-spain"},"share_on_mastodon":{"url":"","error":""},"_links":{"self":[{"href":"https:\/\/www.europesays.com\/es\/wp-json\/wp\/v2\/posts\/169993","targetHints":{"allow":["GET"]}}],"collection":[{"href":"https:\/\/www.europesays.com\/es\/wp-json\/wp\/v2\/posts"}],"about":[{"href":"https:\/\/www.europesays.com\/es\/wp-json\/wp\/v2\/types\/post"}],"author":[{"embeddable":true,"href":"https:\/\/www.europesays.com\/es\/wp-json\/wp\/v2\/users\/2"}],"replies":[{"embeddable":true,"href":"https:\/\/www.europesays.com\/es\/wp-json\/wp\/v2\/comments?post=169993"}],"version-history":[{"count":0,"href":"https:\/\/www.europesays.com\/es\/wp-json\/wp\/v2\/posts\/169993\/revisions"}],"wp:featuredmedia":[{"embeddable":true,"href":"https:\/\/www.europesays.com\/es\/wp-json\/wp\/v2\/media\/169994"}],"wp:attachment":[{"href":"https:\/\/www.europesays.com\/es\/wp-json\/wp\/v2\/media?parent=169993"}],"wp:term":[{"taxonomy":"category","embeddable":true,"href":"https:\/\/www.europesays.com\/es\/wp-json\/wp\/v2\/categories?post=169993"},{"taxonomy":"post_tag","embeddable":true,"href":"https:\/\/www.europesays.com\/es\/wp-json\/wp\/v2\/tags?post=169993"}],"curies":[{"name":"wp","href":"https:\/\/api.w.org\/{rel}","templated":true}]}}