{"id":170007,"date":"2025-10-11T17:00:12","date_gmt":"2025-10-11T17:00:12","guid":{"rendered":"https:\/\/www.europesays.com\/es\/170007\/"},"modified":"2025-10-11T17:00:12","modified_gmt":"2025-10-11T17:00:12","slug":"recorrido-calles-cortadas-horario-aviones-y-donde-verlo-gratis-en-television-y-online","status":"publish","type":"post","link":"https:\/\/www.europesays.com\/es\/170007\/","title":{"rendered":"recorrido, calles cortadas, horario, aviones y d\u00f3nde verlo gratis en televisi\u00f3n y online"},"content":{"rendered":"<p style=\"\">Todo est\u00e1 ya listo para que el tradicional desfile por el D\u00eda de la Fiesta Nacional <strong>recorra este domingo el centro de Madrid.<\/strong> Un evento que contar\u00e1 con 3.847 integrantes de las Fuerzas Armadas y otras instituciones, adem\u00e1s podremos ver 45 aviones, 29  &#8230; helic\u00f3pteros y 123 veh\u00edculos, 39 motocicletas, 229 caballos y seis perros. <\/p>\n<p class=\"voc-p\" style=\"\">La jornada comenzar\u00e1 con la llegada de Don Felipe y Do\u00f1a Letizia a la tribuna real, aunque se espera que desde horas antes miles de ciudadanos llenen el kil\u00f3metro y medio de recorrido engalanado para la ocasi\u00f3n.<\/p>\n<p>\nA qu\u00e9 hora empieza el desfile del 12 de octubre\n<\/p>\n<p class=\"voc-p\" style=\"\">El <strong>desfile militar empezar\u00e1 a las 11 horas<\/strong>, una vez las autoridades se hayan desplazado hasta la tribuna real. La multitud que se agolpe podr\u00e1 disfrutar de la presencia de la Familia Real, junto a las autoridades del gobierno. La parada militar tendr\u00e1 lugar entre las 11 y las 14 horas del 12 de octubre de 2025. El desfile terrestre se celebrar\u00e1 aproximadamente entre las 12 y las 13:30 horas.<\/p>\n<p>\nSecuencia general\n<\/p>\n<p class=\"voc-p\" style=\"\">El desfile se abrir\u00e1 con la incorporaci\u00f3n del Batall\u00f3n de Honores de la Guardia Real frente a la tribuna de autoridades, seguido de la llegada del jefe del Estado Mayor de la Defensa, la ministra de Defensa y el presidente del Gobierno. A las 11 horas est\u00e1 prevista la llegada de los miembros de la Familia Real que recibir\u00e1n honores militares antes de pasar revista.<\/p>\n<p class=\"voc-p\" style=\"\">A continuaci\u00f3n podremos ver <strong>el salto paracaidista de la Patrulla Acrob\u00e1tica de Paracaidismo del Ej\u00e9rcito del Aire y del Espacio (Papea)<\/strong>. El encargado ser\u00e1 el sargento primero \u00d3scar Marsal Hern\u00e1ndez que portar\u00e1 la bandera, y <strong>Jos\u00e9 Carlos Gonz\u00e1lez Herrera ser\u00e1 el gu\u00eda del salto.<\/strong><\/p>\n<p class=\"voc-p\" style=\"\">Despu\u00e9s veremos el <strong>izado de la bandera y se rendir\u00e1 homenaje a los ca\u00eddos.<\/strong> Y veremos el vuelo de la formaci\u00f3n Mirlo, compuesta por cinco Pilatus PC-21 de la Academia General del Aire y del Espacio, coincidiendo con el final del toque de oraci\u00f3n en el acto de homenaje a los que dieron su vida por Espa\u00f1a. Tras el cual veremos el desfile a\u00e9reo y terrestre.<\/p>\n<p class=\"voc-p\" style=\"\">Este evento finalizar\u00e1 en el Palacio Real, donde Don Felipe y Do\u00f1a Letizia ofrecer\u00e1n la tradicional recepci\u00f3n.<\/p>\n<ul class=\"oc-d-c-list__list\">\n<li class=\"voc-d-c-list__item\">\n<p class=\"voc-d-c-list__paragraph\">11:00 h. Comienzo del Acto Central<\/p>\n<\/li>\n<li class=\"voc-d-c-list__item\">\n<p class=\"voc-d-c-list__paragraph\">Llegada de SS.MM. los Reyes<\/p>\n<\/li>\n<li class=\"voc-d-c-list__item\">\n<p class=\"voc-d-c-list__paragraph\">Honores Militares a SS.MM. Revista<\/p>\n<\/li>\n<li class=\"voc-d-c-list__item\">\n<p class=\"voc-d-c-list__paragraph\">Salto PAPEA<\/p>\n<\/li>\n<li class=\"voc-d-c-list__item\">\n<p class=\"voc-d-c-list__paragraph\">Izado de la Bandera Nacional<\/p>\n<\/li>\n<li class=\"voc-d-c-list__item\">\n<p class=\"voc-d-c-list__paragraph\">Homenaje a los que dieron su vida por Espa\u00f1a<\/p>\n<\/li>\n<li class=\"voc-d-c-list__item\">\n<p class=\"voc-d-c-list__paragraph\">Pasada de la Formaci\u00f3n Mirlo<\/p>\n<\/li>\n<li class=\"voc-d-c-list__item\">\n<p class=\"voc-d-c-list__paragraph\">Desfile a\u00e9reo y terrestre<\/p>\n<\/li>\n<li class=\"voc-d-c-list__item\">\n<p class=\"voc-d-c-list__paragraph\">Despedida de SS.MM. los Reyes<\/p>\n<\/li>\n<li class=\"voc-d-c-list__item\">\n<p class=\"voc-d-c-list__paragraph\">Arriado de la Bandera Nacional<\/p>\n<\/li>\n<\/ul>\n<p>\n\u00bfQu\u00e9 recorrido tendr\u00e1?\n<\/p>\n<p class=\"voc-p\" style=\"\">El desfile tendr\u00e1 lugar <strong>a lo largo del Paseo del Prado y Paseo de Recoletos.<\/strong> Se iniciar\u00e1 a la altura de la Glorieta del Emperador Carlos V y finalizar\u00e1 su recorrido en la Plaza de Col\u00f3n.<\/p>\n<p><img decoding=\"async\" loading=\"lazy\" src=\"https:\/\/www.europesays.com\/es\/wp-content\/uploads\/2025\/10\/desfil-U43312523213JDE-760x427@diario_abc.PNG\" class=\"voc-img\" width=\"760\" height=\"427\" alt=\"Recorrido del desfile\" data-voc-vtm-id=\"in-text-traffic\"\/><\/p>\n<p>Recorrido del desfile<\/p>\n<p>ministerio de defensa<\/p>\n<p>\nCalles cortadas\n<\/p>\n<p class=\"voc-p\" style=\"\"><strong>Las calles de Madrid<\/strong> que estar\u00e1n cerradas al tr\u00e1fico estar\u00e1n desde las 7:30 hasta las 14:00. Plaza del Emperador Carlos V, paseo del Prado, plaza de C\u00e1novas del Castillo, plaza de Cibeles, Recoletos, Col\u00f3n y la Lealtad. <\/p>\n<p class=\"voc-p\" style=\"\">Adem\u00e1s, <strong>entre las 7:00 y las 15:00<\/strong> tambi\u00e9n habr\u00e1 cortes de tr\u00e1fico en Santa Mar\u00eda de la Cabeza, Atocha, paseo de la Infanta Isabel, avenida de la Ciudad de Barcelona, Serrano, G\u00e9nova, Goya, Hermosilla y Ayala. Asimismo, algunas de las calles colindantes del paseo de la castellana podr\u00edan sufrir alguna alteraci\u00f3n en el tr\u00e1fico. <\/p>\n<p>\nDesfile a\u00e9reo\n<\/p>\n<p class=\"voc-p\" style=\"\">El desfile a\u00e9reo del a\u00f1o pasado se vio interrumpido por las lluvias, este a\u00f1o el pron\u00f3stico no espera esta coyuntura. Podremos ver <strong>45 aviones y 29 helic\u00f3pteros y el desfile lo abrir\u00e1n los cazas F-18 Hornet del Ala 12<\/strong>, seguidos por Eurofighter Typhoon de las alas 11 y 14. Tambi\u00e9n contar\u00e1 con <strong>Harrier AV-8B+ de la Flotilla de Aeronaves de la Armada y F-5M de <\/strong>ense\u00f1anza avanzada del Ala 23.<\/p>\n<p><img decoding=\"async\" loading=\"lazy\" src=\"https:\/\/www.europesays.com\/es\/wp-content\/uploads\/2025\/10\/des2-U44304101363Owj-760x427@diario_abc.PNG\" class=\"voc-img\" width=\"760\" height=\"427\" alt=\"Ensayo del desfile\" data-voc-vtm-id=\"in-text-traffic\"\/><\/p>\n<p>Ensayo del desfile<\/p>\n<p>ministerio de defensa<\/p>\n<p class=\"voc-p\" style=\"\">En transporte, intervienen los A400M del Ala 31 y un Airbus A310, los Falcon 900 y un Cessna Citation V. El 43 Grupo de Fuerzas A\u00e9reas tendr\u00e1 tres aviones Canadair CL-215T\/415 de lucha contra incendios, seguidos de aeronaves de vigilancia y rescate mar\u00edtimo CN-235 de la Guardia Civil y del Ej\u00e9rcito del Aire. Y veremos los aviones de transporte t\u00e1ctico C295 y CN-235 de Matac\u00e1n y del Ala 35.<\/p>\n<p class=\"voc-p\" style=\"\">Entre los helic\u00f3pteros estar\u00e1n los modelos NH-90, Chinook, Cougar o Seahawk, entre otros de la Guardia Civil, Salvamento Mar\u00edtimo, Vigilancia Aduanera o Polic\u00eda Nacional. El broche final lo pondr\u00e1 la formaci\u00f3n Mirlo de cinco Pilatus PC-21.<\/p>\n<p>\nDesfile terrestre\n<\/p>\n<p class=\"voc-p\" style=\"\">Como detalla Infodefensa, podremos ver un carro de combate Leopard 2E, veh\u00edculos de combate Centauro o radares de contrabater\u00eda Arthur, as\u00ed como varios camiones pesados. La Armada y el Ej\u00e9rcito del Aire exhibir\u00e1n versiones especializadas del Vamtac, algunos de ellos con morteros embarcados, sistemas de guerra electr\u00f3nica y veh\u00edculos log\u00edsticos. <\/p>\n<p class=\"voc-p\" style=\"\">La UME participar\u00e1 con medios de emergencias, drones terrestres, maquinaria pesada y unidades de apoyo a cat\u00e1strofes. \u00abDesfilar\u00e1n las columnas motorizadas de la Guardia Civil, la Polic\u00eda Nacional, Vigilancia Aduanera, Protecci\u00f3n Civil, Salvamento Mar\u00edtimo y la AECID, que cerrar\u00e1n la parte terrestre mostrando la cooperaci\u00f3n civil-militar en materia de seguridad y emergencias\u00bb, especifican.<\/p>\n<p class=\"voc-p\" style=\"\"><strong>El desfile a pie comenzar\u00e1 con la Guardia Real con su escuadra de Gastadores, la Unidad de M\u00fasica <\/strong>y las compa\u00f1\u00edas Monteros de Espinosa, Mar Oc\u00e9ano y Plus Ultra. Y se cerrar\u00e1 con la agrupaci\u00f3n montada, integrada por el Escuadr\u00f3n de Sables de la Guardia Civil, el Escuadr\u00f3n a Caballo del Cuerpo Nacional de Polic\u00eda y la Bater\u00eda Real de la Guardia Real.<\/p>\n<p>\nNovedad\n<\/p>\n<p class=\"voc-p\" style=\"\">Como especifica el Ministerio de Defensa y Europa Press, <strong>la Formaci\u00f3n Mirlo, compuesta por cinco aeronaves, ser\u00e1 la responsable de realizar el sobrevuelo en el acto central del D\u00eda de la Fiesta Nacional,<\/strong> empleando por primera vez los humos de color que simulan la bandera nacional, seg\u00fan ha informado el Ministerio de Defensa, que a\u00f1ade que, para tener \u00ablas mayores garant\u00edas de \u00e9xito\u00bb, se han elegido pilotos con mucha experiencia en este tipo de pasadas.<\/p>\n<p>\nD\u00f3nde ver el desfile del 12 de octubre online y en televisi\u00f3n\n<\/p>\n<p class=\"voc-p\" style=\"\">El Ministerio de Defensa ofrecer\u00e1 los actos a trav\u00e9s de su canal en YouTube y RTVE realizar\u00e1 una cobertura del evento a lo largo de la ma\u00f1ana. Adem\u00e1s, <strong>podr\u00e1s seguir el desarrollo de la jornada a trav\u00e9s de nuestro directo en ABC.es.<\/strong><\/p>\n","protected":false},"excerpt":{"rendered":"Todo est\u00e1 ya listo para que el tradicional desfile por el D\u00eda de la Fiesta Nacional recorra este&hellip;\n","protected":false},"author":2,"featured_media":170008,"comment_status":"","ping_status":"","sticky":false,"template":"","format":"standard","meta":{"footnotes":""},"categories":[8],"tags":[4483,17,18,1346,9781,11052,43412,978,25,24,13,14,2328,126,4070,11,319,19,20,6363,813,9,10,15,16,133,1786,23,807,12,21,22,35460],"class_list":{"0":"post-170007","1":"post","2":"type-post","3":"status-publish","4":"format-standard","5":"has-post-thumbnail","7":"category-espana","8":"tag-aviones","9":"tag-breaking-news","10":"tag-breakingnews","11":"tag-calles","12":"tag-completa","13":"tag-cortadas","14":"tag-desfile","15":"tag-dia","16":"tag-es","17":"tag-espana","18":"tag-featured-news","19":"tag-featurednews","20":"tag-fiesta","21":"tag-gratis","22":"tag-guia","23":"tag-headlines","24":"tag-horario","25":"tag-latest-news","26":"tag-latestnews","27":"tag-militar","28":"tag-nacional","29":"tag-news","30":"tag-noticias","31":"tag-noticias-destacadas","32":"tag-noticiasdestacadas","33":"tag-online","34":"tag-recorrido","35":"tag-spain","36":"tag-television","37":"tag-titulares","38":"tag-ultimas-noticias","39":"tag-ultimasnoticias","40":"tag-verlo"},"share_on_mastodon":{"url":"","error":""},"_links":{"self":[{"href":"https:\/\/www.europesays.com\/es\/wp-json\/wp\/v2\/posts\/170007","targetHints":{"allow":["GET"]}}],"collection":[{"href":"https:\/\/www.europesays.com\/es\/wp-json\/wp\/v2\/posts"}],"about":[{"href":"https:\/\/www.europesays.com\/es\/wp-json\/wp\/v2\/types\/post"}],"author":[{"embeddable":true,"href":"https:\/\/www.europesays.com\/es\/wp-json\/wp\/v2\/users\/2"}],"replies":[{"embeddable":true,"href":"https:\/\/www.europesays.com\/es\/wp-json\/wp\/v2\/comments?post=170007"}],"version-history":[{"count":0,"href":"https:\/\/www.europesays.com\/es\/wp-json\/wp\/v2\/posts\/170007\/revisions"}],"wp:featuredmedia":[{"embeddable":true,"href":"https:\/\/www.europesays.com\/es\/wp-json\/wp\/v2\/media\/170008"}],"wp:attachment":[{"href":"https:\/\/www.europesays.com\/es\/wp-json\/wp\/v2\/media?parent=170007"}],"wp:term":[{"taxonomy":"category","embeddable":true,"href":"https:\/\/www.europesays.com\/es\/wp-json\/wp\/v2\/categories?post=170007"},{"taxonomy":"post_tag","embeddable":true,"href":"https:\/\/www.europesays.com\/es\/wp-json\/wp\/v2\/tags?post=170007"}],"curies":[{"name":"wp","href":"https:\/\/api.w.org\/{rel}","templated":true}]}}