{"id":170011,"date":"2025-10-11T17:03:12","date_gmt":"2025-10-11T17:03:12","guid":{"rendered":"https:\/\/www.europesays.com\/es\/170011\/"},"modified":"2025-10-11T17:03:12","modified_gmt":"2025-10-11T17:03:12","slug":"lleno-en-zaragoza-para-ver-a-talavante-luque-y-tristan-barroso","status":"publish","type":"post","link":"https:\/\/www.europesays.com\/es\/170011\/","title":{"rendered":"Lleno en Zaragoza para ver a Talavante, Luque y Trist\u00e1n Barroso"},"content":{"rendered":"<p>Serio, bien armado y de buenas hechuras fue el primero de<strong> Juan Pedro Domecq,<\/strong> un toro noble al que le falt\u00f3 empuje aunque tuvo buen son por momentos sobre el pit\u00f3n derecho, lo que aprovech\u00f3 <strong>Alejandro Talavante<\/strong> logrando algunas series de buena factura y ligaz\u00f3n. No lo vio nada claro con los aceros y fue silenciado tras aviso.<\/p>\n<p><strong>Zaragoza<\/strong>. S\u00e1bado 11 de octubre de 2025. Toros de<strong> Juan Pedro Domecq<\/strong>, . <strong>Alejandro Talavante<\/strong>, silencio tras aviso; <strong>Daniel Luque<\/strong>, que sustitu\u00eda a Roca Rey, ; y<strong> Trist\u00e1n Barroso<\/strong>, . <strong>Entrada<\/strong>: Lleno.<\/p>\n","protected":false},"excerpt":{"rendered":"Serio, bien armado y de buenas hechuras fue el primero de Juan Pedro Domecq, un toro noble al&hellip;\n","protected":false},"author":2,"featured_media":170012,"comment_status":"","ping_status":"","sticky":false,"template":"","format":"standard","meta":{"footnotes":""},"categories":[277],"tags":[373,168,25,24,12998,1226,1227,23,167,6142,625,374,49461,491],"class_list":{"0":"post-170011","1":"post","2":"type-post","3":"status-publish","4":"format-standard","5":"has-post-thumbnail","7":"category-toreo","8":"tag-bullfighting","9":"tag-deportes","10":"tag-es","11":"tag-espana","12":"tag-luque","13":"tag-noticias-de-toros","14":"tag-noticias-taurinas","15":"tag-spain","16":"tag-sports","17":"tag-talavante","18":"tag-tauromaquia","19":"tag-toreo","20":"tag-tristan-barroso","21":"tag-zaragoza"},"share_on_mastodon":{"url":"","error":""},"_links":{"self":[{"href":"https:\/\/www.europesays.com\/es\/wp-json\/wp\/v2\/posts\/170011","targetHints":{"allow":["GET"]}}],"collection":[{"href":"https:\/\/www.europesays.com\/es\/wp-json\/wp\/v2\/posts"}],"about":[{"href":"https:\/\/www.europesays.com\/es\/wp-json\/wp\/v2\/types\/post"}],"author":[{"embeddable":true,"href":"https:\/\/www.europesays.com\/es\/wp-json\/wp\/v2\/users\/2"}],"replies":[{"embeddable":true,"href":"https:\/\/www.europesays.com\/es\/wp-json\/wp\/v2\/comments?post=170011"}],"version-history":[{"count":0,"href":"https:\/\/www.europesays.com\/es\/wp-json\/wp\/v2\/posts\/170011\/revisions"}],"wp:featuredmedia":[{"embeddable":true,"href":"https:\/\/www.europesays.com\/es\/wp-json\/wp\/v2\/media\/170012"}],"wp:attachment":[{"href":"https:\/\/www.europesays.com\/es\/wp-json\/wp\/v2\/media?parent=170011"}],"wp:term":[{"taxonomy":"category","embeddable":true,"href":"https:\/\/www.europesays.com\/es\/wp-json\/wp\/v2\/categories?post=170011"},{"taxonomy":"post_tag","embeddable":true,"href":"https:\/\/www.europesays.com\/es\/wp-json\/wp\/v2\/tags?post=170011"}],"curies":[{"name":"wp","href":"https:\/\/api.w.org\/{rel}","templated":true}]}}