{"id":170013,"date":"2025-10-11T17:04:08","date_gmt":"2025-10-11T17:04:08","guid":{"rendered":"https:\/\/www.europesays.com\/es\/170013\/"},"modified":"2025-10-11T17:04:08","modified_gmt":"2025-10-11T17:04:08","slug":"horario-y-donde-ver-por-tv-y-online-el-combate-del-ufc-rio","status":"publish","type":"post","link":"https:\/\/www.europesays.com\/es\/170013\/","title":{"rendered":"horario y d\u00f3nde ver por TV y online el combate del UFC R\u00edo"},"content":{"rendered":"\n<ul class=\"bodyList bodyList--unordered\">\n<li class=\"bodyList__item\"><a href=\"https:\/\/www.elconfidencial.com\/deportes\/futbol\/2025-10-10\/espana-georgia-ilia-topuria-rafael-louzan-rfef_4226070\/\" target=\"_self\" rel=\"nofollow noopener\">Ilia Topuria visita a los jugadores de la Selecci\u00f3n antes del partido entre Espa\u00f1a y Georgia<\/a><\/li>\n<li class=\"bodyList__item\"><a href=\"https:\/\/www.elconfidencial.com\/deportes\/boxeo-y-artes-marciales\/2025-10-07\/franco-tenaglia-peleas-ilegales-intento-matar-rival_4223952\/\" target=\"_self\" rel=\"nofollow noopener\">Franco Tenaglia, luchador de Bare Knuckle, sobre sus peleas ilegales: \u00abIntento matar a mi rival, entro en un estado de frenes\u00ed\u00bb<\/a><\/li>\n<\/ul>\n<p> <strong><a href=\"https:\/\/www.elconfidencial.com\/deportes\/boxeo-y-artes-marciales\/2025-09-18\/hecher-sosa-ufc-dana-white-espanol-luchador_4210772\/\" target=\"_self\" rel=\"nofollow noopener\">Espa\u00f1a <\/a>contar\u00e1 con la representaci\u00f3n de un luchador en el UFC R\u00edo<\/strong> que se disputa en la noche del s\u00e1bado 11 de octubre. El combate estelar ser\u00e1<a href=\"https:\/\/www.elconfidencial.com\/deportes\/boxeo-y-artes-marciales\/2025-07-09\/charles-oliveira-derrota-topuria-cambiaria-todo-lo-que-hice-pelea-ilia-golpeo-mas-fuerta_4169561\/\" target=\"_self\" rel=\"nofollow noopener\"> Charles Oliveira<\/a> contra Materusz Gamrot pero la tercera pelea por importancia la protagonizar\u00e1 <strong>Joel \u00c1lvarez<\/strong>, el asturiano se enfrentar\u00e1 a Vicente Luque. <\/p>\n<p> &#8216;El Fen\u00f3meno&#8217; debutar\u00e1 en la categor\u00eda de peso w\u00e9lter de la UFC. Con un balance de <strong>22-3<\/strong> (22 finalizaciones en sus 22 victorias), el espa\u00f1ol decidi\u00f3 cambiar a una divisi\u00f3n que se adaptase mejor a sus condiciones, ya que con sus 1,91 metros de altura, se le complicaba dar el peso en la b\u00e1scula. <\/p>\n<p>              <img decoding=\"async\" class=\"inTextNews__img\" alt=\"Foto: mensaje-topuria-proximo-combate-rey-esta-volviendo-nadie-esta-a-salvo\" src=\"https:\/\/www.europesays.com\/es\/wp-content\/uploads\/2025\/10\/f.elconfidencial.com\/original\/915\/867\/35a\/91586735adabdbb12f67e18f051fe66f.jpg\"  \/>     <\/p>\n<p>TE PUEDE INTERESAR<\/p>\n<p>      <a class=\"inTextNews__title\" href=\"https:\/\/www.elconfidencial.com\/deportes\/boxeo-y-artes-marciales\/2025-10-07\/mensaje-topuria-proximo-combate-rey-esta-volviendo-nadie-esta-a-salvo_4223831\/\" onclick=\"window.ECCO.emit(&#039;amplitude&#039;, { dataEventName: &#039;click_related_article_module&#039;, data: { related_article_url: &#039;https:\/\/www.elconfidencial.com\/deportes\/boxeo-y-artes-marciales\/2025-10-07\/mensaje-topuria-proximo-combate-rey-esta-volviendo-nadie-esta-a-salvo_4223831\/&#039;, related_article_author: &#039;\u00c1lvaro El\u00edas&#039;, related_article_section: &#039;boxeo-y-artes-marciales&#039; } })\" rel=\"nofollow noopener\" target=\"_blank\"> El cr\u00edptico mensaje de Topuria que dispara los rumores de su pr\u00f3xima pelea: \u00abYa vuelve el rey\u00bb <\/a>   <\/p>\n<p>    El Confidencial   <\/p>\n<p> El gijon\u00e9s aterriz\u00f3 en la UFC en 2019, siempre peleando en peso ligero, categor\u00eda d\u00f3nde actualmente reina <strong><a href=\"https:\/\/www.elconfidencial.com\/deportes\/boxeo-y-artes-marciales\/2025-10-07\/mensaje-topuria-proximo-combate-rey-esta-volviendo-nadie-esta-a-salvo_4223831\/\" target=\"_self\" rel=\"nofollow noopener\">Topuria<\/a><\/strong>. En dicha categor\u00eda lleg\u00f3 a entrar en el Top-15. En las nueve peleas que ha disputado, <strong>dos de ellas tuvieron que ser en peso pactado<\/strong>, ya que no super\u00f3 el pesaje de las 155 libras. <\/p>\n<p> A sus<strong> 32 a\u00f1os, \u00c1lvarez espera ascender <\/strong>dentro de peso w\u00e9lter y en su primer combate se medir\u00e1 a <strong>Vicente Luque <\/strong>(23-10-1), de 34 a\u00f1os y gran experiencia en la divisi\u00f3n, siendo Top-5. <\/p>\n<p>            Cartelera del UFC R\u00edo         <\/p>\n<ul class=\"bodyList bodyList--unordered\">\n<li class=\"bodyList__item\">Charles Oliveira vs Mateusz Gamrot | Peso ligero<\/li>\n<li class=\"bodyList__item\">Deiveson Figueiredo vs Montel Jackson | Peso gallo<\/li>\n<li class=\"bodyList__item\">Vicente Luque vs Joel \u00c1lvarez | Peso w\u00e9lter<\/li>\n<li class=\"bodyList__item\">Jhonata Diniz vs Mario Pinto | Peso pesado<\/li>\n<li class=\"bodyList__item\">Ricardo Ramos vs Kaan Ofli | Peso pluma<\/li>\n<li class=\"bodyList__item\">Lucas Almeida vs Michael Aswell | Peso pluma<\/li>\n<\/ul>\n<p>          Horario y d\u00f3nde ver la pelea entre Joel \u00c1lvarez vs Vicente Luque           <\/p>\n<p> La<strong> velada UFC R\u00edo<\/strong> se celebrar\u00e1 en la<strong> madrugada del s\u00e1bado 11 al domingo 12 de octubre,<\/strong> se podr\u00e1 ver en directo online en streaming, desde las 23:00 horas, en el canal 2 de Eurosport y a trav\u00e9s de la plataforma de HBO Max. <\/p>\n","protected":false},"excerpt":{"rendered":"Ilia Topuria visita a los jugadores de la Selecci\u00f3n antes del partido entre Espa\u00f1a y Georgia Franco Tenaglia,&hellip;\n","protected":false},"author":2,"featured_media":170014,"comment_status":"","ping_status":"","sticky":false,"template":"","format":"standard","meta":{"footnotes":""},"categories":[276],"tags":[168,25,24,23,167,343],"class_list":{"0":"post-170013","1":"post","2":"type-post","3":"status-publish","4":"format-standard","5":"has-post-thumbnail","7":"category-ufc","8":"tag-deportes","9":"tag-es","10":"tag-espana","11":"tag-spain","12":"tag-sports","13":"tag-ufc"},"share_on_mastodon":{"url":"","error":""},"_links":{"self":[{"href":"https:\/\/www.europesays.com\/es\/wp-json\/wp\/v2\/posts\/170013","targetHints":{"allow":["GET"]}}],"collection":[{"href":"https:\/\/www.europesays.com\/es\/wp-json\/wp\/v2\/posts"}],"about":[{"href":"https:\/\/www.europesays.com\/es\/wp-json\/wp\/v2\/types\/post"}],"author":[{"embeddable":true,"href":"https:\/\/www.europesays.com\/es\/wp-json\/wp\/v2\/users\/2"}],"replies":[{"embeddable":true,"href":"https:\/\/www.europesays.com\/es\/wp-json\/wp\/v2\/comments?post=170013"}],"version-history":[{"count":0,"href":"https:\/\/www.europesays.com\/es\/wp-json\/wp\/v2\/posts\/170013\/revisions"}],"wp:featuredmedia":[{"embeddable":true,"href":"https:\/\/www.europesays.com\/es\/wp-json\/wp\/v2\/media\/170014"}],"wp:attachment":[{"href":"https:\/\/www.europesays.com\/es\/wp-json\/wp\/v2\/media?parent=170013"}],"wp:term":[{"taxonomy":"category","embeddable":true,"href":"https:\/\/www.europesays.com\/es\/wp-json\/wp\/v2\/categories?post=170013"},{"taxonomy":"post_tag","embeddable":true,"href":"https:\/\/www.europesays.com\/es\/wp-json\/wp\/v2\/tags?post=170013"}],"curies":[{"name":"wp","href":"https:\/\/api.w.org\/{rel}","templated":true}]}}