{"id":170026,"date":"2025-10-11T17:13:16","date_gmt":"2025-10-11T17:13:16","guid":{"rendered":"https:\/\/www.europesays.com\/es\/170026\/"},"modified":"2025-10-11T17:13:16","modified_gmt":"2025-10-11T17:13:16","slug":"juanjo-lafuente-trevino-publica-su-primer-libro-en-la-penumbra-encontre-el-amor","status":"publish","type":"post","link":"https:\/\/www.europesays.com\/es\/170026\/","title":{"rendered":"Juanjo Lafuente Trevi\u00f1o publica su primer libro, \u2018En la penumbra encontr\u00e9 el amor\u2019"},"content":{"rendered":"<p>\n        <strong>\u201cMi \u00e1nimo de escribir me viene desde los 16 a\u00f1os, pero no ten\u00eda mucho tiempo. Empec\u00e9 a trabajar a los 14 y claro&#8230;\u201d recuerda Juanjo Lafuente Trevi\u00f1o<\/strong>. Con todo, y m\u00e1s all\u00e1 de desarrollar otras facetas culturales como la musical siendo miembro de la Coral Manuel Iradier durante varios decenios, ese \u00edmpetu de crear sobre el papel no ha cesado. De hecho, son tres los libros que tiene entre las manos. \u201cUno no lo publicar\u00e9, es de car\u00e1cter muy \u00edntimo\u201d, dice. Pero el primero que s\u00ed se va a encontrar con el p\u00fablico es En la penumbra encontr\u00e9 el amor. Es m\u00e1s, la novela ya est\u00e1 disponible en varios puntos de la <a href=\"https:\/\/www.noticiasdealava.eus\/cultura\/\" title=\"capital alavesa\" class=\"link copy\" rel=\"nofollow noopener\" target=\"_blank\">capital alavesa<\/a>.\n<\/p>\n<p>            <a href=\"https:\/\/www.noticiasdealava.eus\/cultura\/2025\/10\/08\/samuel-vernal-publica-quinta-novela-verdugo-agua-saga-crimenes-literatura-vitoria-gasteiz-alava-araba-10185348.html\" title=\"Samuel Vernal publica su quinta novela, \u2018El verdugo del agua\u2019\" class=\"new__media\" rel=\"nofollow noopener\" target=\"_blank\"><\/p>\n<p>                <img alt=\"Samuel Vernal publica su quinta novela, \u2018El verdugo del agua\u2019\" data-src=\"https:\/\/www.europesays.com\/es\/wp-content\/uploads\/2025\/10\/073ec074-8188-4896-bdb2-8e69e80d212d_16-9-aspect-ratio_default_0_x1127y368.jpg\" class=\"lozad\"\/><\/p>\n<p>        <\/a><\/p>\n<p>        <a href=\"https:\/\/www.noticiasdealava.eus\/cultura\/2025\/10\/08\/samuel-vernal-publica-quinta-novela-verdugo-agua-saga-crimenes-literatura-vitoria-gasteiz-alava-araba-10185348.html\" title=\"Samuel Vernal publica su quinta novela, \u2018El verdugo del agua\u2019\" class=\"new__headline\" rel=\"nofollow noopener\" target=\"_blank\"><br \/>\n            Samuel Vernal publica su quinta novela, \u2018El verdugo del agua\u2019<br \/>\n        <\/a><\/p>\n<p class=\"article-body__text \">\n        Adem\u00e1s, el pr\u00f3ximo mi\u00e9rcoles 15, la librer\u00eda <a href=\"https:\/\/zuloa.com\/?fbclid=PAZXh0bgNhZW0CMTEAAaf2W8H8abYmRi0X-aygeQuthTzunbj6mbfw2TXVVH5l8ArTIuGlH0lHWcrLuA_aem_kL7ZNXPqXaxP6UXO7MMPSA\" title=\"Zuloa\" rel=\"nofollow noopener\" target=\"_blank\" class=\"link copy\">Zuloa<\/a> ser\u00e1 el escenario de la presentaci\u00f3n oficial de esta obra. <strong>El encuentro con quienes quieran asistir se producir\u00e1 a partir de las 19.00 horas, siendo el acceso gratuito<\/strong>. En el acto tomar\u00e1 parte, adem\u00e1s del propio autor, Ignacio Marquinez.\u00a0Junto a ellos llegar\u00e1 el momento de adentrarse un poco m\u00e1s en esta historia, que pivota en torno a la relaci\u00f3n de dos primos.\n<\/p>\n<p>            <a href=\"https:\/\/www.noticiasdealava.eus\/cultura\/2025\/10\/06\/atpuritananosoy-publica-poemario-amor-cicatrices-casa-cultura-ignacio-aldecoa-presentacion-vitoria-gasteiz-alava-araba-10168691.html\" title=\"@puritananosoy publica el poemario \u2018Entre amor y cicatrices\u2019\" class=\"new__media\" rel=\"nofollow noopener\" target=\"_blank\"><\/p>\n<p>                <img alt=\"@puritananosoy publica el poemario \u2018Entre amor y cicatrices\u2019\" data-src=\"https:\/\/www.europesays.com\/es\/wp-content\/uploads\/2025\/10\/3cc94c79-895f-45fb-9724-9b12333f414d_16-9-aspect-ratio_default_0_x1266y353.jpg\" class=\"lozad\"\/><\/p>\n<p>        <\/a><\/p>\n<p>        <a href=\"https:\/\/www.noticiasdealava.eus\/cultura\/2025\/10\/06\/atpuritananosoy-publica-poemario-amor-cicatrices-casa-cultura-ignacio-aldecoa-presentacion-vitoria-gasteiz-alava-araba-10168691.html\" title=\"@puritananosoy publica el poemario \u2018Entre amor y cicatrices\u2019\" class=\"new__headline\" rel=\"nofollow noopener\" target=\"_blank\"><br \/>\n            @puritananosoy publica el poemario \u2018Entre amor y cicatrices\u2019<br \/>\n        <\/a><\/p>\n<p class=\"article-body__text \">\n        \u201c<strong>De la gente solo espero que le guste el libro y que cada persona saque sus conclusiones. Nada m\u00e1s<\/strong>. Y que lo terminen con la sensaci\u00f3n de que el libro est\u00e1 bien. No vengo a dar clases de moral ni nada por el estilo. Lo que deseo, como escritor que empieza, es que lo que hago, pueda llegar a gustar\u201d, apunta el creador, que realiza esta publicaci\u00f3n a los 77 a\u00f1os. \u201cSigo escribiendo, por supuesto. Me gusta, adem\u00e1s, escribir historias que dejen a la gente pendiente de ver qu\u00e9 pasa, que no se lo espere. Eso sucede tambi\u00e9n en En la penumbra encontr\u00e9 el amor\u201d.\n<\/p>\n<p>            <a href=\"https:\/\/www.noticiasdealava.eus\/cultura\/2025\/10\/08\/narracion-oral-vuelve-protagonista-gasteiz-10189369.html\" title=\"La narraci\u00f3n oral vuelve a ser protagonista en Gasteiz hasta junio\" class=\"new__media\" rel=\"nofollow noopener\" target=\"_blank\"><\/p>\n<p>                <img alt=\"La narraci\u00f3n oral vuelve a ser protagonista en Gasteiz hasta junio\" data-src=\"https:\/\/www.europesays.com\/es\/wp-content\/uploads\/2025\/10\/ac6d7233-5f90-4b35-8d61-dce390a76c32_16-9-aspect-ratio_default_0_x1431y302.jpg\" class=\"lozad\"\/><\/p>\n<p>        <\/a><\/p>\n<p>        <a href=\"https:\/\/www.noticiasdealava.eus\/cultura\/2025\/10\/08\/narracion-oral-vuelve-protagonista-gasteiz-10189369.html\" title=\"La narraci\u00f3n oral vuelve a ser protagonista en Gasteiz hasta junio\" class=\"new__headline\" rel=\"nofollow noopener\" target=\"_blank\"><br \/>\n            La narraci\u00f3n oral vuelve a ser protagonista en Gasteiz hasta junio<br \/>\n        <\/a><\/p>\n<p>  La familia de los Iturri<\/p>\n<p class=\"article-body__text \">\n        <strong>Es Juan el protagonista de esta historia<\/strong> que empieza en el seno de una familia, la de los Iturri, en la que un primo suyo va a marcar de manera importante el futuro de quien ocupa el papel principal entre estas p\u00e1ginas. De hecho, este joven de brillante futuro pierde la vista en determinadas circunstancias. Hay cosas que los lectores y las lectoras tendr\u00e1n que descubrir.\n<\/p>\n<p class=\"article-photo__footer\">\n            Portada de &#8216;En la penumbra encontr\u00e9 el amor\u2019            Cedida        <\/p>\n<p class=\"article-body__text \">\n        Es en esa situaci\u00f3n cuando Juan encuentra la amistad en Mar\u00eda, una chica jovial y entusiasta, que, con la lectura de libros y sus charlas, convence a Juan para representar junto a su grupo de amigos una obra de teatro. El t\u00edtulo elegido para ser representado no es casual. Se trata de Los \u00e1rboles mueren de pie, de Alejandro Casona.<strong> Que este libro se edite es, en buena parte, culpa de la versi\u00f3n que de esta obra vio Lafuente Trevi\u00f1o en Vitoria un 5 de agosto de 1962<\/strong>.\n<\/p>\n<p>        El autor, a sus 77 a\u00f1os, hace su debut ante el p\u00fablico, aunque tiene otros t\u00edtulos escritos y sigue creando nuevas historias<\/p>\n<p class=\"article-body__text \">\n        Es parte de lo que se relata en un libro que, seg\u00fan reza la sinopsis del mismo, presenta la \u201chistoria de una periodista que observa las costumbres de los habitantes de su entorno y la curiosidad que despierta en un muchacho que est\u00e1 empe\u00f1ado en encontrar una amistad que dio por perdida tiempo atr\u00e1s\u201d. <strong>A partir de ah\u00ed, es el momento de quien decida perderse entre estas p\u00e1ginas y compartir la creaci\u00f3n de un escritor que debuta de cara al p\u00fablico con <\/strong><strong>En la penumbra encontr\u00e9 el amor<\/strong><strong>.<\/strong> Para conocer m\u00e1s detalles, adem\u00e1s, se producir\u00e1 la cita en Zuloa dentro de unos d\u00edas.<\/p>\n","protected":false},"excerpt":{"rendered":"\u201cMi \u00e1nimo de escribir me viene desde los 16 a\u00f1os, pero no ten\u00eda mucho tiempo. Empec\u00e9 a trabajar&hellip;\n","protected":false},"author":2,"featured_media":170027,"comment_status":"","ping_status":"","sticky":false,"template":"","format":"standard","meta":{"footnotes":""},"categories":[172],"tags":[3935,1733,3936,224,39138,146,147,25,24,3934,13443,25391,1496,225,49463,977,4500,23,49462,2177],"class_list":{"0":"post-170026","1":"post","2":"type-post","3":"status-publish","4":"format-standard","5":"has-post-thumbnail","7":"category-libros","8":"tag-alava","9":"tag-amor","10":"tag-araba","11":"tag-books","12":"tag-encontre","13":"tag-entertainment","14":"tag-entretenimiento","15":"tag-es","16":"tag-espana","17":"tag-gasteiz","18":"tag-juanjo","19":"tag-lafuente","20":"tag-libro","21":"tag-libros","22":"tag-penumbra","23":"tag-primer","24":"tag-publica","25":"tag-spain","26":"tag-trevino","27":"tag-vitoria"},"share_on_mastodon":{"url":"","error":""},"_links":{"self":[{"href":"https:\/\/www.europesays.com\/es\/wp-json\/wp\/v2\/posts\/170026","targetHints":{"allow":["GET"]}}],"collection":[{"href":"https:\/\/www.europesays.com\/es\/wp-json\/wp\/v2\/posts"}],"about":[{"href":"https:\/\/www.europesays.com\/es\/wp-json\/wp\/v2\/types\/post"}],"author":[{"embeddable":true,"href":"https:\/\/www.europesays.com\/es\/wp-json\/wp\/v2\/users\/2"}],"replies":[{"embeddable":true,"href":"https:\/\/www.europesays.com\/es\/wp-json\/wp\/v2\/comments?post=170026"}],"version-history":[{"count":0,"href":"https:\/\/www.europesays.com\/es\/wp-json\/wp\/v2\/posts\/170026\/revisions"}],"wp:featuredmedia":[{"embeddable":true,"href":"https:\/\/www.europesays.com\/es\/wp-json\/wp\/v2\/media\/170027"}],"wp:attachment":[{"href":"https:\/\/www.europesays.com\/es\/wp-json\/wp\/v2\/media?parent=170026"}],"wp:term":[{"taxonomy":"category","embeddable":true,"href":"https:\/\/www.europesays.com\/es\/wp-json\/wp\/v2\/categories?post=170026"},{"taxonomy":"post_tag","embeddable":true,"href":"https:\/\/www.europesays.com\/es\/wp-json\/wp\/v2\/tags?post=170026"}],"curies":[{"name":"wp","href":"https:\/\/api.w.org\/{rel}","templated":true}]}}