{"id":170050,"date":"2025-10-11T17:28:09","date_gmt":"2025-10-11T17:28:09","guid":{"rendered":"https:\/\/www.europesays.com\/es\/170050\/"},"modified":"2025-10-11T17:28:09","modified_gmt":"2025-10-11T17:28:09","slug":"marco-penge-muestra-nivel-ryder-cup-en-el-open-de-espana","status":"publish","type":"post","link":"https:\/\/www.europesays.com\/es\/170050\/","title":{"rendered":"Marco Penge muestra nivel Ryder Cup en el Open de Espa\u00f1a"},"content":{"rendered":"<p data-mrf-recirculation=\"Links P\u00e1rrafos\" class=\"ue-c-article__paragraph paragraph ue-c-article--first-letter-highlighted\">M<strong>arco Penge, golfista de afamado driver, el mejor con ese palo<\/strong> del DP World Tour esta temporada, superior a McIlroy y Rahm, camina directo alla coronaci\u00f3n en el Open de Espa\u00f1a, el que ser\u00eda el tercer t\u00edtulo del a\u00f1o en el DP World Tour, un hecho muy remarcable. Tiene 27 a\u00f1os, una edad en la que muchos jugadores tienen grandes a pares en las vitrinas. \u00c9l, en cambio, es un golfista a\u00fan con expectativas, que super\u00f3 hace tres a\u00f1os una lesi\u00f3n de rodilla, heredada del f\u00fatbol, que le alej\u00f3 del golf y una suspensi\u00f3n de tres meses por apostar a torneos, algo que est\u00e1 prohibido, aunque no estaba en concurso. <a href=\"https:\/\/www.marca.com\/golf\/dp-world-tour\/2025\/10\/11\/\" rel=\"nofollow noopener\" target=\"_blank\">(Resultados)<\/a><\/p>\n<p data-mrf-recirculation=\"Links P\u00e1rrafos\" class=\"ue-c-article__paragraph paragraph\"><strong>Penge, de una planta soberbia, portada de revista, aire de modelo milan\u00e9s, fue la estrella de un sabado<\/strong> de retroceso para el golf espa\u00f1ol, de dos hoyos en uno -para Parry fue el BMW del 17; para Bradbury, la ovaci\u00f3n del 9- entre un gent\u00edo al que el golf en nuestro pa\u00eds no acostumbra. El ingl\u00e9s, hincha del Arsenal, entreg\u00f3 dos horas y media de fantas\u00eda, con ocho birdies en 10 hoyos, del 7 al 16, para firmar un 64 imbatible.\u00a0<\/p>\n<p data-mrf-recirculation=\"Links P\u00e1rrafos\" class=\"ue-c-article__paragraph paragraph\"><strong>Cuentan que el d\u00eda que Penge, nacido un San Isidro -\u00bfc\u00f3mo no brillar en Madrid?-, cogi\u00f3 por primera vez un palo con 5 a\u00f1os, <\/strong>un driver, la plant\u00f3 en medio del campo de pr\u00e1cticas del\u00a0Cottesmore Golf Club. Es un hecho formidable, casi de leyenda urbana, pero que adorna una carrera que ahora apunta al estrellato. Inglaterra no ha encontrado desde hace a\u00f1os un ant\u00eddoto a Irlanda, que cuenta con McIlroy, aunque sea del Norte, y Lowry. Tras la generaci\u00f3n de Westwood, Poulter y el capit\u00e1n Donald, no han dado con un jugador de tanto talento como \u00e9l. Quiz\u00e1s se le aproxima Tyrrell Hatton.<\/p>\n<p data-mrf-recirculation=\"Links P\u00e1rrafos\" class=\"ue-c-article__paragraph paragraph\"><strong>De hecho, fue una de las opciones que baraj\u00f3 Donald para Bethpage hace tres semanas. <\/strong>Se decant\u00f3, frente a la cr\u00edtica que siempre pide caras nuevas, por Matt Fitzpatrick. Y fue un acierto. A Penge le faltaron las fuerzas en los dos torneos finales previos a la decisi\u00f3n.\u00a0<\/p>\n<p data-mrf-recirculation=\"Links P\u00e1rrafos\" class=\"ue-c-article__paragraph paragraph\"><strong>No obstante,\u00a0 si remata el domingo en el Real Club de Campo, salpicado en la ronda del movimiento <\/strong>de banderas en los rincones en muchos hoyos, ascender\u00e1 al segundo puesto de la Race to Dubai, dispuesto a discutir la supremac\u00eda del curso con el mismo McIlroy.<\/p>\n<p>Ayora y Puig, und\u00e9cimos<\/p>\n<p data-mrf-recirculation=\"Links P\u00e1rrafos\" class=\"ue-c-article__paragraph paragraph\"><strong>Penge goza de cuatro golpes de ventaja sobre el suizo Girrbach, golfista de un pa\u00eds que hace 30 a\u00f1os<\/strong> se estren\u00f3 en el European Tour y no ha vuelto a aparecer en los palmar\u00e9s. Y ocho con los dos primeros espa\u00f1oles, \u00c1ngel Ayora y David Puig, de 21 y 23 a\u00f1os.<\/p>\n<p data-mrf-recirculation=\"Links P\u00e1rrafos\" class=\"ue-c-article__paragraph paragraph\"><strong>El golf espa\u00f1ol parece el Liverpool como dec\u00eda John Toshack, gran aficionado a este juego<\/strong>, que repara el techo antes que aparezcan las goteras. Mientras vive <strong><a href=\"https:\/\/www.marca.com\/golf\/dp-world-tour\/2025\/10\/11\/jon-rahm-vuelve-open-espana.html\" target=\"_blank\" rel=\"nofollow noopener\">en plena era Rahm, aunque en la tercera jornada fallara<\/a><\/strong>, alumbra talento de forma continua. La nueva hornada defendi\u00f3 el honor del golf nacional.<\/p>\n<p data-mrf-recirculation=\"Links P\u00e1rrafos\" class=\"ue-c-article__paragraph paragraph\"><strong>Puig encendi\u00f3 los motores r\u00e1pido. Birdie y birdie. Como el viernes. Como en la \u00faltima jornada de 2024. <\/strong>\u00abPuede parecer f\u00e1cil, pero no lo es\u00bb, cont\u00f3 al final. Para las 14.15 estaba en el liderato, antes de que Penge metiera la directa. Pero a ra\u00edz de ah\u00ed se enfri\u00f3. Dio un mal golpe en el 12 y bogey. Y los dos pares 5, terreno franco por la pegada del de los Fireballs, los pas\u00f3 sin sacar tajada. \u00abLos \u00faltimos tres o cuatro hoyos volv\u00ed a jugar bien, pero los putts no entraron\u00bb, lament\u00f3. Sali\u00f3 contento con su 67, aunque sabiendo que quiz\u00e1s no valga. \u00abNecesito hacer un tanteo baj\u00edsimo y que los de arriba fallen\u00bb.<\/p>\n<p><img decoding=\"async\" width=\"1024\" height=\"682\" class=\"ue-c-article__image lazyload\" alt=\"\u00c1ngel Ayora (21) juega un golpe de salida\" loading=\"lazy\" src=\"https:\/\/www.europesays.com\/es\/wp-content\/uploads\/2025\/10\/68ea81be8ed2c.jpeg\"\/><\/p>\n<p>\u00c1ngel Ayora (21) juega un golpe de salida<\/p>\n<p data-mrf-recirculation=\"Links P\u00e1rrafos\" class=\"ue-c-article__paragraph paragraph\"><strong>A todo trapo ha anunciado que saldr\u00e1 Ayora. Es la revelaci\u00f3n de la temporada en el DP World Tour.<\/strong> El Open de Espa\u00f1a le ha servido para saber navegar contracorriente. Igual que el jueves, se vio obligado a remontar. Iba +2 en tres hoyos, pero el andaluz empez\u00f3 a entender la velocidad de los greenes y se casc\u00f3 cuatro birdies en un periquete. \u00abDespu\u00e9s de ese inicio mi idea era acabar los 9 primeros bajo par y lo consegu\u00ed\u00bb.<\/p>\n<p data-mrf-recirculation=\"Links P\u00e1rrafos\" class=\"ue-c-article__paragraph paragraph\"><strong>Aupado en la ola, estuvo m\u00e1s discreto en los nueve segundos. Desperdici\u00f3 el hoyo 18 (par 4)<\/strong>, que desde el tee de abajo est\u00e1 alcanzable de un golpe, pero otro 69 le vale para seguir sumando puntos en la general del curso y acercarse a lo que verdaderamente tiene en la cabeza: poder jugar en 2026 el PGA Tour. \u00abYo voy a atacar. Y voy a intentar hacer las menos posibles\u00bb, sentenci\u00f3.<\/p>\n","protected":false},"excerpt":{"rendered":"Marco Penge, golfista de afamado driver, el mejor con ese palo del DP World Tour esta temporada, superior&hellip;\n","protected":false},"author":2,"featured_media":170051,"comment_status":"","ping_status":"","sticky":false,"template":"","format":"standard","meta":{"footnotes":""},"categories":[275],"tags":[168,25,24,329,23,167],"class_list":{"0":"post-170050","1":"post","2":"type-post","3":"status-publish","4":"format-standard","5":"has-post-thumbnail","7":"category-golf","8":"tag-deportes","9":"tag-es","10":"tag-espana","11":"tag-golf","12":"tag-spain","13":"tag-sports"},"share_on_mastodon":{"url":"","error":""},"_links":{"self":[{"href":"https:\/\/www.europesays.com\/es\/wp-json\/wp\/v2\/posts\/170050","targetHints":{"allow":["GET"]}}],"collection":[{"href":"https:\/\/www.europesays.com\/es\/wp-json\/wp\/v2\/posts"}],"about":[{"href":"https:\/\/www.europesays.com\/es\/wp-json\/wp\/v2\/types\/post"}],"author":[{"embeddable":true,"href":"https:\/\/www.europesays.com\/es\/wp-json\/wp\/v2\/users\/2"}],"replies":[{"embeddable":true,"href":"https:\/\/www.europesays.com\/es\/wp-json\/wp\/v2\/comments?post=170050"}],"version-history":[{"count":0,"href":"https:\/\/www.europesays.com\/es\/wp-json\/wp\/v2\/posts\/170050\/revisions"}],"wp:featuredmedia":[{"embeddable":true,"href":"https:\/\/www.europesays.com\/es\/wp-json\/wp\/v2\/media\/170051"}],"wp:attachment":[{"href":"https:\/\/www.europesays.com\/es\/wp-json\/wp\/v2\/media?parent=170050"}],"wp:term":[{"taxonomy":"category","embeddable":true,"href":"https:\/\/www.europesays.com\/es\/wp-json\/wp\/v2\/categories?post=170050"},{"taxonomy":"post_tag","embeddable":true,"href":"https:\/\/www.europesays.com\/es\/wp-json\/wp\/v2\/tags?post=170050"}],"curies":[{"name":"wp","href":"https:\/\/api.w.org\/{rel}","templated":true}]}}