{"id":170054,"date":"2025-10-11T17:31:10","date_gmt":"2025-10-11T17:31:10","guid":{"rendered":"https:\/\/www.europesays.com\/es\/170054\/"},"modified":"2025-10-11T17:31:10","modified_gmt":"2025-10-11T17:31:10","slug":"la-formula-1-se-rie-de-alonso-pese-a-ser-nombrado-piloto-del-dia-en-singapur","status":"publish","type":"post","link":"https:\/\/www.europesays.com\/es\/170054\/","title":{"rendered":"La F\u00f3rmula 1 se r\u00ede de Alonso pese a ser nombrado Piloto del D\u00eda en Singapur"},"content":{"rendered":"<p><a href=\"https:\/\/sextoanillo.com\/fernando-alonso-vuelve-a-demostrar-que-aston-martin-no-le-merece\/\" rel=\"nofollow noopener\" target=\"_blank\"><strong>Fernando Alonso<\/strong><\/a> parece estar luchando esta temporada contra todo y contra todos. Contra su propio monoplaza, que parece ir a pedales en ciertos <strong>Grandes Premios<\/strong>, contra sus rivales, como <strong>Isack Hadjar o Lewis Hamilton<\/strong> en la \u00faltima carrera de <strong>Singapur<\/strong>, contra la realizaci\u00f3n, donde no ense\u00f1\u00f3 sus adelantamientos\u2026 y contra la propia <strong>F\u00f3rmula 1.<\/strong> El piloto espa\u00f1ol gan\u00f3 el premio de<strong> Piloto del D\u00eda, votado por los aficionados, pero los analistas del Gran Circo <\/strong>no consideraron al bicampe\u00f3n del mundo como el mejor del domingo.<\/p>\n<p>Y es que <strong>George Russell<\/strong> domin\u00f3 de principio a fin el<strong> Gran Premio de Singapur. <\/strong>Logr\u00f3 la pole el s\u00e1bado y no tuvo rival en la carrera del domingo.<strong> Max Verstappen<\/strong> lo intent\u00f3, pero sin \u00e9xito. El piloto de <strong>Mercedes<\/strong> se llev\u00f3 el trofeo oficial del vencedor, pero el reconocimiento del p\u00fablico fue para <strong>Fernando Alonso.<\/strong> Los aficionados, a trav\u00e9s de sus votos, lo eligieron como el Piloto del D\u00eda. No obstante, la opini\u00f3n de los analistas de F1.com no fue la misma que la de los aficionados a este deporte.<\/p>\n<p>La F\u00f3rmula 1 coloca 5\u00ba a Alonso<\/p>\n<p>\u201cFue un Gran Premio de Singapur repleto de acontecimientos para Alonso, <strong>quien llam\u00f3 la atenci\u00f3n con una s\u00f3lida salida con neum\u00e1ticos blandos,<\/strong> perdi\u00f3 parte del terreno recuperado con una parada lenta en boxes, remont\u00f3 ante el decidido novato de Racing Bulls, Hadjar, y luego se acerc\u00f3 r\u00e1pidamente a Hamilton, que no frenaba. Su ya excelente octavo puesto se convirti\u00f3 en s\u00e9ptimo tras la bandera a cuadros debido a la penalizaci\u00f3n de Hamilton por los l\u00edmites de pista\u201d, comenta la F\u00f3rmula 1 a trav\u00e9s de sus expertos.<\/p>\n<p>Seg\u00fan el Ranking que publica el portal tras cada carrera, <strong>el espa\u00f1ol no figura entre los primeros puestos.<\/strong> En la evaluaci\u00f3n de los expertos, <strong>Russell<\/strong> encabeza la lista con una puntuaci\u00f3n perfecta de 10, gracias a su impecable actuaci\u00f3n y a su segunda victoria de la temporada. <strong>Le sigue Verstappen con un 8,8,<\/strong> mientras que<strong> Carlos Sainz y Oliver Bearman<\/strong> comparten la tercera posici\u00f3n con un 8,4. Por detr\u00e1s, Andrea Kimi Antonelli y <strong>Fernando Alonso cierran el top 5, empatados con una valoraci\u00f3n de 8,2 puntos.<\/strong><\/p>\n<p><strong>\u201cLa carrera ha sido dif\u00edcil, como esper\u00e1bamos<\/strong>, y como todos los peque\u00f1os puntos que vamos cogiendo este a\u00f1o hay que sufrirlos, hay que lucharlos, hay que pelearlos, hay que meterse en el barro por ellos e intentar pescar lo que se pueda\u201d, coment\u00f3 Fernando Alonso tras acabar la carrera.<\/p>\n<p>Sainz, por delante de su compatriota<\/p>\n<p class=\"\">Sin embargo, la <strong>F\u00f3rmula 1,<\/strong> o mejor dicho, los expertos de la F\u00f3rmula 1, colocaron mejor a Carlos Sainz que a su compatriota <strong>Alonso<\/strong>: \u201cWilliams parec\u00eda estar en una situaci\u00f3n desesperada tras la clasificaci\u00f3n en Singapur, donde los comisarios descalificaron a Sainz y a su compa\u00f1ero, Albon, por fallos t\u00e9cnicos en sus coches. Sin embargo, Sainz volvi\u00f3 a la carga el d\u00eda de la carrera, <b>remontando desde el fondo de la parrilla hasta terminar d\u00e9cimo y sumar un \u00faltimo punto que podr\u00eda ser crucial al final de la temporada\u201d.<\/b><\/p>\n<p>El propio <strong>Carlos Sainz<\/strong> hizo tambi\u00e9n una cr\u00edtica a la realizaci\u00f3n, como ya hizo Fernando Alonso tras la carrera de Singapur. \u00a0\u201cEs que durante el fin de semana\u00a0<strong data-node-id=\"7.3\">no sacaron ninguno<\/strong>\u00a0de los cuatro o cinco adelantamientos que hice al final, tampoco sacaron la\u00a0<strong data-node-id=\"7.5\">persecuci\u00f3n de Fernando a Lewis<\/strong>\u2026 Te pierdes lo primordial. Para m\u00ed, incluso\u00a0<strong data-node-id=\"7.7\">exageran un poco con lo de las famosas y las novias<\/strong>\u201d. Seg\u00fan \u00e9l, las c\u00e1maras de televisi\u00f3n se centra m\u00e1s en otras cosas que en la propia carrera y el espect\u00e1culo. \u201c<strong data-node-id=\"9.8\">Puede ser comprensible<\/strong>\u00a0que la realizaci\u00f3n si ve que eso ha funcionado, lo hagan.\u00a0<strong data-node-id=\"9.10\">Mientras se respete la competici\u00f3n\u00a0<\/strong>y enchufes los momentos importantes\u201d, a\u00f1adi\u00f3 el espa\u00f1ol.<\/p>\n","protected":false},"excerpt":{"rendered":"Fernando Alonso parece estar luchando esta temporada contra todo y contra todos. Contra su propio monoplaza, que parece&hellip;\n","protected":false},"author":2,"featured_media":170055,"comment_status":"","ping_status":"","sticky":false,"template":"","format":"standard","meta":{"footnotes":""},"categories":[270],"tags":[168,25,24,306,271,272,23,167],"class_list":{"0":"post-170054","1":"post","2":"type-post","3":"status-publish","4":"format-standard","5":"has-post-thumbnail","7":"category-formula-1","8":"tag-deportes","9":"tag-es","10":"tag-espana","11":"tag-f1","12":"tag-formula-1","13":"tag-formula1","14":"tag-spain","15":"tag-sports"},"share_on_mastodon":{"url":"","error":""},"_links":{"self":[{"href":"https:\/\/www.europesays.com\/es\/wp-json\/wp\/v2\/posts\/170054","targetHints":{"allow":["GET"]}}],"collection":[{"href":"https:\/\/www.europesays.com\/es\/wp-json\/wp\/v2\/posts"}],"about":[{"href":"https:\/\/www.europesays.com\/es\/wp-json\/wp\/v2\/types\/post"}],"author":[{"embeddable":true,"href":"https:\/\/www.europesays.com\/es\/wp-json\/wp\/v2\/users\/2"}],"replies":[{"embeddable":true,"href":"https:\/\/www.europesays.com\/es\/wp-json\/wp\/v2\/comments?post=170054"}],"version-history":[{"count":0,"href":"https:\/\/www.europesays.com\/es\/wp-json\/wp\/v2\/posts\/170054\/revisions"}],"wp:featuredmedia":[{"embeddable":true,"href":"https:\/\/www.europesays.com\/es\/wp-json\/wp\/v2\/media\/170055"}],"wp:attachment":[{"href":"https:\/\/www.europesays.com\/es\/wp-json\/wp\/v2\/media?parent=170054"}],"wp:term":[{"taxonomy":"category","embeddable":true,"href":"https:\/\/www.europesays.com\/es\/wp-json\/wp\/v2\/categories?post=170054"},{"taxonomy":"post_tag","embeddable":true,"href":"https:\/\/www.europesays.com\/es\/wp-json\/wp\/v2\/tags?post=170054"}],"curies":[{"name":"wp","href":"https:\/\/api.w.org\/{rel}","templated":true}]}}