{"id":170062,"date":"2025-10-11T17:36:12","date_gmt":"2025-10-11T17:36:12","guid":{"rendered":"https:\/\/www.europesays.com\/es\/170062\/"},"modified":"2025-10-11T17:36:12","modified_gmt":"2025-10-11T17:36:12","slug":"la-mallorca-rural-se-ha-globalizado-ya-hay-furgonetas-de-amazon","status":"publish","type":"post","link":"https:\/\/www.europesays.com\/es\/170062\/","title":{"rendered":"\u00abLa Mallorca rural se ha globalizado, ya hay furgonetas de Amazon\u00bb"},"content":{"rendered":"<p><strong><a href=\"https:\/\/www.ultimahora.es\/etiqueta\/Climent+Picornell.html?utm_source=Inline-tag&amp;utm_medium=internal\" rel=\"nofollow noopener\" target=\"_blank\">Climent Picornell<\/a><\/strong> (Palma, 1949), ge\u00f3grafo y escritor, acaba de publicar <strong>Paisatges minvants<\/strong>, otra reflexi\u00f3n sobre la mal llamada <strong>Mallorca profunda<\/strong>, dando continuidad a los cuatro libros anteriores. Paisatges minvants ser\u00e1 presentado en los pr\u00f3ximos d\u00edas en Sant Joan (pueblo del autor), Palma y Felanitx.<\/p>\n<p><strong>\u00bfOtro ejercicio de nostalgia de la Mallorca que est\u00e1 desapareciendo?<\/strong><br \/>\u2014Inicialmente, no quer\u00eda que fuera un libro nost\u00e1lgico. Los anteriores lo eran un poco, pero \u00e9ste me ha salido totalmente nost\u00e1lgico sin quererlo ni esperarlo.<\/p>\n<p><strong>Lo f\u00e1cil es decir que es un libro sobre la \u2018Mallorca profunda\u2019, pero es un concepto que usted rechaza.<\/strong><br \/>\u2014S\u00ed. Es un concepto inventado por los <strong>panesillos<\/strong> -palmesanos- para referirse a la Mallorca que antiguamente era rural. Ahora ya no lo es tanto. Se ha producido un cambio profundo. Como me dijo una madona: Vaig pel carrer i no conec ning\u00fa, vaig al tanatori i conec tothom. El libro es un juego, un contrapunto entre lo que pasaba antes en los pueblos y lo que pasa ahora, siempre en clave de humor y con las conversaciones de caf\u00e9 como tel\u00f3n de fondo.<\/p>\n<p><strong>Adem\u00e1s de la nostalgia, \u00bfaparece el lamento?<\/strong><br \/>\u2014No, no he querido hacer un libro tremendista. Lo que vemos ahora no es un desastre, pero incluye grandes chalets construidos por extranjeros y peque\u00f1os terrenos donde se instalan una caravana y una piscina de pl\u00e1stico. Estos nuevos habitantes se quejan del mal olor del fems que han esparcido los payeses colindantes, de los picarols de los ganados o de las campanadas de la iglesia, sobre todo si tocan a muerto.<\/p>\n<p><strong>Un cambio demogr\u00e1fico.<\/strong><br \/>\u2014S\u00ed, con magreb\u00edes que trabajan en el campo o en la construcci\u00f3n, sudamericanos que cuidan a nuestros mayores y n\u00f3rdicos ricos. Tambi\u00e9n llegan parejas mallorquinas j\u00f3venes, m\u00e1s con perros que con hijos, que intentan alquilar una casa. Comprarla, ni pensarlo. El cambio no es s\u00f3lo demogr\u00e1fico, sino tambi\u00e9n cultural, con otras maneras de ver el mundo respeto a las tradiciones locales. Siempre ha existido la dualidad entre Palma y la Part Forana, pero lo que est\u00e1 pasando en los pueblos es lo mismo que est\u00e1 pasando en la capital. De ah\u00ed que lo de Mallorca profunda pierda todo su sentido. A pesar de todo, en los pueblos seguimos controlando a los nativos a trav\u00e9s de los malnoms. Otra madona me dijo que els del poble no me fan por, en el sentido de que conoces a la gente del pueblo y sabes cu\u00e1les son sus virtudes y sus defectos o debilidades, pero, claro, a los que vienen de fuera no los tienes tan controlados.<\/p>\n<p>Sin embargo, perviven reductos de esas tradiciones y costumbres, tambi\u00e9n entre los j\u00f3venes, aunque demogr\u00e1ficamente son o ser\u00e1n una minor\u00eda.<br \/>\u2014S\u00ed, todav\u00eda queda una masa cr\u00edtica que mantiene tradiciones, costumbres y una lengua m\u00e1s viva que en Palma o en las zonas costeras. A ello contribuyen incluso las llamadas neofiestas, que b\u00e1sicamente consisten en lanzarse cosas unos sobre otros. No obstante, es verdad que hay j\u00f3venes que mantienen viva la llama de la cultura. Los pueblos del interior de la Isla se est\u00e1n convirtiendo en aut\u00e9nticos bastiones de la cultura mallorquina y lo mejor es que mantienen la voluntad y la determinaci\u00f3n de serlo. En cualquier caso, habr\u00e1 observado que hablando de la <a href=\"https:\/\/www.ultimahora.es\/etiqueta\/Mallorca+rural.html?utm_source=Inline-tag&amp;utm_medium=internal\" rel=\"nofollow noopener\" target=\"_blank\">Mallorca rural<\/a> utilizamos cada vez m\u00e1s el todav\u00eda o el a\u00fan, lo que resulta muy significativo.<\/p>\n<p><strong>\u00bfA qu\u00e9 atribuimos el cambio?<\/strong><br \/>\u2014Est\u00e1 provocado indirectamente por el turismo y directamente por la <a href=\"https:\/\/www.ultimahora.es\/etiqueta\/globalizaci%C3%B3n.html?utm_source=Inline-tag&amp;utm_medium=internal\" rel=\"nofollow noopener\" target=\"_blank\">globalizaci\u00f3n<\/a>. En lo que se refiere al turismo, proliferan las viviendas vacacionales y los hoteles de interior, como signo de una actividad que ha dejado de ser exclusiva de la costa y se ha extendido por toda la Isla. No obstante, este turismo del interior no tiene nada que ver con los pisos tur\u00edsticos de Palma, muchos de ellos ilegales: roban viviendas al mercado, contribuyen a subir los precios y generan molestias. En cuanto a la globalizaci\u00f3n, en los pueblos hay televisi\u00f3n, internet y redes sociales como en las ciudades. Un signo de la globalizaci\u00f3n de la Mallorca rural es la presencia de furgonetas de Amazon.<\/p>\n<p><strong>Una Mallorca rural que, para mantener fincas, recurre al turismo.<\/strong><br \/>\u2014Hay que reconocer que la mayor\u00eda de fincas que no se dedican al agroturismo se encuentran en muy mal estado y dan pena.<\/p>\n<p><strong>Habla de nostalgia, pero hay cosas que no se echan de menos, como las penurias econ\u00f3micas.<\/strong><br \/>\u2014En mi caso particular, no echo de menos la moral ni el caciquismo de d\u00e9cadas pasadas. La gente de edad muy avanzada puede echar de menos algunos cosas, pero la mayor\u00eda no volver\u00eda a vivir esas \u00e9pocas de penurias y penalidades, a veces de aut\u00e9ntica miseria.<\/p>\n","protected":false},"excerpt":{"rendered":"Climent Picornell (Palma, 1949), ge\u00f3grafo y escritor, acaba de publicar Paisatges minvants, otra reflexi\u00f3n sobre la mal llamada&hellip;\n","protected":false},"author":2,"featured_media":170063,"comment_status":"","ping_status":"","sticky":false,"template":"","format":"standard","meta":{"footnotes":""},"categories":[172],"tags":[224,49466,146,147,25,24,15242,225,2552,49467,31963,2553,2554,49468,23,1529,21],"class_list":{"0":"post-170062","1":"post","2":"type-post","3":"status-publish","4":"format-standard","5":"has-post-thumbnail","7":"category-libros","8":"tag-books","9":"tag-climent-picornell","10":"tag-entertainment","11":"tag-entretenimiento","12":"tag-es","13":"tag-espana","14":"tag-globalizacion","15":"tag-libros","16":"tag-local","17":"tag-mallorca-rural","18":"tag-nuevo-libro","19":"tag-palma","20":"tag-palma-de-mallorca","21":"tag-pla-de-mallorca","22":"tag-spain","23":"tag-ultima-hora","24":"tag-ultimas-noticias"},"share_on_mastodon":{"url":"","error":""},"_links":{"self":[{"href":"https:\/\/www.europesays.com\/es\/wp-json\/wp\/v2\/posts\/170062","targetHints":{"allow":["GET"]}}],"collection":[{"href":"https:\/\/www.europesays.com\/es\/wp-json\/wp\/v2\/posts"}],"about":[{"href":"https:\/\/www.europesays.com\/es\/wp-json\/wp\/v2\/types\/post"}],"author":[{"embeddable":true,"href":"https:\/\/www.europesays.com\/es\/wp-json\/wp\/v2\/users\/2"}],"replies":[{"embeddable":true,"href":"https:\/\/www.europesays.com\/es\/wp-json\/wp\/v2\/comments?post=170062"}],"version-history":[{"count":0,"href":"https:\/\/www.europesays.com\/es\/wp-json\/wp\/v2\/posts\/170062\/revisions"}],"wp:featuredmedia":[{"embeddable":true,"href":"https:\/\/www.europesays.com\/es\/wp-json\/wp\/v2\/media\/170063"}],"wp:attachment":[{"href":"https:\/\/www.europesays.com\/es\/wp-json\/wp\/v2\/media?parent=170062"}],"wp:term":[{"taxonomy":"category","embeddable":true,"href":"https:\/\/www.europesays.com\/es\/wp-json\/wp\/v2\/categories?post=170062"},{"taxonomy":"post_tag","embeddable":true,"href":"https:\/\/www.europesays.com\/es\/wp-json\/wp\/v2\/tags?post=170062"}],"curies":[{"name":"wp","href":"https:\/\/api.w.org\/{rel}","templated":true}]}}