{"id":170111,"date":"2025-10-11T18:05:09","date_gmt":"2025-10-11T18:05:09","guid":{"rendered":"https:\/\/www.europesays.com\/es\/170111\/"},"modified":"2025-10-11T18:05:09","modified_gmt":"2025-10-11T18:05:09","slug":"es-breve-pero-no-da-lugar-a-dudas","status":"publish","type":"post","link":"https:\/\/www.europesays.com\/es\/170111\/","title":{"rendered":"es breve pero no da lugar a dudas"},"content":{"rendered":"<p>La conocido como la spice girl pija y actual dise\u00f1adora Victoria Beckham estren\u00f3 este jueves\u00a0su documental en Netflix, en el que rememora c\u00f3mo fue la creaci\u00f3n de su marca, el rechazo que sinti\u00f3 en sus inicios en el mundo de la moda y <a href=\"https:\/\/www.huffingtonpost.es\/life\/influencers-celebrities\/victoria-beckham-sincera-sobre-trastorno-alimentario-he-sido-pija-gorda-pija-flaca.html\" title=\"Victoria Beckham se sincera sobre su trastorno alimentario: &quot;He sido desde la pija &#039;gorda&#039; hasta la pija flaca&quot;\" rel=\"nofollow noopener\" target=\"_blank\">el trastorno alimentario con el que ha convivido<\/a> gran parte de su vida adulta.<\/p>\n<p>En la docuserie de tres episodios en los que repasa su vida tambi\u00e9n dedic\u00f3 algunas palabras a Espa\u00f1a, donde vivi\u00f3 cuatro a\u00f1os. \u00abM<b>e sent\u00eda incompleta, triste, congelada en el tiempo<\/b>\u00ab, asegur\u00f3 la cantante y dise\u00f1adora inglesa.\u00a0<\/p>\n<p>Victoria y su familia se trasladaron a Espa\u00f1a en 2003 tras el fichaje de David Beckham por el Real Madrid, una etapa que dur\u00f3 hasta 2007, cuando se fueron a Los \u00c1ngeles. \u00ab<b>Fue como si hubi\u00e9ramos escapado<\/b>\u00ab, dijo sobre el traslado a Estados Unidos.\u00a0<\/p>\n<p>Sobre su estancia en Espa\u00f1a, Beckham tambi\u00e9n apunt\u00f3 que es el lugar donde conoci\u00f3 a Eva Longoria, una de sus amigas m\u00e1s cercanas. <a href=\"https:\/\/www.huffingtonpost.es\/life\/influencers-celebrities\/victoria-beckham-sobre-paso-espana-nunca-mi-vida-habia-sido-infeliz.html\" rel=\"nofollow noopener\" target=\"_blank\">En el documental emitido en 2023 sobre la vida del exfutbolista<\/a>, Beckham, la spice girl tambi\u00e9n tuvo unas palabras para Espa\u00f1a. \u00abFue la \u00e9poca m\u00e1s dif\u00edcil para nosotros\u00bb, dijo entonces.\u00a0<\/p>\n<p>La dise\u00f1adora tambi\u00e9n habl\u00f3 d<b>e los trastornos de conducta alimentaria que ha sufrido<\/b> a lo largo de su trayectoria, desde que comenz\u00f3 en la girl band hasta la presi\u00f3n que ha sufrido en la industria de la moda.\u00a0<\/p>\n<p>\u00abEmpec\u00e9 a dudar de m\u00ed misma y a no gustarme. No sab\u00eda lo que ve\u00eda al mirarme al espejo. <b>He sido desde la pija rechoncha hasta la pija flaca<\/b>. No ten\u00eda control sobre lo que se escrib\u00eda sobre m\u00ed, pero pod\u00eda controlarlo con la ropa y pod\u00eda controlar mi peso, pero de una forma sumamente poco saludable\u00bb, detall\u00f3.<\/p>\n","protected":false},"excerpt":{"rendered":"La conocido como la spice girl pija y actual dise\u00f1adora Victoria Beckham estren\u00f3 este jueves\u00a0su documental en Netflix,&hellip;\n","protected":false},"author":2,"featured_media":170112,"comment_status":"","ping_status":"","sticky":false,"template":"","format":"standard","meta":{"footnotes":""},"categories":[91],"tags":[146,147,25,24,23,3063],"class_list":{"0":"post-170111","1":"post","2":"type-post","3":"status-publish","4":"format-standard","5":"has-post-thumbnail","7":"category-entretenimiento","8":"tag-entertainment","9":"tag-entretenimiento","10":"tag-es","11":"tag-espana","12":"tag-spain","13":"tag-victoria-beckham"},"share_on_mastodon":{"url":"","error":""},"_links":{"self":[{"href":"https:\/\/www.europesays.com\/es\/wp-json\/wp\/v2\/posts\/170111","targetHints":{"allow":["GET"]}}],"collection":[{"href":"https:\/\/www.europesays.com\/es\/wp-json\/wp\/v2\/posts"}],"about":[{"href":"https:\/\/www.europesays.com\/es\/wp-json\/wp\/v2\/types\/post"}],"author":[{"embeddable":true,"href":"https:\/\/www.europesays.com\/es\/wp-json\/wp\/v2\/users\/2"}],"replies":[{"embeddable":true,"href":"https:\/\/www.europesays.com\/es\/wp-json\/wp\/v2\/comments?post=170111"}],"version-history":[{"count":0,"href":"https:\/\/www.europesays.com\/es\/wp-json\/wp\/v2\/posts\/170111\/revisions"}],"wp:featuredmedia":[{"embeddable":true,"href":"https:\/\/www.europesays.com\/es\/wp-json\/wp\/v2\/media\/170112"}],"wp:attachment":[{"href":"https:\/\/www.europesays.com\/es\/wp-json\/wp\/v2\/media?parent=170111"}],"wp:term":[{"taxonomy":"category","embeddable":true,"href":"https:\/\/www.europesays.com\/es\/wp-json\/wp\/v2\/categories?post=170111"},{"taxonomy":"post_tag","embeddable":true,"href":"https:\/\/www.europesays.com\/es\/wp-json\/wp\/v2\/tags?post=170111"}],"curies":[{"name":"wp","href":"https:\/\/api.w.org\/{rel}","templated":true}]}}