{"id":170122,"date":"2025-10-11T18:12:43","date_gmt":"2025-10-11T18:12:43","guid":{"rendered":"https:\/\/www.europesays.com\/es\/170122\/"},"modified":"2025-10-11T18:12:43","modified_gmt":"2025-10-11T18:12:43","slug":"alcaldesa-esto-es-por-la-ayuda-a-la-escuela","status":"publish","type":"post","link":"https:\/\/www.europesays.com\/es\/170122\/","title":{"rendered":"Alcaldesa, esto es por la ayuda a la escuela"},"content":{"rendered":"<p>La <strong>emoci\u00f3n<\/strong> y el reconocimiento han marcado la jornada de este jueves en la <strong>Feria Taurina del Pilar<\/strong>, donde el joven torero zaragozano <strong>Aar\u00f3n Palacio<\/strong> ha protagonizado uno de los momentos m\u00e1s destacados de la tarde. Ante un p\u00fablico entregado, el diestro <strong>ha dedicado su toro<\/strong> a la alcaldesa de Zaragoza, <strong><a target=\"_blank\" href=\"https:\/\/www.aragondigital.es\/tags\/natalia-chueca\/\" rel=\"nofollow noopener\">Natalia Chueca<\/a><\/strong>.<\/p>\n<p>\u201cAlcaldesa, brindo la muerte de este toro por la ayuda que le has dado a la escuela y por <strong>fomentar el toro en Arag\u00f3n<\/strong>. Va por ti\u201d, ha expresado Palacio desde el albero, levantando la montera en se\u00f1al de respeto. El gesto ha arrancado una fuerte ovaci\u00f3n del p\u00fablico, en especial por el <strong>apoyo institucional a la Escuela Taurina de <a target=\"_blank\" href=\"https:\/\/www.aragondigital.es\/zaragoza\/\" rel=\"nofollow noopener\">Zaragoza<\/a><\/strong>, donde \u00e9l mismo se ha formado.<\/p>\n<blockquote class=\"instagram-media\" data-instgrm-captioned=\"\" data-instgrm-permalink=\"https:\/\/www.instagram.com\/reel\/DPmMGQ7DTGx\/?utm_source=ig_embed&amp;utm_campaign=loading\" data-instgrm-version=\"14\" style=\" background:#FFF; border:0; border-radius:3px; box-shadow:0 0 1px 0 rgba(0,0,0,0.5),0 1px 10px 0 rgba(0,0,0,0.15); margin: 1px; max-width:540px; min-width:326px; padding:0; width:99.375%; width:-webkit-calc(100% - 2px); width:calc(100% - 2px);\">\n<\/blockquote>\n<p>La alcaldesa, que ha aplaudido el gesto, ha respondido poco despu\u00e9s con un <strong>mensaje en sus redes sociales<\/strong> en el que ha compartido una imagen del brindis: \u00abOrgullo y emoci\u00f3n. <strong>Gracias, Aar\u00f3n Palacio, por un gesto tan bonito<\/strong>\u00ab. La escena se enmarca adem\u00e1s en el contexto de este a\u00f1o en el que la escuela ha contado con un <strong>respaldo municipal de 30.000 euros<\/strong> para seguir formando a nuevos talentos del toreo aragon\u00e9s.<\/p>\n<p>                          <script async src=\"\/\/www.instagram.com\/embed.js\"><\/script><\/p>\n","protected":false},"excerpt":{"rendered":"La emoci\u00f3n y el reconocimiento han marcado la jornada de este jueves en la Feria Taurina del Pilar,&hellip;\n","protected":false},"author":2,"featured_media":170123,"comment_status":"","ping_status":"","sticky":false,"template":"","format":"standard","meta":{"footnotes":""},"categories":[277],"tags":[373,168,25,24,49487,338,23,167,374,444,491],"class_list":{"0":"post-170122","1":"post","2":"type-post","3":"status-publish","4":"format-standard","5":"has-post-thumbnail","7":"category-toreo","8":"tag-bullfighting","9":"tag-deportes","10":"tag-es","11":"tag-espana","12":"tag-natalia-chueca","13":"tag-portada","14":"tag-spain","15":"tag-sports","16":"tag-toreo","17":"tag-toros","18":"tag-zaragoza"},"share_on_mastodon":{"url":"","error":""},"_links":{"self":[{"href":"https:\/\/www.europesays.com\/es\/wp-json\/wp\/v2\/posts\/170122","targetHints":{"allow":["GET"]}}],"collection":[{"href":"https:\/\/www.europesays.com\/es\/wp-json\/wp\/v2\/posts"}],"about":[{"href":"https:\/\/www.europesays.com\/es\/wp-json\/wp\/v2\/types\/post"}],"author":[{"embeddable":true,"href":"https:\/\/www.europesays.com\/es\/wp-json\/wp\/v2\/users\/2"}],"replies":[{"embeddable":true,"href":"https:\/\/www.europesays.com\/es\/wp-json\/wp\/v2\/comments?post=170122"}],"version-history":[{"count":0,"href":"https:\/\/www.europesays.com\/es\/wp-json\/wp\/v2\/posts\/170122\/revisions"}],"wp:featuredmedia":[{"embeddable":true,"href":"https:\/\/www.europesays.com\/es\/wp-json\/wp\/v2\/media\/170123"}],"wp:attachment":[{"href":"https:\/\/www.europesays.com\/es\/wp-json\/wp\/v2\/media?parent=170122"}],"wp:term":[{"taxonomy":"category","embeddable":true,"href":"https:\/\/www.europesays.com\/es\/wp-json\/wp\/v2\/categories?post=170122"},{"taxonomy":"post_tag","embeddable":true,"href":"https:\/\/www.europesays.com\/es\/wp-json\/wp\/v2\/tags?post=170122"}],"curies":[{"name":"wp","href":"https:\/\/api.w.org\/{rel}","templated":true}]}}