{"id":170128,"date":"2025-10-11T18:17:13","date_gmt":"2025-10-11T18:17:13","guid":{"rendered":"https:\/\/www.europesays.com\/es\/170128\/"},"modified":"2025-10-11T18:17:13","modified_gmt":"2025-10-11T18:17:13","slug":"crecen-los-rumores-de-cambios-en-ferrari","status":"publish","type":"post","link":"https:\/\/www.europesays.com\/es\/170128\/","title":{"rendered":"Crecen los rumores de cambios en Ferrari"},"content":{"rendered":"<p>Ferrari no est\u00e1 pasando el a\u00f1o que esperaba. Tras terminar un buen 2024, segundo en el campeonato de constructores y con Carlos Sainz y Charles Leclerc logrando triunfos, el 2025 es hasta ahora un fiasco. La expectativa generada por la llegada de Lewis Hamilton se fue deteriorando con los resultados: solo un triunfo en una sprint para el brit\u00e1nico y nada m\u00e1s para ninguno de los dos pilotos.<\/p>\n<p>El de M\u00f3naco se ubica quinto en el campeonato y se mostr\u00f3 molesto con el equipo, mientras que el 6 veces campe\u00f3n del mundo est\u00e1 sexto y hasta coquete\u00f3 con el retiro. Debido a estos resultados, <strong>en los \u00faltimos d\u00edas, circul\u00f3 la informaci\u00f3n de que Ferrari podr\u00eda contratar al ex jefe de Red Bull, Christian Horner en reemplazo de Fr\u00e9d\u00e9ric Vasseur.<\/strong><\/p>\n<p>El franc\u00e9s logr\u00f3 levantar al equipo rojo tras a\u00f1os de no poder estar en los primeros planos, pero hoy ser\u00eda carta de cambio. Mientras que Horner no pasa un buen momento judicial tras denuncias de maltrato, que lo han apartado de la vida p\u00fablica en los \u00faltimos tiempo.<\/p>\n<p>\u00a0<\/p>\n<p>\u00a0<\/p>\n","protected":false},"excerpt":{"rendered":"Ferrari no est\u00e1 pasando el a\u00f1o que esperaba. Tras terminar un buen 2024, segundo en el campeonato de&hellip;\n","protected":false},"author":2,"featured_media":170129,"comment_status":"","ping_status":"","sticky":false,"template":"","format":"standard","meta":{"footnotes":""},"categories":[270],"tags":[2102,168,25,24,306,2091,271,272,2097,23,167],"class_list":{"0":"post-170128","1":"post","2":"type-post","3":"status-publish","4":"format-standard","5":"has-post-thumbnail","7":"category-formula-1","8":"tag-charles-leclerc","9":"tag-deportes","10":"tag-es","11":"tag-espana","12":"tag-f1","13":"tag-ferrari","14":"tag-formula-1","15":"tag-formula1","16":"tag-lewis-hamilton","17":"tag-spain","18":"tag-sports"},"share_on_mastodon":{"url":"","error":""},"_links":{"self":[{"href":"https:\/\/www.europesays.com\/es\/wp-json\/wp\/v2\/posts\/170128","targetHints":{"allow":["GET"]}}],"collection":[{"href":"https:\/\/www.europesays.com\/es\/wp-json\/wp\/v2\/posts"}],"about":[{"href":"https:\/\/www.europesays.com\/es\/wp-json\/wp\/v2\/types\/post"}],"author":[{"embeddable":true,"href":"https:\/\/www.europesays.com\/es\/wp-json\/wp\/v2\/users\/2"}],"replies":[{"embeddable":true,"href":"https:\/\/www.europesays.com\/es\/wp-json\/wp\/v2\/comments?post=170128"}],"version-history":[{"count":0,"href":"https:\/\/www.europesays.com\/es\/wp-json\/wp\/v2\/posts\/170128\/revisions"}],"wp:featuredmedia":[{"embeddable":true,"href":"https:\/\/www.europesays.com\/es\/wp-json\/wp\/v2\/media\/170129"}],"wp:attachment":[{"href":"https:\/\/www.europesays.com\/es\/wp-json\/wp\/v2\/media?parent=170128"}],"wp:term":[{"taxonomy":"category","embeddable":true,"href":"https:\/\/www.europesays.com\/es\/wp-json\/wp\/v2\/categories?post=170128"},{"taxonomy":"post_tag","embeddable":true,"href":"https:\/\/www.europesays.com\/es\/wp-json\/wp\/v2\/tags?post=170128"}],"curies":[{"name":"wp","href":"https:\/\/api.w.org\/{rel}","templated":true}]}}