{"id":170132,"date":"2025-10-11T18:19:09","date_gmt":"2025-10-11T18:19:09","guid":{"rendered":"https:\/\/www.europesays.com\/es\/170132\/"},"modified":"2025-10-11T18:19:09","modified_gmt":"2025-10-11T18:19:09","slug":"hidalgo-del-cuando-se-canse-pellicer-que-me-llamen-a-testigo-del-juicio-de-la-rosaleda-al-de-nules","status":"publish","type":"post","link":"https:\/\/www.europesays.com\/es\/170132\/","title":{"rendered":"Hidalgo, del \u00abcuando se canse Pellicer, que me llamen\u00bb a testigo del juicio de La Rosaleda al de Nules"},"content":{"rendered":"<p><a href=\"https:\/\/www.merchanendirecto.es\/wp-content\/uploads\/2024\/09\/antonio-hidalgo-pellicer-scaled.jpg\" data-caption=\"Foto: Radio MARCA M\u00e1laga (Javier D\u00edaz)\" rel=\"nofollow noopener\" target=\"_blank\"><img loading=\"lazy\" decoding=\"async\" width=\"696\" height=\"391\" class=\"entry-thumb td-modal-image\" src=\"https:\/\/www.europesays.com\/es\/wp-content\/uploads\/2025\/10\/antonio-hidalgo-pellicer-696x391.jpg\"   alt=\"\" title=\"antonio hidalgo pellicer\"\/><\/a>Foto: Radio MARCA M\u00e1laga (Javier D\u00edaz)<\/p>\n<p>Las vueltas que da el f\u00fatbol. Este domingo (21:00 horas) se va a vivir en La Rosaleda un partido de Primera disfrazado de Hypermotion. <strong>M\u00e1laga CF<\/strong> y <strong>Deportivo de la Coru\u00f1a<\/strong> se medir\u00e1n en el encuentro relativo a la novena jornada de Segunda. Esto acaba de empezar, pero ya han ocurrido muchas cosas. El cuadro coru\u00f1\u00e9s, comandado por el exmalaguista <strong>Antonio Hidalgo<\/strong>, es el l\u00edder de la categor\u00eda. Por otro lado, el combinado malaguista se ve sumido en puestos de descenso tras cuatro derrotas consecutivas. Hidalgo, del \u00abcuando se canse Pellicer, que me llamen\u00bb a testigo presencial del juicio de La Rosaleda.<\/p>\n<p>Sergio Pellicer se ha encargado de borrar de un plumazo el car\u00e1cter de final por su continuidad en la previa del partido: \u00ab<strong>No lo vivo como una final y estoy m\u00e1s fuerte y feliz que nunca<\/strong>. Tengo el cargo m\u00e1s bonito de mi vida. Tengo la honestidad de mirar a la cara a todo el mundo con delicadeza. Claro que lo entiendo. Esto es f\u00fatbol, pero hay que tener empat\u00eda\u00bb, dec\u00eda el t\u00e9cnico malaguista. Sin embargo, ante el D\u00e9por, el entrenador deber\u00e1 dar un golpe sobre la mesa para no hacer la <strong>bola de nieve de dudas<\/strong> m\u00e1s grande. Adem\u00e1s con el h\u00e1ndicap de no poder sentarse en el banquillo, ya que ser\u00e1 el <strong>segundo de los tres partidos que tiene que cumplir por sanci\u00f3n<\/strong>. La figura del de Nules no se encuentra tan reforzada como en otras ocasiones y Martiricos le exigir\u00e1 m\u00e1s. Una victoria supondr\u00eda una <strong>bombona de ox\u00edgeno<\/strong>. <\/p>\n<p>Enfrente, siendo testigo y actor de todo lo que suceda, estar\u00e1 <strong>Hidalgo<\/strong>. El granollerense llega con la moral por las nubes al ocupar la cima de la clasificaci\u00f3n y en la previa se ha encargado de \u2018echarle un capote\u2019 a Pellicer: \u00ab<strong>Tienen un gran entrenador que trabaja much\u00edsimo<\/strong>. Lleva un trabajo y un bagaje desde que est\u00e1 en el club sacando muchos jugadores de la cantera y d\u00e1ndole matices siempre al juego. Jornada 8. Y compa\u00f1eros ya han tenido que salir de sus clubes.\u00a0<strong>Repito, Jornada 8 de 42<\/strong>. Eso habla de la inmediatez de los proyectos. Pero no s\u00f3lo en el f\u00fatbol. Sino en la sociedad. Hoy todo demanda mucha velocidad, mucha informaci\u00f3n. <strong>Muchas veces se magnifica. Y en M\u00e1laga es como en cualquier otro sitio<\/strong>\u00ab. <\/p>\n<p>Es curioso que Pellicer se juegue esta bala tan importante ante un malaguista m\u00e1s. Y no queda ah\u00ed. Un entrenador que se ha dejado querer por el M\u00e1laga CF respetando la posici\u00f3n del propio Pellicer. El pasado mes de febrero de este mismo a\u00f1o, en una entrevista en Martiricos 08, dej\u00f3 claro su deseo de entrenar al cuadro malacitano alg\u00fan d\u00eda: \u00abEsto es muy sencillo.\u00a0<strong>De 0 al 10, me gustar\u00eda un 10.<\/strong>\u00a0<strong>En el momento que se canse Sergio Pellicer<\/strong>, que creo que es el entrenador ideal para estar ahora mismo ah\u00ed,\u00a0<strong>que me llamen<\/strong>. Es algo que tengo ah\u00ed. Les tengo mucho cari\u00f1o. S\u00e9 que cuando est\u00e9 all\u00ed sufrir\u00e9 y es normal\u00bb. De nuevo reserv\u00f3 en sus palabras mucho respeto por el actual entrenador: \u00abSergio es el tercer entrenador con m\u00e1s partidos despu\u00e9s de Peir\u00f3 y Mu\u00f1iz. Ojal\u00e1 est\u00e9 all\u00ed todos los a\u00f1os que quiera y pueda\u00ab.<\/p>\n<p>\u00a1Y es que Pellicer tambi\u00e9n habl\u00f3 de la posibilidad de que Hidalgo se sentase en el banquillo de Martiricos! Est\u00e1 todo conectado. Eso s\u00ed, hay que retroceder hasta el a\u00f1o 2020. Hidalgo entrenaba al Sabadell, rival del M\u00e1laga en Segunda esa temporada, y el de Nules quiso dedicarle unas palabras: \u00abAntonio Hidalgo ha dejado mucho cari\u00f1o en M\u00e1laga. Es un entrenador que est\u00e1 dando pasos adelante.\u00a0<strong>En el futuro no muy lejano ser\u00e1 entrenador del M\u00e1laga<\/strong>\u00a0por todas las circunstancias y porque lo hace bien. Mi m\u00e1ximo respeto hacia \u00e9l.\u00a0<strong>Es una persona malaguista y es querido aqu\u00ed<\/strong>. Todo ex jugador del M\u00e1laga que luego se hace entrenador lo va a llevar siempre en el coraz\u00f3n\u00ab.<\/p>\n<p>La temporada pasada, cuando Hidalgo visit\u00f3 La Rosaleda con el Huesca, La Rosaleda se encarg\u00f3 de demostrar que ese amor era mutuo con una sonora ovaci\u00f3n y una pancarta que rezaba: \u00ab<strong>Gracias por todo, Antonio Hidalgo<\/strong>\u00ab. \u00c9l respondi\u00f3 en la rueda de prensa postpartido: \u00a0\u201cDar las gracias por el recibimiento. Mil gracias y\u00a0<strong>siempre agradecido de haber pertenecido a esta familia<\/strong>.\u00a0Un orgullo tremendo haber pertenecido a este club. Sufrimos much\u00edsimo, pero tambi\u00e9n gozamos en la \u00faltima temporada. Sentimiento especial que siempre llevaremos dentro\u201d.<\/p>\n<blockquote class=\"twitter-tweet\" data-media-max-width=\"560\">\n<p lang=\"es\" dir=\"ltr\">\ud83d\udd09 La SONORA OVACI\u00d3N que le ha brindado LA ROSALEDA al entrenador rival, a ANTONIO HIDALGO \ud83e\udd79 <a href=\"https:\/\/t.co\/TbNlAPWbb7\" rel=\"nofollow\">pic.twitter.com\/TbNlAPWbb7<\/a><\/p>\n<p>\u2014 Radio Marca M\u00e1laga (@RadioMarcaMLG) <a href=\"https:\/\/twitter.com\/RadioMarcaMLG\/status\/1834996261335761080?ref_src=twsrc%5Etfw\" rel=\"nofollow noopener\" target=\"_blank\">September 14, 2024<\/a><\/p><\/blockquote>\n<p><script async src=\"https:\/\/platform.twitter.com\/widgets.js\" charset=\"utf-8\"><\/script><\/p>\n","protected":false},"excerpt":{"rendered":"Foto: Radio MARCA M\u00e1laga (Javier D\u00edaz) Las vueltas que da el f\u00fatbol. Este domingo (21:00 horas) se va&hellip;\n","protected":false},"author":2,"featured_media":170133,"comment_status":"","ping_status":"","sticky":false,"template":"","format":"standard","meta":{"footnotes":""},"categories":[268],"tags":[1979,2953,168,7793,25,24,280,282,4174,1963,9007,281,23,167],"class_list":{"0":"post-170132","1":"post","2":"type-post","3":"status-publish","4":"format-standard","5":"has-post-thumbnail","7":"category-futbol","8":"tag-antonio-hidalgo","9":"tag-banquillo","10":"tag-deportes","11":"tag-deportivo-de-la-coruna","12":"tag-es","13":"tag-espana","14":"tag-football","15":"tag-futbol","16":"tag-laliga-hypermotion","17":"tag-malaga-cf","18":"tag-sergio-pellicer","19":"tag-soccer","20":"tag-spain","21":"tag-sports"},"share_on_mastodon":{"url":"","error":""},"_links":{"self":[{"href":"https:\/\/www.europesays.com\/es\/wp-json\/wp\/v2\/posts\/170132","targetHints":{"allow":["GET"]}}],"collection":[{"href":"https:\/\/www.europesays.com\/es\/wp-json\/wp\/v2\/posts"}],"about":[{"href":"https:\/\/www.europesays.com\/es\/wp-json\/wp\/v2\/types\/post"}],"author":[{"embeddable":true,"href":"https:\/\/www.europesays.com\/es\/wp-json\/wp\/v2\/users\/2"}],"replies":[{"embeddable":true,"href":"https:\/\/www.europesays.com\/es\/wp-json\/wp\/v2\/comments?post=170132"}],"version-history":[{"count":0,"href":"https:\/\/www.europesays.com\/es\/wp-json\/wp\/v2\/posts\/170132\/revisions"}],"wp:featuredmedia":[{"embeddable":true,"href":"https:\/\/www.europesays.com\/es\/wp-json\/wp\/v2\/media\/170133"}],"wp:attachment":[{"href":"https:\/\/www.europesays.com\/es\/wp-json\/wp\/v2\/media?parent=170132"}],"wp:term":[{"taxonomy":"category","embeddable":true,"href":"https:\/\/www.europesays.com\/es\/wp-json\/wp\/v2\/categories?post=170132"},{"taxonomy":"post_tag","embeddable":true,"href":"https:\/\/www.europesays.com\/es\/wp-json\/wp\/v2\/tags?post=170132"}],"curies":[{"name":"wp","href":"https:\/\/api.w.org\/{rel}","templated":true}]}}