{"id":170182,"date":"2025-10-11T18:51:08","date_gmt":"2025-10-11T18:51:08","guid":{"rendered":"https:\/\/www.europesays.com\/es\/170182\/"},"modified":"2025-10-11T18:51:08","modified_gmt":"2025-10-11T18:51:08","slug":"ultima-hora-de-david-galvan-roman-y-gines-marin-hoy","status":"publish","type":"post","link":"https:\/\/www.europesays.com\/es\/170182\/","title":{"rendered":"\u00faltima hora de David Galv\u00e1n, Rom\u00e1n y Gin\u00e9s Mar\u00edn hoy"},"content":{"rendered":"<p style=\"\">Sigue en directo la \u00faltima hora de la corrida de toros en Las Ventas de Madrid por la Feria de Oto\u00f1o con David Galv\u00e1n, Rom\u00e1n y Gin\u00e9s Mar\u00edn hoy.<\/p>\n<p>20:20<\/p>\n<p>Sin opciones Gin\u00e9s con el \u00faltimo<\/p>\n<p class=\"voc-p\">Opci\u00f3n el extreme\u00f1o con un toro con peligro sordo, pero que no transmit\u00eda. Lo intent\u00f3, con la montera calada, pero poco eco tuvo<\/p>\n<p>19:56<\/p>\n<p>Rom\u00e1n emborrona con la espada una valiente faena<\/p>\n<p class=\"voc-p\">Valiente estuvo el valenciano con el quinto, un encastado animal, que derrib\u00f3 al caballo. <\/p>\n<p class=\"voc-p\">En la faena, muy cerrado en tablas por el viento, estuvo firme Rom\u00e1n, aunque no termin\u00f3 de mandar en la embestida de su oponente. <\/p>\n<p class=\"voc-p\">La espada hizo guardia, y esfum\u00f3  un posible premio. <\/p>\n<p>19:39<\/p>\n<p>Silencio para Gin\u00e9s con el rajado cuarto<\/p>\n<p class=\"voc-p\">Mironcete, pero con m\u00e1s ganas de rajarse que otra cosa fue el cuarto, segundo del lote de Galv\u00e1n. Lo intent\u00f3 Gin\u00e9s Mar\u00edn por ambos pitones, pero el animal solo miraba a tablas.<\/p>\n<p class=\"voc-p\">No estuvo acertado con la espada.<\/p>\n<p>19:27<\/p>\n<p>Parte m\u00e9dico de David Galv\u00e1n <\/p>\n<p>19:21<\/p>\n<p>Sobresale Juan Carlos Rey en banderillas<\/p>\n<p class=\"voc-p\">El toro derriba al caballo en el primer encuentro con Guillermo Mar\u00edn, aunque tampoco tuvo una pelea tan de bravo. Extraordinario el tercer par de Juan Carlos Rey, con el toro aparentando hacia los adentros. <\/p>\n<p>19:06<\/p>\n<p>Oreja de peso para Rom\u00e1n<\/p>\n<p class=\"voc-p\">Esperaba en banderillas el tercero. Tras brindar a Ponce, le dio distancia Rom\u00e1n, vini\u00e9ndose arriba el de la A coronada. Faena muy intensa, de mucha entrega, tandas por bajo, respondiendo el animal que trasmit\u00eda mucho. Oreja de ley. <\/p>\n<p class=\"voc-p\">Palmas para el Victorino en el arrastre. <\/p>\n<p>18:58<\/p>\n<p>Im\u00e1genes de Mar\u00edn con el segundo<\/p>\n<p class=\"voc-p\">Fotos de Tania Sieira<\/p>\n<p>18:48<\/p>\n<p>Saluda una ovaci\u00f3n Gin\u00e9s<\/p>\n<p class=\"voc-p\">Se vino a menos el toro, que ten\u00eda un buen comienzo de muletazo. Embest\u00eda a veces con lentitud, pero se qued\u00f3 muy afligido. Por encima un buen Gin\u00e9s. Pinchazo y estocada. <\/p>\n<p>18:35<\/p>\n<p>Extraordinario Iv\u00e1n Garc\u00eda <\/p>\n<p class=\"voc-p\">El subalterno pone a Madrid en pie tras dos pares de categor\u00eda con un toro nada claro. <\/p>\n<p>18:35<\/p>\n<p>Im\u00e1genes de la cogida a Galv\u00e1n<\/p>\n<p>18:30<\/p>\n<p>Con Galv\u00e1n en la enfermer\u00eda, sale Gin\u00e9s<\/p>\n<p class=\"voc-p\">Se corre turno, y sale Gin\u00e9s a dejar unas buenas ver\u00f3nicas con una preciosa media, con el toro echando las manitas por delante. <\/p>\n<p>18:29<\/p>\n<p>Se hace cargo Rom\u00e1n<\/p>\n<p class=\"voc-p\">Lo caz\u00f3 Rom\u00e1n bien a la segunda, cayendo contraria la espada. <\/p>\n<p>18:22<\/p>\n<p>Espeluznante cogida a David Galv\u00e1n en el primero <\/p>\n<p class=\"voc-p\">Se levant\u00f3 mucho viento, por lo que comenz\u00f3 Galv\u00e1n en el 5, para protegerse. Entre la dificultad del toro por ese pit\u00f3n y el aire, la cosa se estaba poniendo imposible. <\/p>\n<p class=\"voc-p\">Por ah\u00ed le levant\u00f3 los pies del suelo el Victorino al gaditano en unos momentos horrorosos, ya que en el suelo volvi\u00f3 a cogerle por la chaquetilla y lanzarle por los aires. Tuvo que ser David llevado de inmediato a la enfermer\u00eda. <\/p>\n<p>18:16<\/p>\n<p>Sale el primer Victorino<\/p>\n<p class=\"voc-p\">A los medios se llev\u00f3 Galv\u00e1n al primero, para ganarle terreno. Con alegr\u00eda fue el Victorino al caballo, y r\u00e1pido fue el segundo tercio, aunque el toro hizo un par de extra\u00f1os por el derecho. <\/p>\n<p>18:05<\/p>\n<p>Lleno en los tendidos<\/p>\n<p class=\"voc-p\">Con un cielo c\u00e1rdeno ara la de Victorino, los tendidos lucen un ambiente inmejorable <\/p>\n<p>17:16<\/p>\n<p>Im\u00e1genes de los toros de Victorino<\/p>\n<p class=\"voc-p\">Los sobreros son de El Pilar.<\/p>\n<p class=\"voc-p\">Fotos de los toros de la divisa azulgrana de Plaza 1.<\/p>\n<p>17:15<\/p>\n<p>Orden de lidia<\/p>\n<p class=\"voc-p\">Ya se sabe el orden de lidia de la esperada corrida de Victorino.<\/p>\n<p class=\"voc-p\">Abre la tarde, N\u00b0 47, VERDADERO, 572 KG., 1\/21. G-1. CARDENO, PARA DAVID GALV\u00c1N<\/p>\n<p class=\"voc-p\">El segundo,   N\u00b0 51, ESQUINERO, 554 KG., 2\/21. G-1. CARDENO, PARA ROM\u00c1N<\/p>\n<p class=\"voc-p\">En tercer lugar, N\u00b080, MADRUGADOR, 561 KG., 2\/21. G-1. C\u00c1RDENO, PARA GIN\u00c9S MAR\u00cdN<\/p>\n<p class=\"voc-p\">El cuarto ser\u00e1 el N\u00b051, JAPON\u00c9S, 591 KG., 12\/19. G-O, C\u00c1RDENO, PARA DAVID GALV\u00c1N<\/p>\n<p class=\"voc-p\">El quinto ser\u00e1 N\u00b0106, PORTENTOSO, 555 KG., 12\/19. G-O, CARDENO, PARA ROM\u00c1N<\/p>\n<p class=\"voc-p\">Cerrar\u00e1 la tarde el N\u00b077, PLATUDO, 557 KG, 1\/21. G-1. CARDENO, PARA GIN\u00c9S MARIN<\/p>\n","protected":false},"excerpt":{"rendered":"Sigue en directo la \u00faltima hora de la corrida de toros en Las Ventas de Madrid por la&hellip;\n","protected":false},"author":2,"featured_media":170183,"comment_status":"","ping_status":"","sticky":false,"template":"","format":"standard","meta":{"footnotes":""},"categories":[91],"tags":[2429,2125,146,147,25,24,599,31619,17129,1458,315,205,8016,12190,4792,23,444,1885,7147],"class_list":{"0":"post-170182","1":"post","2":"type-post","3":"status-publish","4":"format-standard","5":"has-post-thumbnail","7":"category-entretenimiento","8":"tag-david","9":"tag-directo","10":"tag-entertainment","11":"tag-entretenimiento","12":"tag-es","13":"tag-espana","14":"tag-feria","15":"tag-galvan","16":"tag-gines","17":"tag-hora","18":"tag-hoy","19":"tag-madrid","20":"tag-marin","21":"tag-otono","22":"tag-roman","23":"tag-spain","24":"tag-toros","25":"tag-ultima","26":"tag-ventas"},"share_on_mastodon":{"url":"","error":""},"_links":{"self":[{"href":"https:\/\/www.europesays.com\/es\/wp-json\/wp\/v2\/posts\/170182","targetHints":{"allow":["GET"]}}],"collection":[{"href":"https:\/\/www.europesays.com\/es\/wp-json\/wp\/v2\/posts"}],"about":[{"href":"https:\/\/www.europesays.com\/es\/wp-json\/wp\/v2\/types\/post"}],"author":[{"embeddable":true,"href":"https:\/\/www.europesays.com\/es\/wp-json\/wp\/v2\/users\/2"}],"replies":[{"embeddable":true,"href":"https:\/\/www.europesays.com\/es\/wp-json\/wp\/v2\/comments?post=170182"}],"version-history":[{"count":0,"href":"https:\/\/www.europesays.com\/es\/wp-json\/wp\/v2\/posts\/170182\/revisions"}],"wp:featuredmedia":[{"embeddable":true,"href":"https:\/\/www.europesays.com\/es\/wp-json\/wp\/v2\/media\/170183"}],"wp:attachment":[{"href":"https:\/\/www.europesays.com\/es\/wp-json\/wp\/v2\/media?parent=170182"}],"wp:term":[{"taxonomy":"category","embeddable":true,"href":"https:\/\/www.europesays.com\/es\/wp-json\/wp\/v2\/categories?post=170182"},{"taxonomy":"post_tag","embeddable":true,"href":"https:\/\/www.europesays.com\/es\/wp-json\/wp\/v2\/tags?post=170182"}],"curies":[{"name":"wp","href":"https:\/\/api.w.org\/{rel}","templated":true}]}}