{"id":170188,"date":"2025-10-11T18:54:09","date_gmt":"2025-10-11T18:54:09","guid":{"rendered":"https:\/\/www.europesays.com\/es\/170188\/"},"modified":"2025-10-11T18:54:09","modified_gmt":"2025-10-11T18:54:09","slug":"colonos-y-soldados-sionistas-atacan-la-recoleccion-de-aceitunas-al-sur-de-nablus-el-salto","status":"publish","type":"post","link":"https:\/\/www.europesays.com\/es\/170188\/","title":{"rendered":"Colonos y soldados sionistas atacan la recolecci\u00f3n de aceitunas al sur de Nablus &#8211; El Salto"},"content":{"rendered":"<ol>\n<li><a href=\"https:\/\/news.google.com\/rss\/articles\/CBMirwFBVV95cUxNdTc0R3NwS21lNWhLeGpfdDdNcU9vQmxRSnBtN2htdnJzdC0xM3hVMkducmlMb2RkTGgxZ0FmWmNCcU1yU0ZnVzVBT3ZsR1pPYnlLakJiVHJsZnZwWk52VUhvRkZJcWdVOGp3RVRZN19GWkNQdm5panB3TnFZNXFUTVZYX3paU25pR250bTFLaG1nTDNGcmxXRzVPU2k4U1U1ODdLT25oWkpiUldIeG9n?oc=5\" target=\"_blank\" rel=\"nofollow noopener\">Colonos y soldados sionistas atacan la recolecci\u00f3n de aceitunas al sur de Nablus<\/a>&nbsp;&nbsp;El Salto<\/li>\n<li><a href=\"https:\/\/news.google.com\/rss\/articles\/CBMiywFBVV95cUxQNkJmdjZCX19BelY4bnRWTVRtVHNLMXlYUGtyM29OZFA4cjdNeXZodjljN29HVEVqUm9yeVVMYlNWX2h5OThRb19hZ0pKcGpCa1g1WkNoeTBsQTBGdTZ1SjdPZDBycDkxWXp1ZnpUQURtSjhMdmN5NVgzYUpYUjFaYy1mU09COXF0Z0tVcDYybzhXcmVuNTh5WTlmVHNCdk9zMHdOdUliVFlEbENuRFp5enZucXRhRWFkSU1USUM1VW9PLW9WOXFCSXA2aw?oc=5\" target=\"_blank\" rel=\"nofollow noopener\">Un fot\u00f3grafo de AFP resulta herido en un ataque de colonos israel\u00edes en Cisjordania<\/a>&nbsp;&nbsp;SWI swissinfo.ch<\/li>\n<li><a href=\"https:\/\/news.google.com\/rss\/articles\/CBMitAFBVV95cUxNNnBlVlVJY3NsclZWYWt6bnBxX2dnWlJvZy1pWmxMXzllcjVvM0pnM2NTSWtqN3ZzazliM0NiYkpqWGxnaXJaNFU5YWQtam11U1k1U01UVVJNS256ZTl3QUxWeW9GQ1haZ3VFbFRtNG51bE44c2d2bnpUVFZoTnNSTkNpWjJQek1HWUNHQWg2SllnUldGSW4zRUQ5dnl3M09pNU9sV3B1ZEhVT29yck1vQWREaXTSAboBQVVfeXFMT3dSR2RYdGVqeXVfR3dvN202QmJuR0tkZlhIZDNGU1hSS191N0NyLWhPaUEtRmtFbk9lQXpQRFNxUjZ0WVBYbUdsZFdMMjRtUGRIelFIa0ROdm9wTHM3NWplNDc3czNycGpDYWprV2ptWERHLUlmYjJuTlQycjVpN2hmTnVQcjNOMzFlZTZYazVjZW1DNF9Sdnd6ZEU1d0szREx1dXFKcFJYMUNDLWZCN2REOFMwTU5hNmxn?oc=5\" target=\"_blank\" rel=\"nofollow noopener\">Ham\u00e1s dice que las agresiones contra palestinos en Cisjordania son un plan de judaizaci\u00f3n<\/a>&nbsp;&nbsp;Deia<\/li>\n<li><a href=\"https:\/\/news.google.com\/rss\/articles\/CBMinAJBVV95cUxNd1QzeGNIaG9DUW5VNnMyVU13X3ZlZHJhREpSQ2Z2M1cwZERaNjhKRUd2YmhBd2VocmhEczJROUVUY0RYazBjMzFjdlNQd2NiVmRRaXlYbkFXaE03a2Vzc0Mzd05kc3FxMGcyR3ptM1Z6MDk0ZXBjcHZmRDc1T3V0ZlFHZGhmV1h0d3B4Y2VvX21CSmY4LVlOc1JMUllyaEJXRVQ1VU50SzlSZmRIMG1ULUtzck9sTHNoejI1bXZLMnlDZjh0VUFTUGl4YlhOdVViaERFYk13RUl2YmtOS0ZNbzM5OUNwYnZmaV9fZmJ6dHNRaEFVT1FZS05DMEJpMmNHNWtfUlpWbnptb19iNVhOeGtyLVNaMEc4LWhKMA?oc=5\" target=\"_blank\" rel=\"nofollow noopener\">Palestina. Ataque de colonos deja un palestino muerto y 3 heridos en Cisjordania \/ \u00abIsrael\u00bb asesina y destruye en Gaza seg\u00fan un patr\u00f3n sistem\u00e1tico<\/a>&nbsp;&nbsp;Resumen Latinoamericano &#8211;<\/li>\n<li><a href=\"https:\/\/news.google.com\/rss\/articles\/CBMiSEFVX3lxTE00TEt3cFJCZEFISGRzN1BXSkM5cU1VNlozek5wTTQyWjR1Z2FzcjZYMXNnUEVCUFR4MURvZ1FKTjdiUTVOM0JjTg?oc=5\" target=\"_blank\" rel=\"nofollow noopener\">Ocupante israel\u00ed arresta a 7 civiles en Cisjordania<\/a>&nbsp;&nbsp;\u0633\u0627\u0646\u0627<\/li>\n<\/ol>\n","protected":false},"excerpt":{"rendered":"Colonos y soldados sionistas atacan la recolecci\u00f3n de aceitunas al sur de Nablus&nbsp;&nbsp;El Salto Un fot\u00f3grafo de AFP&hellip;\n","protected":false},"author":2,"featured_media":170189,"comment_status":"","ping_status":"","sticky":false,"template":"","format":"standard","meta":{"footnotes":""},"categories":[42],"tags":[517,17,18,13,14,79,11,61,62,63,64,19,20,9,10,15,16,12,21,22,65,66,67],"class_list":{"0":"post-170188","1":"post","2":"type-post","3":"status-publish","4":"format-standard","5":"has-post-thumbnail","7":"category-internacional","8":"tag-actualidad","9":"tag-breaking-news","10":"tag-breakingnews","11":"tag-featured-news","12":"tag-featurednews","13":"tag-genocidio","14":"tag-headlines","15":"tag-internacional","16":"tag-international","17":"tag-international-news","18":"tag-internationalnews","19":"tag-latest-news","20":"tag-latestnews","21":"tag-news","22":"tag-noticias","23":"tag-noticias-destacadas","24":"tag-noticiasdestacadas","25":"tag-titulares","26":"tag-ultimas-noticias","27":"tag-ultimasnoticias","28":"tag-world","29":"tag-world-news","30":"tag-worldnews"},"share_on_mastodon":{"url":"","error":""},"_links":{"self":[{"href":"https:\/\/www.europesays.com\/es\/wp-json\/wp\/v2\/posts\/170188","targetHints":{"allow":["GET"]}}],"collection":[{"href":"https:\/\/www.europesays.com\/es\/wp-json\/wp\/v2\/posts"}],"about":[{"href":"https:\/\/www.europesays.com\/es\/wp-json\/wp\/v2\/types\/post"}],"author":[{"embeddable":true,"href":"https:\/\/www.europesays.com\/es\/wp-json\/wp\/v2\/users\/2"}],"replies":[{"embeddable":true,"href":"https:\/\/www.europesays.com\/es\/wp-json\/wp\/v2\/comments?post=170188"}],"version-history":[{"count":0,"href":"https:\/\/www.europesays.com\/es\/wp-json\/wp\/v2\/posts\/170188\/revisions"}],"wp:featuredmedia":[{"embeddable":true,"href":"https:\/\/www.europesays.com\/es\/wp-json\/wp\/v2\/media\/170189"}],"wp:attachment":[{"href":"https:\/\/www.europesays.com\/es\/wp-json\/wp\/v2\/media?parent=170188"}],"wp:term":[{"taxonomy":"category","embeddable":true,"href":"https:\/\/www.europesays.com\/es\/wp-json\/wp\/v2\/categories?post=170188"},{"taxonomy":"post_tag","embeddable":true,"href":"https:\/\/www.europesays.com\/es\/wp-json\/wp\/v2\/tags?post=170188"}],"curies":[{"name":"wp","href":"https:\/\/api.w.org\/{rel}","templated":true}]}}