{"id":170196,"date":"2025-10-11T18:58:25","date_gmt":"2025-10-11T18:58:25","guid":{"rendered":"https:\/\/www.europesays.com\/es\/170196\/"},"modified":"2025-10-11T18:58:25","modified_gmt":"2025-10-11T18:58:25","slug":"paco-canamero-presenta-la-biografia-del-torero-juan-jose-en-alba-salamancartv-al-dia","status":"publish","type":"post","link":"https:\/\/www.europesays.com\/es\/170196\/","title":{"rendered":"Paco Ca\u00f1amero presenta la biograf\u00eda del torero Juan Jos\u00e9 en Alba &#8211; SALAMANCArtv AL D\u00cdA"},"content":{"rendered":"<p class=\"prip\">La figura de <strong>Juan Jos\u00e9<\/strong>, el diestro de <strong>La Fuente de San Esteban<\/strong>, ha vuelto a brillar con fuerza en el Sal\u00f3n del Ayuntamiento de <strong>Alba de Tormes<\/strong>. El cr\u00edtico taurino <strong>Paco Ca\u00f1amero<\/strong> ha presentado su libro biogr\u00e1fico, &#8216;Juan Jos\u00e9, El Torero&#8217;, un homenaje necesario a un hombre que, en palabras del autor, fue \u00abun torero que toc\u00f3 en muy breve espacio de tiempo la miel y la hiel\u00bb. El acto, organizado por la <strong>Asociaci\u00f3n Taurina &#8217;15 de Octubre&#8217;<\/strong>, ha congregado a aficionados que han querido recordar y redescubrir la historia de un maestro cuya carrera, marcada por la gloria y la tragedia, forma parte indeleble de la tauromaquia salmantina.<\/p>\n<p>Un torero llamado a la gloria<\/p>\n<p>Paco Ca\u00f1amero, quien comparti\u00f3 paisanaje y una profunda amistad con el diestro, ha desgranado con emoci\u00f3n los pilares de la figura de Juan Jos\u00e9. Lo ha definido como un torero de corte cl\u00e1sico, un representante puro de la sobriedad y la verdad de la escuela castellana. Su toreo, cargado de emoci\u00f3n y pureza, lo posicion\u00f3 r\u00e1pidamente en la primera l\u00ednea del escalaf\u00f3n. \u00abEstaba llamado a ser el sucesor natural de <strong>Santiago Mart\u00edn &#8216;El Viti&#8217;<\/strong>, pero las circunstancias luego no fueron como \u00e9l quiso\u00bb, ha recordado Ca\u00f1amero, aludiendo al fat\u00eddico accidente que trunc\u00f3 una trayectoria destinada a las m\u00e1s altas cimas.<\/p>\n<p>El libro se centra en su etapa como matador de toros, un periodo breve pero de una intensidad desbordante. En esos a\u00f1os, Juan Jos\u00e9 disfrut\u00f3 de lo que todo aspirante a torero sue\u00f1a: pisar las grandes ferias, cosechar triunfos y obtener el reconocimiento econ\u00f3mico y profesional. Sin embargo, el destino le ten\u00eda reservado un duro rev\u00e9s que cambi\u00f3 su vida para siempre. Esta dualidad, entre el \u00e9xito fulgurante y el drama personal, es el eje sobre el que pivota una biograf\u00eda que busca hacer justicia a su legado.<\/p>\n<p>El idilio permanente con Alba de Tormes<\/p>\n<p>La elecci\u00f3n de Alba de Tormes para la presentaci\u00f3n no ha sido casual. Como ha explicado el autor, Juan Jos\u00e9 sent\u00eda un profundo amor por la villa ducal, un lugar donde contaba con grandes amigos y al que acud\u00eda con frecuencia. \u00abEra un gran enamorado de Alba de Tormes, aqu\u00ed ten\u00eda muchos amigos, le gustaba mucho venir\u00bb, ha afirmado Ca\u00f1amero. Su presencia fue una constante en la vida taurina albense, tanto en su etapa en activo, participando en varios festivales en la Plaza Vieja, como posteriormente.<\/p>\n<p>Su implicaci\u00f3n fue especialmente notable durante su etapa al frente de la <strong>Escuela de Tauromaquia de Salamanca<\/strong>. Juan Jos\u00e9 se volc\u00f3 para que Alba tuviera un papel protagonista. Fue una figura clave en la \u00e9poca de los festivales impulsados por <strong>Jos\u00e9 Y\u00e1\u00f1ez<\/strong> y, de manera crucial, asesor\u00f3 en el dise\u00f1o y la construcci\u00f3n de la plaza de toros local, un proyecto de escuela taller. \u00abDon Juan Jos\u00e9 siempre fue una persona que estuvo ah\u00ed, que los ayud\u00f3 mucho a la distribuci\u00f3n de corrales, chiqueros, burladeros\u00bb, ha detallado el bi\u00f3grafo. Gracias a su empe\u00f1o, Alba de Tormes lleg\u00f3 a acoger varias finales nacionales de escuelas de tauromaquia, consolidando su prestigio en el mapa taurino.<\/p>\n<p><img loading=\"lazy\" decoding=\"async\" class=\"tinymceimage\"   width=\"714\" height=\"463\" src=\"https:\/\/www.europesays.com\/es\/wp-content\/uploads\/2025\/10\/IMG_8011_1.jpg\" alt=\"Paco Ca\u00f1amero recupera la memoria de Juan Jos\u00e9, el torero que &quot;toc\u00f3 la miel y la hiel&quot; | Imagen 1\"\/><\/p>\n<p>Embajador y s\u00edmbolo de La Fuente de San Esteban<\/p>\n<p>Si su v\u00ednculo con Alba fue fuerte, su conexi\u00f3n con su pueblo natal, <strong>La Fuente de San Esteban<\/strong>, fue existencial. Ca\u00f1amero, paisano del torero, ha hablado desde el conocimiento \u00edntimo que le dio crecer en el mismo ambiente taurino, cuna de grandes figuras como <strong>Paco Pallares<\/strong> y su contempor\u00e1neo <strong>Julio Robles<\/strong>. \u00abJuan Jos\u00e9 fue un embajador de La Fuente de San Esteban\u00bb, ha sentenciado con rotundidad. A pesar de tener la oportunidad de vivir en grandes capitales como Salamanca o Madrid, eligi\u00f3 permanecer aferrado a sus ra\u00edces.<\/p>\n<p>\u00abFue un hombre que pudo tener oportunidad de haber vivido en otro sitio, pero siempre estuvo aferrado a su pueblo. <strong>All\u00ed naci\u00f3, all\u00ed vivi\u00f3, all\u00ed muri\u00f3, all\u00ed est\u00e1 enterrado<\/strong>\u00ab, ha subrayado Ca\u00f1amero en una de las declaraciones m\u00e1s emotivas. Esta lealtad a su tierra y a su gente lo convirti\u00f3 en un verdadero s\u00edmbolo, un hombre que se sent\u00eda profundamente identificado con las tradiciones y el d\u00eda a d\u00eda de su pueblo.<\/p>\n<p>La memoria de su arte y su persona<\/p>\n<p>Aunque el tiempo tiende a difuminar los recuerdos, la huella de Juan Jos\u00e9 permanece viva en la memoria de los buenos aficionados. Ca\u00f1amero ha evocado algunas de sus actuaciones m\u00e1s memorables: la faena a un toro de <strong>Jandilla<\/strong> en Salamanca, su tarde con un astado de <strong>Vitorino<\/strong> en Madrid o una corrida de <strong>Antonio P\u00e9rez<\/strong> en \u00abCastro Urdiales\u00bb. Fueron tardes en las que dej\u00f3 constancia de su inmensa categor\u00eda y grandeza.<\/p>\n<p>El autor ha reflexionado sobre la fragilidad de la memoria colectiva en el mundo del toro. \u00abDesgraciadamente, la gente, cuando uno desaparece y llegan otros, pues se olvidan muy pronto, pero <strong>Juan Jos\u00e9 siempre goza del respeto y la consideraci\u00f3n de los aficionados<\/strong>\u00ab, ha matizado. M\u00e1s all\u00e1 del torero, el libro reivindica a la persona. Ca\u00f1amero ha cerrado su intervenci\u00f3n destacando su lado m\u00e1s humano, el que explica por qu\u00e9 cosech\u00f3 tantas y tan buenas amistades a lo largo de su vida.<\/p>\n<p>\u00abFue una persona muy generosa, con un coraz\u00f3n de oro\u00bb, ha concluido. Tras la presentaci\u00f3n, los asistentes han podido charlar con el autor, compartir recuerdos sobre el maestro y llevarse un ejemplar firmado de una obra que no solo narra una vida, sino que rescata del olvido a una figura esencial del toreo salmantino.<\/p>\n","protected":false},"excerpt":{"rendered":"La figura de Juan Jos\u00e9, el diestro de La Fuente de San Esteban, ha vuelto a brillar con&hellip;\n","protected":false},"author":2,"featured_media":170197,"comment_status":"","ping_status":"","sticky":false,"template":"","format":"standard","meta":{"footnotes":""},"categories":[277],"tags":[9777,49500,373,168,25,24,46131,1496,10,13265,23,167,374],"class_list":{"0":"post-170196","1":"post","2":"type-post","3":"status-publish","4":"format-standard","5":"has-post-thumbnail","7":"category-toreo","8":"tag-alba-de-tormes","9":"tag-asociacion-taurina-15-de-octubre","10":"tag-bullfighting","11":"tag-deportes","12":"tag-es","13":"tag-espana","14":"tag-juan-jose","15":"tag-libro","16":"tag-noticias","17":"tag-paco-canamero","18":"tag-spain","19":"tag-sports","20":"tag-toreo"},"share_on_mastodon":{"url":"","error":""},"_links":{"self":[{"href":"https:\/\/www.europesays.com\/es\/wp-json\/wp\/v2\/posts\/170196","targetHints":{"allow":["GET"]}}],"collection":[{"href":"https:\/\/www.europesays.com\/es\/wp-json\/wp\/v2\/posts"}],"about":[{"href":"https:\/\/www.europesays.com\/es\/wp-json\/wp\/v2\/types\/post"}],"author":[{"embeddable":true,"href":"https:\/\/www.europesays.com\/es\/wp-json\/wp\/v2\/users\/2"}],"replies":[{"embeddable":true,"href":"https:\/\/www.europesays.com\/es\/wp-json\/wp\/v2\/comments?post=170196"}],"version-history":[{"count":0,"href":"https:\/\/www.europesays.com\/es\/wp-json\/wp\/v2\/posts\/170196\/revisions"}],"wp:featuredmedia":[{"embeddable":true,"href":"https:\/\/www.europesays.com\/es\/wp-json\/wp\/v2\/media\/170197"}],"wp:attachment":[{"href":"https:\/\/www.europesays.com\/es\/wp-json\/wp\/v2\/media?parent=170196"}],"wp:term":[{"taxonomy":"category","embeddable":true,"href":"https:\/\/www.europesays.com\/es\/wp-json\/wp\/v2\/categories?post=170196"},{"taxonomy":"post_tag","embeddable":true,"href":"https:\/\/www.europesays.com\/es\/wp-json\/wp\/v2\/tags?post=170196"}],"curies":[{"name":"wp","href":"https:\/\/api.w.org\/{rel}","templated":true}]}}