{"id":170222,"date":"2025-10-11T19:15:11","date_gmt":"2025-10-11T19:15:11","guid":{"rendered":"https:\/\/www.europesays.com\/es\/170222\/"},"modified":"2025-10-11T19:15:11","modified_gmt":"2025-10-11T19:15:11","slug":"daimiel-se-prepara-para-mirar-al-universo-en-la-ix-jornada-de-astronomia-visiones-cosmicas","status":"publish","type":"post","link":"https:\/\/www.europesays.com\/es\/170222\/","title":{"rendered":"Daimiel se prepara para mirar al universo en la IX Jornada de Astronom\u00eda \u2018Visiones c\u00f3smicas\u2019"},"content":{"rendered":"<p dir=\"ltr\"><b id=\"docs-internal-guid-96885b15-7fff-69a5-f391-e9bbbbc97e52\">El Centro del Agua \u2018Savia\u2019 ha acogido este s\u00e1bado por la ma\u00f1ana la IX Jornada de Astronom\u00eda \u2018Ciudad de Daimiel\u2019, que este a\u00f1o se ha celebrado bajo el lema \u2018Visiones c\u00f3smicas\u2019. La cita, organizada por la Asociaci\u00f3n Daimiele\u00f1a de Astronom\u00eda (ADA) y el Ayuntamiento, ha reunido a aficionados y divulgadores en una jornada dedicada a explorar las distintas formas en que la humanidad ha observado y comprendido el universo a lo largo de la historia.<\/b><\/p>\n<p><b id=\"docs-internal-guid-b79239a1-7fff-4e79-1ba0-c3a887019736\">Daimiel Noticias. \u2013 <\/b>La comprensi\u00f3n del universo ha protagonizado la ma\u00f1ana del viernes en Daimiel, donde se ha celebrado la novena edici\u00f3n de la jornada que cada a\u00f1o organiza la Asociaci\u00f3n Daimiele\u00f1a de Astronom\u00eda (ADA) con el Ayuntamiento en el Centro del Agua \u2018Savia\u2019 de la localidad.<\/p>\n<p>Miguel \u00c1ngel Mart\u00edn Serrano, presidente de la asociaci\u00f3n, ha sido el encargado de presentar a los ponentes de esta novena edici\u00f3n que ha vuelto a contar con la presencia del alcalde, Leopoldo Sierra, y de la concejal de Cultura, Lourdes Rodr\u00edguez de Guzm\u00e1n. En su intervenci\u00f3n, el primer edil ha agradecido a la asociaci\u00f3n su labor constante en la difusi\u00f3n del conocimiento astron\u00f3mico y su compromiso con la educaci\u00f3n cient\u00edfica, al tiempo que ha agradecido a los ponentes su \u201cgenerosidad\u201d al compartir \u201csaber, trabajo y proyectos\u201d que, dijo, \u201campliar\u00e1n seguro nuestra comprensi\u00f3n del cosmos\u201d y \u201cnos animan a seguir mirando el cielo con curiosidad\u201d.<\/p>\n<p>  <img loading=\"lazy\" decoding=\"async\" src=\"https:\/\/www.europesays.com\/es\/wp-content\/uploads\/2025\/10\/20251011_095728_1.jpg\" width=\"4032\" height=\"1816\" alt=\"Un momento de las jornadas.\" typeof=\"foaf:Image\" class=\"img-fluid\"\/><br \/>\nUn momento de las jornadas.<\/p>\n<p>No ha querido finalizar el alcalde sin animar a todos aquellos que se han trasladado hasta Daimiel a conocer la ciudad y los productos de una tierra que, asegur\u00f3, tiene mucho que ofrecer\u201d.<\/p>\n<p>El programa ha contado con varias ponencias que han abordado la astronom\u00eda desde perspectivas diversas. La primera en intervenir ha sido Laura Toribio San Cipriano, doctora en Astrof\u00edsica, que ha realizado un recorrido a trav\u00e9s de la historia para revisar la evoluci\u00f3n de la visi\u00f3n cosmol\u00f3gica del universo bajo el t\u00edtulo \u2018De mitos a galaxias\u2019.<\/p>\n<p>A continuaci\u00f3n, uno de los miembros de la Agrupaci\u00f3n Astron\u00f3mica de Madrid (AAM), Alejandro Mendiolagoitia, ha protagonizado una interesante charla acerca de c\u00f3mo se ve el cielo durante el oto\u00f1o y el invierno, aunque desde una perspectiva diferente a la habitual, \u201cen cuatro dimensiones\u201d. Las constelaciones han sido las protagonistas de la primera parte de su intervenci\u00f3n, que ha avanzado introduciendo otros conceptos m\u00e1s complejos y menos conocidos, como el ciclo evolutivo de las estrellas y la profundidad del cosmos, as\u00ed como el tr\u00e1fico estelar existente en la V\u00eda L\u00e1ctea.<\/p>\n<p>  <img loading=\"lazy\" decoding=\"async\" src=\"https:\/\/www.europesays.com\/es\/wp-content\/uploads\/2025\/10\/20251011_093657_1.jpg\" width=\"4000\" height=\"1800\" alt=\"Representantes de la asociaci\u00f3n junto a los ponentes.\" typeof=\"foaf:Image\" class=\"img-fluid\"\/><br \/>\nRepresentantes de la asociaci\u00f3n junto a los ponentes.<\/p>\n<p>La sesi\u00f3n matinal ha concluido con un sentido homenaje p\u00f3stumo a Florentino Caballero Santacruz, miembro de la Asociaci\u00f3n Daimiele\u00f1a de Astronom\u00eda.<\/p>\n<p>Con motivo de las jornadas, la Asociaci\u00f3n Daimiele\u00f1a de Astronom\u00eda ha celebrado adem\u00e1s una jornada de puertas abiertas de su sede para mostrar al p\u00fablico las instalaciones que actualmente albergan la exposici\u00f3n \u2018Mujeres Astr\u00f3nomas\u2019.<\/p>\n<p>Ya por la noche, la jornada del s\u00e1bado se completar\u00e1 con una observaci\u00f3n astron\u00f3mica abierta al p\u00fablico en el aparcamiento del Parque Nacional de las Tablas de Daimiel, una actividad que permitir\u00e1 a los participantes disfrutar del cielo estrellado de Daimiel y conocer de cerca el trabajo que desarrolla la asociaci\u00f3n.<\/p>\n<p>Con esta novena edici\u00f3n, la Jornada de Astronom\u00eda \u2018Ciudad de Daimiel\u2019 reafirma su papel como punto de encuentro entre ciencia, cultura y ciudadan\u00eda, y como una oportunidad \u00fanica para seguir mirando al cielo con curiosidad y asombro.<\/p>\n","protected":false},"excerpt":{"rendered":"El Centro del Agua \u2018Savia\u2019 ha acogido este s\u00e1bado por la ma\u00f1ana la IX Jornada de Astronom\u00eda \u2018Ciudad&hellip;\n","protected":false},"author":2,"featured_media":170223,"comment_status":"","ping_status":"","sticky":false,"template":"","format":"standard","meta":{"footnotes":""},"categories":[81],"tags":[49505,119,123,124,3010,25,24,10101,117,121,122,23,118,120],"class_list":{"0":"post-170222","1":"post","2":"type-post","3":"status-publish","4":"format-standard","5":"has-post-thumbnail","7":"category-ciencia-y-tecnologia","8":"tag-asociacion-daimielena-de-astronomia","9":"tag-ciencia","10":"tag-ciencia-y-tecnologia","11":"tag-cienciaytecnologia","12":"tag-daimiel","13":"tag-es","14":"tag-espana","15":"tag-jornadas","16":"tag-science","17":"tag-science-and-technology","18":"tag-scienceandtechnology","19":"tag-spain","20":"tag-technology","21":"tag-tecnologia"},"share_on_mastodon":{"url":"","error":""},"_links":{"self":[{"href":"https:\/\/www.europesays.com\/es\/wp-json\/wp\/v2\/posts\/170222","targetHints":{"allow":["GET"]}}],"collection":[{"href":"https:\/\/www.europesays.com\/es\/wp-json\/wp\/v2\/posts"}],"about":[{"href":"https:\/\/www.europesays.com\/es\/wp-json\/wp\/v2\/types\/post"}],"author":[{"embeddable":true,"href":"https:\/\/www.europesays.com\/es\/wp-json\/wp\/v2\/users\/2"}],"replies":[{"embeddable":true,"href":"https:\/\/www.europesays.com\/es\/wp-json\/wp\/v2\/comments?post=170222"}],"version-history":[{"count":0,"href":"https:\/\/www.europesays.com\/es\/wp-json\/wp\/v2\/posts\/170222\/revisions"}],"wp:featuredmedia":[{"embeddable":true,"href":"https:\/\/www.europesays.com\/es\/wp-json\/wp\/v2\/media\/170223"}],"wp:attachment":[{"href":"https:\/\/www.europesays.com\/es\/wp-json\/wp\/v2\/media?parent=170222"}],"wp:term":[{"taxonomy":"category","embeddable":true,"href":"https:\/\/www.europesays.com\/es\/wp-json\/wp\/v2\/categories?post=170222"},{"taxonomy":"post_tag","embeddable":true,"href":"https:\/\/www.europesays.com\/es\/wp-json\/wp\/v2\/tags?post=170222"}],"curies":[{"name":"wp","href":"https:\/\/api.w.org\/{rel}","templated":true}]}}