{"id":170234,"date":"2025-10-11T19:21:08","date_gmt":"2025-10-11T19:21:08","guid":{"rendered":"https:\/\/www.europesays.com\/es\/170234\/"},"modified":"2025-10-11T19:21:08","modified_gmt":"2025-10-11T19:21:08","slug":"importante-oreja-de-roman-en-una-tarde-exigente-de-victorino-en-la-que-david-galvan-resulto-herido","status":"publish","type":"post","link":"https:\/\/www.europesays.com\/es\/170234\/","title":{"rendered":"Importante oreja de Rom\u00e1n en una tarde exigente de Victorino en la que David Galv\u00e1n result\u00f3 herido"},"content":{"rendered":"<p>La <a href=\"https:\/\/okdiario.com\/toros\/feria-otono-ventas-bate-nuevo-record-19-428-abanados-15423790\" rel=\"nofollow noopener\" target=\"_blank\">Feria de Oto\u00f1o<\/a> entra en su recta final este fin de semana con un cartel que ha generado gran expectaci\u00f3n. Regresaba el tradicional hierro de Victorino Mart\u00edn para los toreros: <strong>David Galv\u00e1n<\/strong>, que volv\u00eda a Madrid tras su gran actuaci\u00f3n en San Isidro; <strong>Rom\u00e1n<\/strong>, el valenciano regresaba a pisar el ruedo madrile\u00f1o, que es uno de sus favoritos, y por \u00faltimo <strong>Gin\u00e9s Mar\u00edn,<\/strong> que puso m\u00e1s esfuerzo que nunca en una corrida muy exigente. Fue una tarde muy emocionante.<\/p>\n<p>Abri\u00f3 plaza David Galv\u00e1n ante un primer toro muy exigente, que recibi\u00f3 un gran aplauso a su salida. Lo salud\u00f3 con mucho gusto con el capote. El viento empez\u00f3 a molestar cuando empez\u00f3 la faena y mientras elaboraba una serie por la diestra, fue prendido bruscamente y dio una fuerte voltereta cayendo de golpe en muy malas condiciones. Fue trasladado de inmediato a enfermer\u00eda y Rom\u00e1n puso fin al primer toro. Galv\u00e1n fue trasladado tras ser examinado al hospital Gregorio Mara\u00f1\u00f3n por el fuerte golpe en la cabeza y una cornada en las costillas. El parte m\u00e9dico detall\u00f3: \u00abTraumatismo craneoencef\u00e1lico con p\u00e9rdida de conocimiento. Puntazo corrido en cara posterior de hemit\u00f3rax izquierdo con contusi\u00f3n en parilla costal izquierda pendiente de estudio radiol\u00f3gico\u00bb.<\/p>\n<p>Se corri\u00f3 turno y continu\u00f3 con el segundo toro Gin\u00e9s Mar\u00edn, que lo recibi\u00f3 con un gran ramillete de ver\u00f3nicas y un gran quite por tafalleras. Se emple\u00f3 en el caballo y en banderillas. Brind\u00f3 al p\u00fablico la faena. Mostr\u00f3 mucho valor de principio a fin de la faena dejando buenos momentos por la derecha a pesar de poca clase del animal. Cambi\u00f3 al natural donde luci\u00f3 un par de series exquisitas que animaron los tendidos. El animal fue a menos y no le dio m\u00e1s opciones. Le cost\u00f3 la espada y tras un pinchazo abrevi\u00f3. Recibi\u00f3 una fuerte ovaci\u00f3n.<\/p>\n<p>El tercer toro de la tarde fue para Rom\u00e1n, un astado con muy buenas condiciones. Dej\u00f3 muy buen saludo por medias ver\u00f3nicas y cumpli\u00f3 en el caballo. A pesar de la exigencia del animal el valenciano dej\u00f3 una gran faena. Midi\u00f3 al animal por ambos pitones siempre con la mano muy baja consiguiendo dejar varias series que levantaron los ol\u00e9s de los tendidos. Con la pierna anclada en el albero finaliz\u00f3 la faena toreando por lo bajo. Finaliz\u00f3 con media estocada y recibi\u00f3 un trofeo.<\/p>\n<p>Gin\u00e9s Marin no tuvo muchas opciones de lucimiento con el cuarto, ya que apenas se mov\u00eda desde su salida y no dio posibilidades con el capote ni con el caballo. Puso mucho esfuerzo para intentar sacar todo lo que ten\u00eda el animal. A base de paciencia pudo lucir algunas tandas de muletazos ligados. Poco a poco el animal fue perdiendo fuerza. Finaliz\u00f3 tras un pinchazo. Fue silenciado.<\/p>\n<p>Rom\u00e1n dej\u00f3 una gran faena con el quinto. Se luci\u00f3 en el capote y en el caballo.<br \/>A pesar de que fue una faena exigente de principio a fin Rom\u00e1n cumpli\u00f3. Brind\u00f3 al p\u00fablico y empez\u00f3 por doblones. Dej\u00f3 los mejores momentos por la derecha. Cambi\u00f3 de mano dejando dos series al natural de mucha exigencia. Consigui\u00f3 tener los tendidos muy atentos durante toda su actuaci\u00f3n. La estocada le hizo guardia. Recibi\u00f3 petici\u00f3n de oreja, pero no fue atendida y fue ovacionado.<\/p>\n<p>Cerr\u00f3 la tarde Gin\u00e9s Mar\u00edn ante un sexto toro que pas\u00f3 desapercibido en el capote. Se emple\u00f3 en el caballo. Dej\u00f3 una faena de mucho esfuerzo Gin\u00e9s, ya que el toro ten\u00eda una tendencia peligrosa y en algunos momentos se jug\u00f3 la vida. Tras no conseguir ligar muletazos decidi\u00f3 abreviar al no ver claro el triunfo. Tampoco atin\u00f3 con la espada, tras varios pinchados consigui\u00f3 poner punto y final a la tarde y fue silenciado.<\/p>\n<p>Ficha del festejo<\/p>\n<p>Plaza de toros de Las Ventas, Madrid. Corrida de toros. S\u00e9ptimo festejo de la Feria de Oto\u00f1o 2025. Lleno. Toros de Victorino Mart\u00edn.<\/p>\n<p>David Galv\u00e1n: herido<br \/>Rom\u00e1n: silencio, oreja y ovaci\u00f3n.<br \/>Gin\u00e9s Mar\u00edn: ovaci\u00f3n, silencio y silencio.<\/p>\n","protected":false},"excerpt":{"rendered":"La Feria de Oto\u00f1o entra en su recta final este fin de semana con un cartel que ha&hellip;\n","protected":false},"author":2,"featured_media":170235,"comment_status":"","ping_status":"","sticky":false,"template":"","format":"standard","meta":{"footnotes":""},"categories":[277],"tags":[373,168,25,24,23,167,374],"class_list":{"0":"post-170234","1":"post","2":"type-post","3":"status-publish","4":"format-standard","5":"has-post-thumbnail","7":"category-toreo","8":"tag-bullfighting","9":"tag-deportes","10":"tag-es","11":"tag-espana","12":"tag-spain","13":"tag-sports","14":"tag-toreo"},"share_on_mastodon":{"url":"","error":""},"_links":{"self":[{"href":"https:\/\/www.europesays.com\/es\/wp-json\/wp\/v2\/posts\/170234","targetHints":{"allow":["GET"]}}],"collection":[{"href":"https:\/\/www.europesays.com\/es\/wp-json\/wp\/v2\/posts"}],"about":[{"href":"https:\/\/www.europesays.com\/es\/wp-json\/wp\/v2\/types\/post"}],"author":[{"embeddable":true,"href":"https:\/\/www.europesays.com\/es\/wp-json\/wp\/v2\/users\/2"}],"replies":[{"embeddable":true,"href":"https:\/\/www.europesays.com\/es\/wp-json\/wp\/v2\/comments?post=170234"}],"version-history":[{"count":0,"href":"https:\/\/www.europesays.com\/es\/wp-json\/wp\/v2\/posts\/170234\/revisions"}],"wp:featuredmedia":[{"embeddable":true,"href":"https:\/\/www.europesays.com\/es\/wp-json\/wp\/v2\/media\/170235"}],"wp:attachment":[{"href":"https:\/\/www.europesays.com\/es\/wp-json\/wp\/v2\/media?parent=170234"}],"wp:term":[{"taxonomy":"category","embeddable":true,"href":"https:\/\/www.europesays.com\/es\/wp-json\/wp\/v2\/categories?post=170234"},{"taxonomy":"post_tag","embeddable":true,"href":"https:\/\/www.europesays.com\/es\/wp-json\/wp\/v2\/tags?post=170234"}],"curies":[{"name":"wp","href":"https:\/\/api.w.org\/{rel}","templated":true}]}}