{"id":170250,"date":"2025-10-11T19:31:28","date_gmt":"2025-10-11T19:31:28","guid":{"rendered":"https:\/\/www.europesays.com\/es\/170250\/"},"modified":"2025-10-11T19:31:28","modified_gmt":"2025-10-11T19:31:28","slug":"mariella-huelmo-guerra-presenta-su-libro-cuatro-formas-del-temblor","status":"publish","type":"post","link":"https:\/\/www.europesays.com\/es\/170250\/","title":{"rendered":"Mariella Huelmo Guerra presenta su libro Cuatro formas del temblor"},"content":{"rendered":"<p><img fetchpriority=\"high\" decoding=\"async\" class=\"aligncenter wp-image-118058 size-full\" title=\"Mariella Huelmo Guerra\" src=\"https:\/\/www.europesays.com\/es\/wp-content\/uploads\/2025\/10\/Mariella-Huelmo-Guerra.jpg\" alt=\"Mariella Huelmo Guerra presenta su libro Cuatro formas del temblor. Octubre 2025\" width=\"978\" height=\"321\"  \/><\/p>\n<p>\u00a0<\/p>\n<p style=\"font-weight: 400;\"><strong>Mariella Huelmo Guerra\u00a0<\/strong><strong>presenta su libro\u00a0<\/strong><strong>Cuatro formas del temblor<\/strong><\/p>\n<p style=\"font-weight: 400;\"><strong>S\u00e1bado 11 de octubre 2025, Centro Cultural Nacional La Paloma.<\/strong><\/p>\n<p style=\"font-weight: 400;\"><strong>Jueves 16 de octubre 2025, Centro Cultural Ma. \u00c9lida Marquizio. Rocha.<\/strong><\/p>\n<p style=\"font-weight: 400;\"><strong>Viernes 24 de octubre 2025, Fundaci\u00f3n Mario Benedetti. Montevideo.<\/strong><\/p>\n<p style=\"font-weight: 400;\"><strong>Todas las presentaciones comienzan a las 19.30h. Entrada libre.<\/strong><\/p>\n<p style=\"font-weight: 400;\"><strong>\u00a0<\/strong><\/p>\n<p style=\"font-weight: 400;\">La poeta rochense Mariella Huelmo Guerra presenta su nuevo poemario\u00a0Cuatro formas del temblor\u00a0(Yaugur\u00fa, 2025) y estrena la performance\u00a0El vestido de la noche, basada en poemas del libro, con la direcci\u00f3n y puesta en escena de Isabel de la Fuente. El recorrido de presentaciones comenzar\u00e1 en La Paloma, el s\u00e1bado 11 de octubre en el Centro Cultural Nacional La Paloma. El jueves 16 se presentar\u00e1 en la ciudad de Rocha, en el Centro Cultural Ma. \u00c9lida Marquizio, donde adem\u00e1s contar\u00e1 con la participaci\u00f3n de la cantautora Vetina Acosta, que ha musicalizado poemas del libro. El viernes 24 se presentar\u00e1 en Montevideo, en la Fundaci\u00f3n Mario Benedetti, con la participaci\u00f3n de Fabi\u00e1n Severo e Isabel de la Fuente.<\/p>\n<p style=\"font-weight: 400;\">\u00a0<\/p>\n<p style=\"font-weight: 400;\">Cuatro formas del temblor\u00a0es un libro que confirma la importancia de la voz po\u00e9tica de su autora. Su poes\u00eda no es herm\u00e9tica, sino di\u00e1fana; no es atemperada, sino intensa; no es facilista, sino rigurosa. La lectura de todo libro es un viaje, y el provocado por esta obra transcurre entre emociones y sensaciones, recuerdos y enso\u00f1aciones, roturas y costuras. Poes\u00eda de la experiencia. Poes\u00eda del temblor.\u00a0<\/p>\n<p style=\"font-weight: 400;\">Eduardo Nogareda<\/p>\n<p style=\"font-weight: 400;\">\u00a0<\/p>\n<p style=\"font-weight: 400;\">Cuatro formas del temblor\u00a0es una experiencia po\u00e9tica que invita a la reflexi\u00f3n, a la pausa, a detener el tiempo al ritmo del verso. Un libro para confirmar que \u201csolo el v\u00e9rtigo existe\u201d y comprender, quiz\u00e1s, que aunque \u201cten\u00eda la noche un agujero por donde salir al campo\u201d, \u201cning\u00fan silencio tiene el tama\u00f1o de tu ausencia\u201d.\u00a0Mariella Huelmo es, sin duda, una de las voces m\u00e1s originales de la poes\u00eda uruguaya actual.<\/p>\n<p style=\"font-weight: 400;\">Fabi\u00e1n Severo<\/p>\n<p style=\"font-weight: 400;\">\u00a0<\/p>\n<p style=\"font-weight: 400;\"><strong>Mariella Huelmo Guerra<\/strong>\u00a0(Rocha, 1966). Profesora de Literatura egresada del IPA.<\/p>\n<p style=\"font-weight: 400;\">De forma individual ha publicado:\u00a0Del abismo\u00a0(poes\u00eda, 2000),\u00a0La orfandad de la piel\u00a0(poes\u00eda y prosa, 2014),\u00a0En el pliegue de la noche\u00a0(poes\u00eda, 2016). Integra diversas antolog\u00edas nacionales e internacionales. Realiza espect\u00e1culos po\u00e9tico musicales junto a diversos escritores y m\u00fasicos. En 2016 y 2017 particip\u00f3 de Festivales de arte en Argentina, Cuba y Espa\u00f1a. A nivel nacional estuvo presente en Encuentros literarios como\u00a0Naranja en llamas\u00a0(Salto, 2018),\u00a0Maldonauta\u00a0(Maldonado, 2023) y en reiteradas ocasiones en\u00a0Caramelos y Pimientos. En 2016 la Comuna de Rocha le otorg\u00f3 una distinci\u00f3n por su labor y aporte cultural a la ciudad. Desde 2017 y hasta la fecha coordina el taller literario\u00a0Dale t\u00fa que te toca a ti\u00a0(en Rocha y La Paloma) con el que ha publicado tres libros:\u00a0Poes\u00eda de mi\u00e9rcoles\u00a0(2018),\u00a0Fe de erratas\u00a0(2023) e\u00a0Ida y vuelta\u00a0(2024).<\/p>\n<p>\u00a0<\/p>\n<p>\u00a0<\/p>\n<p>(Visited 12 times, 12 visits today)<\/p>\n","protected":false},"excerpt":{"rendered":"\u00a0 Mariella Huelmo Guerra\u00a0presenta su libro\u00a0Cuatro formas del temblor S\u00e1bado 11 de octubre 2025, Centro Cultural Nacional La&hellip;\n","protected":false},"author":2,"featured_media":170251,"comment_status":"","ping_status":"","sticky":false,"template":"","format":"standard","meta":{"footnotes":""},"categories":[172],"tags":[224,146,147,25,24,225,23],"class_list":{"0":"post-170250","1":"post","2":"type-post","3":"status-publish","4":"format-standard","5":"has-post-thumbnail","7":"category-libros","8":"tag-books","9":"tag-entertainment","10":"tag-entretenimiento","11":"tag-es","12":"tag-espana","13":"tag-libros","14":"tag-spain"},"share_on_mastodon":{"url":"","error":""},"_links":{"self":[{"href":"https:\/\/www.europesays.com\/es\/wp-json\/wp\/v2\/posts\/170250","targetHints":{"allow":["GET"]}}],"collection":[{"href":"https:\/\/www.europesays.com\/es\/wp-json\/wp\/v2\/posts"}],"about":[{"href":"https:\/\/www.europesays.com\/es\/wp-json\/wp\/v2\/types\/post"}],"author":[{"embeddable":true,"href":"https:\/\/www.europesays.com\/es\/wp-json\/wp\/v2\/users\/2"}],"replies":[{"embeddable":true,"href":"https:\/\/www.europesays.com\/es\/wp-json\/wp\/v2\/comments?post=170250"}],"version-history":[{"count":0,"href":"https:\/\/www.europesays.com\/es\/wp-json\/wp\/v2\/posts\/170250\/revisions"}],"wp:featuredmedia":[{"embeddable":true,"href":"https:\/\/www.europesays.com\/es\/wp-json\/wp\/v2\/media\/170251"}],"wp:attachment":[{"href":"https:\/\/www.europesays.com\/es\/wp-json\/wp\/v2\/media?parent=170250"}],"wp:term":[{"taxonomy":"category","embeddable":true,"href":"https:\/\/www.europesays.com\/es\/wp-json\/wp\/v2\/categories?post=170250"},{"taxonomy":"post_tag","embeddable":true,"href":"https:\/\/www.europesays.com\/es\/wp-json\/wp\/v2\/tags?post=170250"}],"curies":[{"name":"wp","href":"https:\/\/api.w.org\/{rel}","templated":true}]}}