{"id":170272,"date":"2025-10-11T19:43:09","date_gmt":"2025-10-11T19:43:09","guid":{"rendered":"https:\/\/www.europesays.com\/es\/170272\/"},"modified":"2025-10-11T19:43:09","modified_gmt":"2025-10-11T19:43:09","slug":"29-26-el-teucro-supera-con-apuros-al-galdar","status":"publish","type":"post","link":"https:\/\/www.europesays.com\/es\/170272\/","title":{"rendered":"29-26. El Teucro supera con apuros al G\u00e1ldar"},"content":{"rendered":"<p>El <strong><a target=\"_blank\" href=\"https:\/\/www.diariodepontevedra.es\/tags\/sd-teucro\/\" rel=\"nofollow noopener\">Lir\u00f3n Teucro<\/a> <\/strong>logr\u00f3 su cuarto triunfo de la temporada, tercero consecutivo, a costa de un <strong>G\u00e1ldar Gran Canaria<\/strong> que sali\u00f3 respond\u00f3n y que no entreg\u00f3 el partido hasta el \u00faltimo minuto. Comenz\u00f3 el encuentro m\u00e1s entonado el equipo galdense, aprovechando algunos errores groseros de los pupilos de <strong><a target=\"_blank\" href=\"https:\/\/www.diariodepontevedra.es\/tags\/irene-vilaboa\/\" rel=\"nofollow noopener\">Irene Vilaboa<\/a> <\/strong>para comandar el marcador (0-2). Ninguno de los dos equipos anduvo fino en los primeros minutos, si bien los visitantes estuvieron algo mejor (3-4).<\/p>\n<p>Pasado el minuto diez empez\u00f3 a despertar el cuadro lerezano, amparado en algunas buenas acciones de <strong>Pablo Gonz\u00e1lez <\/strong>y en la endeblez de la defensa del equipo grancanario (6-4). Pudo ampliar la ventaja el conjunto pontevedr\u00e9s, aunque los errores en acciones clar\u00edsimas de gol lo impidieron. <strong>Marchette <\/strong>fall\u00f3 su segundo contraataque y del posible 9-6 se pas\u00f3 inmediatamente al 8-7.<\/p>\n<blockquote>\n<p>Pasado el minuto diez empez\u00f3 a despertar el Teucro, amparado en algunas buenas acciones de Pablo Gonz\u00e1lez y en la endeblez de la defensa del G\u00e1ldar<\/p>\n<\/blockquote>\n<p>Parec\u00eda que en cuanto el vicedecano metiera una marcha m\u00e1s al partido pod\u00eda poner tierra de por medio y eso ocurri\u00f3 pasado el ecuador del primer tiempo. Un parcial de 5-1 dej\u00f3 temblando al equipo grancanario.\u00a0 Sin embargo, cuando ten\u00eda todo a su favor, el <strong>Teucro <\/strong>volvi\u00f3 a despistarse en un par de ataques y encaj\u00f3 un 0-3 en un abrir y cerrar de ojos que volvi\u00f3 a poner el partido apretado (13-11).<\/p>\n<p>Tuvo que parar el cron\u00f3metro <strong>Irene Vilaboa <\/strong>para espabilar a sus jugadores, que parec\u00eda que cre\u00edan que estaba todo hecho con la ventaja de cinco goles que hab\u00edan tenido. Con un <strong>Magnol<\/strong> <strong>Su\u00e1rez <\/strong>muy entonado, el <strong>G\u00e1ldar <\/strong>se hizo fuerte y consigui\u00f3 alcanzar el descanso a tan solo dos goles del anfitri\u00f3n (16-14).<\/p>\n<blockquote>\n<p>Con Magnol Su\u00e1rez muy entonado, el G\u00e1ldar se hizo fuerte y alcanz\u00f3 el descanso a solo dos goles de los azules (16-14)<\/p>\n<\/blockquote>\n<p>Tras el paso por los vestuarios el equipo dirigido por <strong>Aday S\u00e1nchez <\/strong>altern\u00f3 su defensa entre una 4:2 y una 6:0. Incomod\u00f3 los ataques del Teucro y le dio para acercarse en el marcador (21-20) y para tener dos ocasiones de empatar, que desbarat\u00f3 <strong>Pablo Gonz\u00e1lez<\/strong>, salvando a su equipo de un susto mayor.<\/p>\n<p>Aprovecharon sus compa\u00f1eros para lograr un parcial de 3-1 que oblig\u00f3 a <strong>Aday S\u00e1nchez <\/strong>a parar el partido. Orden\u00f3 a sus jugadores defender con mayor presi\u00f3n, con una 3:3 que el equipo azul supo atacar en los siguientes minutos (27-23). Gast\u00f3 su \u00faltimo tiempo muerto el banquillo visitante y el resultado fue un parcial de 0-3 para el G\u00e1ldar, que meti\u00f3 el miedo en el cuerpo a la afici\u00f3n teucrista (27-26).<\/p>\n<p>Labartete sali\u00f3 al rescate de su equipo con un gol de pundonor y el partido entr\u00f3 en sus dos \u00faltimos minutos con 28-26. El italo-argentino <strong>Tavella <\/strong>fall\u00f3 un gol cantado y Labartete sentenci\u00f3 a falta de un minuto para dejar los puntos en la <strong>Boa Vila <\/strong>(29-26).\u00a0<\/p>\n<p><strong>Ficha t\u00e9cnica<\/strong><\/p>\n<p><strong>29.- Lir\u00f3n Teucro 80 Aniversario:\u00a0<\/strong>Pablo Gonz\u00e1lez, Marchette (1), Areias (5, 1p.), Blond (2), Herrera (4), Labartete (8) y Pintus (2, 1p.) -siete inicial-, Miguel Jim\u00e9nez (p.s.), Anxo Fraga (p.s.), Andr\u00e9s P\u00e9rez, Monteagudo (4), Vidal (2), Iago Rivas (1), Ricardo Gonz\u00e1lez y Roi Gonz\u00e1lez.<br \/><strong>26.- G\u00e1ldar Gran Canaria:\u00a0<\/strong>Magnol Su\u00e1rez, Saulo (2), \u00c1lvaro D\u00edaz (4), Marvin Santiago (6, 1p.), Arencibia, Asensio (6) y Mendoza (4) -siete inicial-, Hugo G\u00f3mez (p.s.), Mederos, Ale Castellano (3, 2p.), Trujillo, Tavella (1) y N\u00e9stor Gonz\u00e1lez.<br \/><strong>\u00c1rbitros:\u00a0<\/strong>Costas Salazar (Colegio c\u00e1ntabro) y Loidi San Sebasti\u00e1n (Colegio vasco). Excluyeron a los jugadores locales Herrera y Areias, y a los visitantes Mendoza, Saulo, Marvin Santiago y Tavella.<br \/><strong>Marcador cada cinco minutos:\u00a0<\/strong>1-2, 4-4, 8-7, 13-9, 14-12, 16-14 (descanso), 18-16, 20-18, 22-20, 25-22,\u00a027-25 y\u00a029-26.<br \/><strong>Incidencias:<\/strong>\u00a0Pavill\u00f3n Municipal dos Deportes. 250 espectadores.\u00a0<\/p>\n","protected":false},"excerpt":{"rendered":"El Lir\u00f3n Teucro logr\u00f3 su cuarto triunfo de la temporada, tercero consecutivo, a costa de un G\u00e1ldar Gran&hellip;\n","protected":false},"author":2,"featured_media":170273,"comment_status":"","ping_status":"","sticky":false,"template":"","format":"standard","meta":{"footnotes":""},"categories":[278],"tags":[376,168,25,24,375,1146,15046,23,167],"class_list":{"0":"post-170272","1":"post","2":"type-post","3":"status-publish","4":"format-standard","5":"has-post-thumbnail","7":"category-balonmano","8":"tag-balonmano","9":"tag-deportes","10":"tag-es","11":"tag-espana","12":"tag-handball","13":"tag-pontevedra","14":"tag-sd-teucro","15":"tag-spain","16":"tag-sports"},"share_on_mastodon":{"url":"","error":""},"_links":{"self":[{"href":"https:\/\/www.europesays.com\/es\/wp-json\/wp\/v2\/posts\/170272","targetHints":{"allow":["GET"]}}],"collection":[{"href":"https:\/\/www.europesays.com\/es\/wp-json\/wp\/v2\/posts"}],"about":[{"href":"https:\/\/www.europesays.com\/es\/wp-json\/wp\/v2\/types\/post"}],"author":[{"embeddable":true,"href":"https:\/\/www.europesays.com\/es\/wp-json\/wp\/v2\/users\/2"}],"replies":[{"embeddable":true,"href":"https:\/\/www.europesays.com\/es\/wp-json\/wp\/v2\/comments?post=170272"}],"version-history":[{"count":0,"href":"https:\/\/www.europesays.com\/es\/wp-json\/wp\/v2\/posts\/170272\/revisions"}],"wp:featuredmedia":[{"embeddable":true,"href":"https:\/\/www.europesays.com\/es\/wp-json\/wp\/v2\/media\/170273"}],"wp:attachment":[{"href":"https:\/\/www.europesays.com\/es\/wp-json\/wp\/v2\/media?parent=170272"}],"wp:term":[{"taxonomy":"category","embeddable":true,"href":"https:\/\/www.europesays.com\/es\/wp-json\/wp\/v2\/categories?post=170272"},{"taxonomy":"post_tag","embeddable":true,"href":"https:\/\/www.europesays.com\/es\/wp-json\/wp\/v2\/tags?post=170272"}],"curies":[{"name":"wp","href":"https:\/\/api.w.org\/{rel}","templated":true}]}}