{"id":170287,"date":"2025-10-11T19:52:17","date_gmt":"2025-10-11T19:52:17","guid":{"rendered":"https:\/\/www.europesays.com\/es\/170287\/"},"modified":"2025-10-11T19:52:17","modified_gmt":"2025-10-11T19:52:17","slug":"estos-son-los-temas-tabu-sobre-los-que-guarda-silencio","status":"publish","type":"post","link":"https:\/\/www.europesays.com\/es\/170287\/","title":{"rendered":"estos son los temas tab\u00fa sobre los que guarda silencio"},"content":{"rendered":"<p id=\"eryEDURCjJ\" data-wc=\"93\"><strong>Victoria Beckham\u00a0<\/strong><strong>ha estrenado su esperada docuserie en Netflix,<\/strong> una producci\u00f3n de tres cap\u00edtulos dirigida por Nadia Hallgren que repasa su trayectoria desde los d\u00edas de bullying escolar hasta su consolidaci\u00f3n como dise\u00f1adora de moda. El documental, titulado simplemente Victoria Beckham y <a class=\"hm-link ho-link\" href=\"http:\/\/El%20documental,%20titulado%20simplemente%20Victoria%20Beckham%20que%20se%20estren%C3%B3%20esta%20semana%20en%20Londres,%20muestra%20una%20versi%C3%B3n%20m%C3%A1s%20humana%20y%20vulnerable%20de%20la%20miembro%20de%20las%20Spice%20Girl.\" target=\"_blank\" data-mrf-recirculation=\"article-body-link\" rel=\"nofollow\">estrenado esta semana en Londres,<\/a> <strong>muestra una versi\u00f3n m\u00e1s humana y vulnerable<\/strong> de la miembro de las Spice Girl. Pero tambi\u00e9n <strong>deja fuera algunos de los episodios<\/strong> m\u00e1s medi\u00e1ticos y dolorosos de su vida, algunos de los cuales, incluso, hicieron tambalear los cimientos de su hoy longevo matrimonio con David Beckham.<\/p>\n<p> <img src=\"https:\/\/www.europesays.com\/es\/wp-content\/uploads\/2025\/10\/42129121fb16-gettyimages-2240015824.jpg\"   width=\"688\" height=\"1024\" loading=\"lazy\" decoding=\"async\" alt=\"Media Image\" fetchpriority=\"auto\" class=\"image ho-image\"\/><\/p>\n<p> <img src=\"https:\/\/www.europesays.com\/es\/wp-content\/uploads\/2025\/10\/5b17791326aa-gettyimages-2240038021.jpg\"   width=\"1080\" height=\"1080\" loading=\"lazy\" decoding=\"async\" alt=\"Victoria Beckham\" fetchpriority=\"auto\" class=\"image ho-image\"\/>\u00a9 Getty Images<\/p>\n<p id=\"eRQyfvPaH7N\" data-wc=\"127\">Uno de los grandes ausentes es <strong>su etapa en Espa\u00f1a, entre 2003 y 2007,<\/strong> cuando David Beckham fue fichado por el Real Madrid. Aquellos a\u00f1os fueron, seg\u00fan la propia Victoria, \u201cprobablemente la etapa m\u00e1s infeliz de toda mi vida\u201d. En la capital espa\u00f1ola, se sinti\u00f3 aislada, sin amigos, sin hablar el idioma y bajo una presi\u00f3n medi\u00e1tica constante. Fue tambi\u00e9n el periodo en que estallaron <strong>los rumores de infidelidad<\/strong> del entonces capit\u00e1n de la selecci\u00f3n inglesa <strong>con Rebecca Loos,<\/strong> su entonces asistente, quien asegur\u00f3 haber mantenido una relaci\u00f3n con el futbolista. A\u00f1os despu\u00e9s, <strong>Ana Obreg\u00f3n tambi\u00e9n fue vinculada sentimentalmente<\/strong> a Beckham, lo que provoc\u00f3 un <a class=\"hm-link ho-link\" href=\"https:\/\/www.hola.com\/actualidad\/20231006241317\/ana-obregon-david-beckham-enfrentamiento-victoria\/\" rel=\"noopener nofollow\" target=\"_blank\" data-mrf-recirculation=\"article-body-link\">enfrentamiento p\u00fablico con Victoria<\/a> en un gimnasio madrile\u00f1o. Ninguno de estos episodios se menciona en la serie de la plataforma de streamer.\u00a0<\/p>\n<p> <img src=\"https:\/\/www.europesays.com\/es\/wp-content\/uploads\/2025\/10\/3a283abcb5cd-dla00045550002.jpg\"   width=\"1024\" height=\"671\" loading=\"lazy\" decoding=\"async\" alt=\"David y Victoria Beckham saliendo del hotel Tryp Fenix\" fetchpriority=\"auto\" class=\"image ho-image\"\/>\u00a9 GTRES<\/p>\n<p> <img src=\"https:\/\/www.europesays.com\/es\/wp-content\/uploads\/2025\/10\/4aa7c2e257a9-dla00143375017.jpg\"   width=\"653\" height=\"1024\" loading=\"lazy\" decoding=\"async\" alt=\"Rebecca Loos\" fetchpriority=\"auto\" class=\"image ho-image\"\/>\u00a9 GTRES<\/p>\n<p> <img src=\"https:\/\/www.europesays.com\/es\/wp-content\/uploads\/2025\/10\/a78cffa3e711-f2fafe086886-ana-obregon-gtres-z.jpg\"   width=\"1024\" height=\"683\" loading=\"lazy\" decoding=\"async\" alt=\"Media Image\" fetchpriority=\"auto\" class=\"image ho-image\"\/>\u00a9 Gtresonline<\/p>\n<p id=\"e3ekN-s-SeW\" data-wc=\"114\">A pesar de que hace solo unos meses, Rebecca Loos revelara<a class=\"hm-link ho-link\" href=\"https:\/\/www.hola.com\/actualidad\/20250426828723\/rebecca-loos-sacude-cimientos-matrimonio-victoria-david-beckham\/\" rel=\"noopener nofollow\" target=\"_blank\" data-mrf-recirculation=\"article-body-link\">\u00a0nuevos detalles de su \u2018affaire\u2019 con Beckham<\/a> en el plat\u00f3 de\u00a0\u00a1De Viernes! El pasado mes de abril, la exasistente de Beckham azot\u00f3 el avispero con algunas revelaciones novedosas. Durante su participaci\u00f3n en el programa de Telecinco asegur\u00f3: \u201cHace 20 a\u00f1os, David llevaba una doble vida. No estaba mucho con su mujer y ten\u00eda necesidades, que no satisfac\u00eda con su mujer. Yo estuve en su vida en un momento en el que estaban pasando una mala racha\u201d,\u00a0confes\u00f3 entonces. \u00abSi no lo quiere admitir que no lo admita, pero al menos que no me eche la culpa a m\u00ed, que somos dos\u00bb, sentenci\u00f3.<\/p>\n<p> <img src=\"https:\/\/www.europesays.com\/es\/wp-content\/uploads\/2025\/10\/00798b25be87-rebeca-01.jpg\"   width=\"1024\" height=\"576\" loading=\"lazy\" decoding=\"async\" alt=\"Rebecca Loos\" fetchpriority=\"auto\" class=\"image ho-image\"\/>\u00a9 Telecinco<\/p>\n<p id=\"e840N_6UpF2\" data-wc=\"87\"><strong>Tampoco aparece Mel B, compa\u00f1era en las Spice Girls,\u00a0<\/strong>con quien Victoria ha mantenido una relaci\u00f3n tensa durante a\u00f1os. El pasado mes de julio, <a class=\"hm-link ho-link\" href=\"http:\/\/Scary%20Spice\" target=\"_blank\" data-mrf-recirculation=\"article-body-link\" rel=\"nofollow\">Mel se casaba con su peluquero y estilista, Rory McPhee.<\/a> Victoria no acudi\u00f3 a la ceremonia, pero s\u00ed envi\u00f3 un mensaje a su antigua compa\u00f1era: \u00abFelicidades @officialmelb y @rorymcphee en vuestro gran d\u00eda! No podr\u00eda estar m\u00e1s feliz por vosotros. \u00a1Os deseo una vida llena de felicidad!\u00bb Sin embargo, en la gran noche de Victoria, la denominada &#8216;Scary Spice&#8217; brill\u00f3 por su ausencia.<\/p>\n<p> <img src=\"https:\/\/www.europesays.com\/es\/wp-content\/uploads\/2025\/10\/287f7fc89410-dlu587317050.jpg\"   width=\"954\" height=\"1024\" loading=\"lazy\" decoding=\"async\" alt=\"Media Image\" fetchpriority=\"auto\" class=\"image ho-image\"\/>\u00a9 GTRES<\/p>\n<p> <img src=\"https:\/\/www.europesays.com\/es\/wp-content\/uploads\/2025\/10\/d8a3db22b6d4-gettyimages-51129262.jpg\"   width=\"1024\" height=\"729\" loading=\"lazy\" decoding=\"async\" alt=\"Plano medio de las Spice Girls en Miami\" fetchpriority=\"auto\" class=\"image ho-image\"\/>\u00a9 GETTY IMAGES<\/p>\n<p id=\"euFogcrjdt1\" data-wc=\"92\">En cambio,<strong>\u00a0Emma Bunton, Geri Halliwell y Melanie C no faltaron a la cita\u00a0<\/strong><strong>y s\u00ed estuvieron presentes en el estreno en Londres,\u00a0<\/strong>acompa\u00f1adas de sus respectivas familias. Protagonizaron un esperado reencuentro entre ellas, aunque no posaron juntas para la prensa.<strong> Mel B fue la \u00fanica que se ausent\u00f3,<\/strong> al parecer, por compromisos profesionales. Se desconoce si le envi\u00f3 alg\u00fan mensaje a la dise\u00f1adora. En el documental, Victoria recuerda con cari\u00f1o sus a\u00f1os en el grupo, pero evita entrar en detalles sobre las fricciones internas que marcaron su salida y posteriores reencuentros.<\/p>\n<p> <img src=\"https:\/\/www.europesays.com\/es\/wp-content\/uploads\/2025\/10\/b60a4f70ed45-gettyimages-2239995340.jpg\"   width=\"689\" height=\"1024\" loading=\"lazy\" decoding=\"async\" alt=\"Emma Bunton y su hijo Beau en el estreno del documental de Victoria Beckham en Londres el 8 de octubre de 2025\" fetchpriority=\"auto\" class=\"image ho-image\"\/>\u00a9 Getty Images<\/p>\n<p> <img src=\"https:\/\/www.europesays.com\/es\/wp-content\/uploads\/2025\/10\/304f4792d3f0-gettyimages-2239429306.jpg\"   width=\"682\" height=\"1024\" loading=\"lazy\" decoding=\"async\" alt=\"Geri Halliwell, Olivia Horner y Christian Horner en el estreno del documental de Victoria Beckham en Londres el 8 de octubre de 2025\" fetchpriority=\"auto\" class=\"image ho-image\"\/>\u00a9 Getty Images<\/p>\n<p> <img src=\"https:\/\/www.europesays.com\/es\/wp-content\/uploads\/2025\/10\/966b9e99924e-gettyimages-2240036143.jpg\"   width=\"741\" height=\"1024\" loading=\"lazy\" decoding=\"async\" alt=\"Chris Dingwall y Melanie Chisholm en el estreno del documental de Victoria Beckham en Londres, el 8 de octubre de 2025\" fetchpriority=\"auto\" class=\"image ho-image\"\/>\u00a9 Getty Images<br \/>\nLa &#8216;guerra&#8217; con su hijo Brooklyn<\/p>\n<p id=\"ecWqqxkSiJz\" data-wc=\"103\">Otro silencio llamativo es <strong>el de Brooklyn Beckham,<\/strong> su hijo mayor, <strong>y su esposa Nicola Peltz<\/strong>. Ambos est\u00e1n pr\u00e1cticamente ausentes en la docuserie de Netflix. Brooklyn no asisti\u00f3 al estreno ni al desfile de Victoria durante la Semana de la Moda de Par\u00eds, donde la dise\u00f1adora estuvo acompa\u00f1ada por el resto de su familia. E, incluso, protagoniz\u00f3 un rom\u00e1ntico beso con su esposo. Tampoco felicit\u00f3 a sus progenitores en sus respectivos cumplea\u00f1os \u2014Victoria, el 17 de abril, y David, el 2 de mayo\u2014. De hecho, este \u00faltimo celebro <a class=\"hm-link ho-link\" href=\"https:\/\/www.hola.com\/actualidad\/20250505830049\/cumpleanos-david-beckham-ausencia-brooklyn\/\" rel=\"noopener nofollow\" target=\"_blank\" data-mrf-recirculation=\"article-body-link\">tres fiestas por su 50 cumplea\u00f1os<\/a> y su primog\u00e9nito no acudi\u00f3 a ninguna de ellas.<\/p>\n<p id=\"eqKsgnndsFi\" data-wc=\"84\">El <a class=\"hm-link ho-link\" href=\"https:\/\/www.hola.com\/actualidad\/20250910854982\/brooklyn-beckham-hamburgueseria-nicola-peltz\/\" rel=\"noopener nofollow\" target=\"_blank\" data-mrf-recirculation=\"article-body-link\">distanciamiento de Brooklyn con su familia<\/a> lleva meses siendo objeto de especulaci\u00f3n. Las tensiones, seg\u00fan diversos medios, habr\u00edan comenzado tras <strong>su boda con Nicola Peltz en 2022,<\/strong> marcada por diferencias entre ambas familias. Aunque ni Victoria ni David se han pronunciado p\u00fablicamente, el tema permanece latente y ha generado numerosos titulares. Lo cierto es que la ausencia de Brooklyn en momentos clave de su familia, como los mencionados, ha hecho cada vez m\u00e1s evidente una fractura que, aunque no confirmada, se deja sentir.<\/p>\n<p> <img src=\"https:\/\/www.europesays.com\/es\/wp-content\/uploads\/2025\/08\/eb9963dc4f52-img7066.jpg\"   width=\"1024\" height=\"744\" loading=\"lazy\" decoding=\"async\" alt=\"Brooklyn Beckham y Nicola Peltz\" fetchpriority=\"auto\" class=\"image ho-image\"\/>\u00a9 @brooklynpeltzbeckham<\/p>\n<p> <img src=\"https:\/\/www.europesays.com\/es\/wp-content\/uploads\/2025\/08\/ed493d549c36-img7068.jpg\"   width=\"1024\" height=\"743\" loading=\"lazy\" decoding=\"async\" alt=\"Brooklyn Beckham y Nicola Peltz\" fetchpriority=\"auto\" class=\"image ho-image\"\/>\u00a9 @brooklynpeltzbeckham<\/p>\n<p id=\"eH9LDbGrJ-5\" data-wc=\"75\">En contraste, el documental s\u00ed aborda temas como <a class=\"hm-link ho-link\" href=\"https:\/\/www.hola.com\/actualidad\/20251009860695\/victoria-beckham-sin-filtros-documental-netflix-trastornos-alimenticios-papel-david-beckham-vida\/\" rel=\"noopener nofollow\" target=\"_blank\" data-mrf-recirculation=\"article-body-link\">los trastornos alimenticios que Victoria<\/a> sufri\u00f3 en su juventud, su perfeccionismo extremo y su lucha por ser tomada en serio en el mundo de la moda. Tambi\u00e9n se muestra su faceta como madre, empresaria y esposa, con momentos emotivos junto a David Beckham, quien la anim\u00f3 a realizar el proyecto:\u00a0\u201cGracias por convencerme, por obligarme y por no darme otra opci\u00f3n\u201d, le dijo Victoria en el estreno.<\/p>\n<p id=\"eiqjY-37Eyk\" data-wc=\"43\">La serie muestra facetas desconocidas de Victoria Beckham desconocidas, pero tambi\u00e9n deja cabos sueltos que revelan algo m\u00e1s profundo: hay episodios que, aunque no se nombran, siguen latiendo. Y es que hay historias que son preferibles no revivir cuando las heridas a\u00fan duelen.\u00a0<\/p>\n","protected":false},"excerpt":{"rendered":"Victoria Beckham\u00a0ha estrenado su esperada docuserie en Netflix, una producci\u00f3n de tres cap\u00edtulos dirigida por Nadia Hallgren que&hellip;\n","protected":false},"author":2,"featured_media":170288,"comment_status":"","ping_status":"","sticky":false,"template":"","format":"standard","meta":{"footnotes":""},"categories":[174],"tags":[517,3064,255,3062,146,147,25,24,256,23,807,3063],"class_list":{"0":"post-170287","1":"post","2":"type-post","3":"status-publish","4":"format-standard","5":"has-post-thumbnail","7":"category-famosos","8":"tag-actualidad","9":"tag-brooklyn-beckham","10":"tag-celebrities","11":"tag-david-beckham","12":"tag-entertainment","13":"tag-entretenimiento","14":"tag-es","15":"tag-espana","16":"tag-famosos","17":"tag-spain","18":"tag-television","19":"tag-victoria-beckham"},"share_on_mastodon":{"url":"","error":""},"_links":{"self":[{"href":"https:\/\/www.europesays.com\/es\/wp-json\/wp\/v2\/posts\/170287","targetHints":{"allow":["GET"]}}],"collection":[{"href":"https:\/\/www.europesays.com\/es\/wp-json\/wp\/v2\/posts"}],"about":[{"href":"https:\/\/www.europesays.com\/es\/wp-json\/wp\/v2\/types\/post"}],"author":[{"embeddable":true,"href":"https:\/\/www.europesays.com\/es\/wp-json\/wp\/v2\/users\/2"}],"replies":[{"embeddable":true,"href":"https:\/\/www.europesays.com\/es\/wp-json\/wp\/v2\/comments?post=170287"}],"version-history":[{"count":0,"href":"https:\/\/www.europesays.com\/es\/wp-json\/wp\/v2\/posts\/170287\/revisions"}],"wp:featuredmedia":[{"embeddable":true,"href":"https:\/\/www.europesays.com\/es\/wp-json\/wp\/v2\/media\/170288"}],"wp:attachment":[{"href":"https:\/\/www.europesays.com\/es\/wp-json\/wp\/v2\/media?parent=170287"}],"wp:term":[{"taxonomy":"category","embeddable":true,"href":"https:\/\/www.europesays.com\/es\/wp-json\/wp\/v2\/categories?post=170287"},{"taxonomy":"post_tag","embeddable":true,"href":"https:\/\/www.europesays.com\/es\/wp-json\/wp\/v2\/tags?post=170287"}],"curies":[{"name":"wp","href":"https:\/\/api.w.org\/{rel}","templated":true}]}}