{"id":170305,"date":"2025-10-11T20:04:09","date_gmt":"2025-10-11T20:04:09","guid":{"rendered":"https:\/\/www.europesays.com\/es\/170305\/"},"modified":"2025-10-11T20:04:09","modified_gmt":"2025-10-11T20:04:09","slug":"un-tiroteo-en-un-partido-de-futbol-americano-deja-cuatro-muertos-y-doce-heridos-en-eeuu","status":"publish","type":"post","link":"https:\/\/www.europesays.com\/es\/170305\/","title":{"rendered":"Un tiroteo en un partido de f\u00fatbol americano deja cuatro muertos y doce heridos en EEUU"},"content":{"rendered":"<p class=\"c-paragraph\">El deporte estadounidense se ha te\u00f1ido de luto este s\u00e1bado, en una jornada en la que al menos <b>cuatro personas han muerto y doce han resultado heridas <\/b>en un tiroteo ocurrido este s\u00e1bado de madrugada en el estado norteamericano de Misisipi, al t\u00e9rmino de un partido de f\u00fatbol americano.<\/p>\n<p class=\"c-paragraph\">Un altercado que tuvo lugar alrededor de la medianoche en la calle principal de Leland, la peque\u00f1a ciudad ubicada a casi 200 kil\u00f3metros de Jackson, capital del estado.<\/p>\n<p class=\"c-paragraph\">Esa informaci\u00f3n fue proporcionada en primicia por el alcalde de la ciudad, Lealand, John Lee, que r\u00e1pidamente el balance -provisional- de v\u00edctimas:\u00a0 cuatro fallecidos y hasta una docena de heridos.<\/p>\n<p class=\"c-paragraph\">Adem\u00e1s, se\u00f1al\u00f3 que cuatro de esos heridos fueron trasladados en helic\u00f3ptero al hospital y que todav\u00eda no hab\u00eda sido identificado el autor del tiroteo. La Polic\u00eda sigue en b\u00fasqueda de sospechosos.<\/p>\n<p class=\"c-paragraph\">El incidente sorprendi\u00f3 a m\u00e1s gente de la que habitualmente se encuentra a esa hora en la avenida, pues precisamente coincidi\u00f3 con el final del partido def\u00fatbol americano entre\u00a0<b><b>el instituto local contra el instituto de la localidad de Charleston.<\/b><\/b>\u00a0<\/p>\n<p class=\"c-paragraph\">Apenas unas 4.000 personas viven en la localidad afectada por un nuevo tiroteo que reabre el eterno debate de las armas en Estados Unidos.<\/p>\n","protected":false},"excerpt":{"rendered":"El deporte estadounidense se ha te\u00f1ido de luto este s\u00e1bado, en una jornada en la que al menos&hellip;\n","protected":false},"author":2,"featured_media":170306,"comment_status":"","ping_status":"","sticky":false,"template":"","format":"standard","meta":{"footnotes":""},"categories":[42],"tags":[17,18,13,14,282,11,61,62,63,64,19,20,9,10,15,16,1045,6773,12,21,22,16743,65,66,67],"class_list":{"0":"post-170305","1":"post","2":"type-post","3":"status-publish","4":"format-standard","5":"has-post-thumbnail","7":"category-internacional","8":"tag-breaking-news","9":"tag-breakingnews","10":"tag-featured-news","11":"tag-featurednews","12":"tag-futbol","13":"tag-headlines","14":"tag-internacional","15":"tag-international","16":"tag-international-news","17":"tag-internationalnews","18":"tag-latest-news","19":"tag-latestnews","20":"tag-news","21":"tag-noticias","22":"tag-noticias-destacadas","23":"tag-noticiasdestacadas","24":"tag-partido","25":"tag-tiroteo","26":"tag-titulares","27":"tag-ultimas-noticias","28":"tag-ultimasnoticias","29":"tag-un","30":"tag-world","31":"tag-world-news","32":"tag-worldnews"},"share_on_mastodon":{"url":"","error":""},"_links":{"self":[{"href":"https:\/\/www.europesays.com\/es\/wp-json\/wp\/v2\/posts\/170305","targetHints":{"allow":["GET"]}}],"collection":[{"href":"https:\/\/www.europesays.com\/es\/wp-json\/wp\/v2\/posts"}],"about":[{"href":"https:\/\/www.europesays.com\/es\/wp-json\/wp\/v2\/types\/post"}],"author":[{"embeddable":true,"href":"https:\/\/www.europesays.com\/es\/wp-json\/wp\/v2\/users\/2"}],"replies":[{"embeddable":true,"href":"https:\/\/www.europesays.com\/es\/wp-json\/wp\/v2\/comments?post=170305"}],"version-history":[{"count":0,"href":"https:\/\/www.europesays.com\/es\/wp-json\/wp\/v2\/posts\/170305\/revisions"}],"wp:featuredmedia":[{"embeddable":true,"href":"https:\/\/www.europesays.com\/es\/wp-json\/wp\/v2\/media\/170306"}],"wp:attachment":[{"href":"https:\/\/www.europesays.com\/es\/wp-json\/wp\/v2\/media?parent=170305"}],"wp:term":[{"taxonomy":"category","embeddable":true,"href":"https:\/\/www.europesays.com\/es\/wp-json\/wp\/v2\/categories?post=170305"},{"taxonomy":"post_tag","embeddable":true,"href":"https:\/\/www.europesays.com\/es\/wp-json\/wp\/v2\/tags?post=170305"}],"curies":[{"name":"wp","href":"https:\/\/api.w.org\/{rel}","templated":true}]}}