{"id":170310,"date":"2025-10-11T20:07:08","date_gmt":"2025-10-11T20:07:08","guid":{"rendered":"https:\/\/www.europesays.com\/es\/170310\/"},"modified":"2025-10-11T20:07:08","modified_gmt":"2025-10-11T20:07:08","slug":"el-contazara-zaragoza-se-conforma-con-un-empate-en-oviedo-24-24","status":"publish","type":"post","link":"https:\/\/www.europesays.com\/es\/170310\/","title":{"rendered":"El Contazara Zaragoza se conforma con un empate en Oviedo (24-24)"},"content":{"rendered":"<p class=\"paragraph\"><b>El Contazara Zaragoza sum\u00f3 este s\u00e1bado su primer empate de la temporada, un 24-24 en la pista del Conf\u00eda Base Oviedo<\/b> con sabor agridulce. Porque los de Mariano Ortega mandaron en el marcador durante el choque hasta los minutos de la verdad y, al otro lado de la balanza, porque permite puntuar a domicilio y lograr un punto que alivia en parte la situaci\u00f3n en la tabla clasificatoria en la pelea por evitar los puestos de descenso.<\/p>\n<p class=\"paragraph\"><b>Sumar siempre es importante en una categor\u00eda tan hostil como la Divisi\u00f3n de Honor Plata. <\/b>De ah\u00ed que el Contazara celebrara su primer punto a domicilio. Contaba sus anteriores desplazamientos por derrotas y ante un rival directo el objetivo pasaba por ganar y dar as\u00ed un golpe sobre la mesa.<\/p>\n<p class=\"paragraph\"><b>Toc\u00f3 esta posibilidad con la punta de los dedos al tomar la iniciativa desde el arranque del partido<\/b> y hacerse con ventajas que alcanzaron los cuatro goles. Con esta misma renta se lleg\u00f3 al tiempo de descanso (10-14). Pero en la Divisi\u00f3n de Honor Plata nunca se ha de dar nada por sabido y los ovetenses reaccionaron hasta poner al conjunto de Mariano Ortega sobre las cuerdas. Si no se puede vencer, bueno es empatar. Los zaragozanos regresar\u00e1n el pr\u00f3ximo s\u00e1bado al pabell\u00f3n Siglo XXI para recibir al Trops M\u00e1laga, otro integrante de la numerosa n\u00f3mina de clubes que anhelan la salvaci\u00f3n esta campa\u00f1a.<\/p>\n<p>Ficha t\u00e9cnica<\/p>\n<p class=\"paragraph\"><b>Conf\u00eda Base Oviedo: <\/b>Juan Prieto, Ra\u00fal Blanco (1), Rub\u00e9n Men\u00e9ndez, Eli\u00e1n Goux (4), Javi Col\u00edas, Emi Franceschetti (1), Jayro P\u00e9rez \u2013siete inicial- Juan Gamallo, Joaqu\u00edn P\u00e9rez (1), Pablo Granda (7), David Pulgar (5), H\u00e9lio Pina (1), Jorge Ure\u00f1a, Gonzalo Pulgar, Mikel Gal\u00e1n (3) y Javi Sanz.<\/p>\n<p class=\"paragraph\"><b>Contazara Zaragoza:<\/b> Jorge G\u00f3mez, Sergio Wagner (3), Alejandro Plaza (3), Marcos Ara (3), Jon Ander Iribar (5), \u00c1lvaro Acosta (1), Diego Monz\u00f3n (1) \u2013siete inicial- Juan Mart\u00ednez (4), Enrique Camas (2), Daniel Vill\u00e9n, Rafael Val (1), Mario Hern\u00e1ndez, Miguel Lanero (1), Bruno della Ratta, Alejandro San y \u00c1lvaro del Valle.<\/p>\n<p class=\"paragraph\"><b>\u00c1rbitros: <\/b>Rubio D\u00edaz y\u00a0 Fern\u00e1ndez-Montes Medina.<\/p>\n<p class=\"paragraph\"><b>Parciales cada cinco minutos: <\/b>1-4; 2-6; 4-8; 7-9; 9-12; 10-14; 13-15; 13-16; 17-16; 18-19; 21-22 y 24-24.<\/p>\n","protected":false},"excerpt":{"rendered":"El Contazara Zaragoza sum\u00f3 este s\u00e1bado su primer empate de la temporada, un 24-24 en la pista del&hellip;\n","protected":false},"author":2,"featured_media":170311,"comment_status":"","ping_status":"","sticky":false,"template":"","format":"standard","meta":{"footnotes":""},"categories":[278],"tags":[376,37384,414,168,5192,25,24,375,1796,23,167,491],"class_list":{"0":"post-170310","1":"post","2":"type-post","3":"status-publish","4":"format-standard","5":"has-post-thumbnail","7":"category-balonmano","8":"tag-balonmano","9":"tag-conforma","10":"tag-contazara","11":"tag-deportes","12":"tag-empate","13":"tag-es","14":"tag-espana","15":"tag-handball","16":"tag-oviedo","17":"tag-spain","18":"tag-sports","19":"tag-zaragoza"},"share_on_mastodon":{"url":"","error":""},"_links":{"self":[{"href":"https:\/\/www.europesays.com\/es\/wp-json\/wp\/v2\/posts\/170310","targetHints":{"allow":["GET"]}}],"collection":[{"href":"https:\/\/www.europesays.com\/es\/wp-json\/wp\/v2\/posts"}],"about":[{"href":"https:\/\/www.europesays.com\/es\/wp-json\/wp\/v2\/types\/post"}],"author":[{"embeddable":true,"href":"https:\/\/www.europesays.com\/es\/wp-json\/wp\/v2\/users\/2"}],"replies":[{"embeddable":true,"href":"https:\/\/www.europesays.com\/es\/wp-json\/wp\/v2\/comments?post=170310"}],"version-history":[{"count":0,"href":"https:\/\/www.europesays.com\/es\/wp-json\/wp\/v2\/posts\/170310\/revisions"}],"wp:featuredmedia":[{"embeddable":true,"href":"https:\/\/www.europesays.com\/es\/wp-json\/wp\/v2\/media\/170311"}],"wp:attachment":[{"href":"https:\/\/www.europesays.com\/es\/wp-json\/wp\/v2\/media?parent=170310"}],"wp:term":[{"taxonomy":"category","embeddable":true,"href":"https:\/\/www.europesays.com\/es\/wp-json\/wp\/v2\/categories?post=170310"},{"taxonomy":"post_tag","embeddable":true,"href":"https:\/\/www.europesays.com\/es\/wp-json\/wp\/v2\/tags?post=170310"}],"curies":[{"name":"wp","href":"https:\/\/api.w.org\/{rel}","templated":true}]}}