{"id":170370,"date":"2025-10-11T20:45:08","date_gmt":"2025-10-11T20:45:08","guid":{"rendered":"https:\/\/www.europesays.com\/es\/170370\/"},"modified":"2025-10-11T20:45:08","modified_gmt":"2025-10-11T20:45:08","slug":"espana-georgia-en-directo-la-roja-gana-al-combinado-georgiano-con-goles-de-yeremy-y-oyarzabal-y-encarrila-su-clasificacion-al-mundial-2026-futbol-deportes","status":"publish","type":"post","link":"https:\/\/www.europesays.com\/es\/170370\/","title":{"rendered":"Espa\u00f1a &#8211; Georgia en directo | La Roja gana al combinado georgiano con goles de Yeremy y Oyarzabal y encarrila su clasificaci\u00f3n al Mundial 2026 | F\u00fatbol | Deportes"},"content":{"rendered":"<p>La pasada semana, mientras\u00a0la selecci\u00f3n espa\u00f1ola se preparaba para los duelos frente a Georgia y Bulgaria, el nombre de Sergio Ramos volvi\u00f3 a sonar en los pasillos de la Ciudad del F\u00fatbol de Las Rozas: \u201cEl jugador m\u00e1s t\u00f3xico que hemos conocido\u201d, aseguraban en la Federaci\u00f3n. Y eso que ya han pasado cuatro a\u00f1os desde el \u00faltimo partido del andaluz con la Roja, ante Kosovo, cuando Luis Enrique todav\u00eda dirig\u00eda desde el banquillo. El asturiano lo borr\u00f3 del Mundial de Qatar y Luis de la Fuente, viejo conocedor de los entresijos de la casa de la Roja \u2014lleva desde 2013 en la Federaci\u00f3n\u2014, rubric\u00f3 la ausencia de Ramos, por mucho que el excentral del Madrid apostara m\u00e1s por la pol\u00edtica que por el f\u00fatbol para intentar volver a la selecci\u00f3n. Sin embargo, De la Fuente, adem\u00e1s de querer purgar el grupo, ten\u00eda claro cu\u00e1l ser\u00eda su pareja de centrales: Laporte\u2013Le Normand.<\/p>\n<p><a href=\"https:\/\/elpais.com\/deportes\/futbol\/2025-10-11\/de-la-fuente-reescribe-la-defensa.html\" target=\"_blank\" rel=\"nofollow noopener\">Lea aqu\u00ed el art\u00edculo completo.<\/a><\/p>\n","protected":false},"excerpt":{"rendered":"La pasada semana, mientras\u00a0la selecci\u00f3n espa\u00f1ola se preparaba para los duelos frente a Georgia y Bulgaria, el nombre&hellip;\n","protected":false},"author":2,"featured_media":170371,"comment_status":"","ping_status":"","sticky":false,"template":"","format":"standard","meta":{"footnotes":""},"categories":[93],"tags":[1540,168,927,1539,25,24,282,1538,11560,32463,3714,49527,23,167],"class_list":{"0":"post-170370","1":"post","2":"type-post","3":"status-publish","4":"format-standard","5":"has-post-thumbnail","7":"category-deportes","8":"tag-competiciones","9":"tag-deportes","10":"tag-deportistas","11":"tag-entrenadores","12":"tag-es","13":"tag-espana","14":"tag-futbol","15":"tag-futbolistas","16":"tag-georgia","17":"tag-mundial-2026","18":"tag-seleccion-espanola","19":"tag-seleccion-futbol-georgia","20":"tag-spain","21":"tag-sports"},"share_on_mastodon":{"url":"","error":""},"_links":{"self":[{"href":"https:\/\/www.europesays.com\/es\/wp-json\/wp\/v2\/posts\/170370","targetHints":{"allow":["GET"]}}],"collection":[{"href":"https:\/\/www.europesays.com\/es\/wp-json\/wp\/v2\/posts"}],"about":[{"href":"https:\/\/www.europesays.com\/es\/wp-json\/wp\/v2\/types\/post"}],"author":[{"embeddable":true,"href":"https:\/\/www.europesays.com\/es\/wp-json\/wp\/v2\/users\/2"}],"replies":[{"embeddable":true,"href":"https:\/\/www.europesays.com\/es\/wp-json\/wp\/v2\/comments?post=170370"}],"version-history":[{"count":0,"href":"https:\/\/www.europesays.com\/es\/wp-json\/wp\/v2\/posts\/170370\/revisions"}],"wp:featuredmedia":[{"embeddable":true,"href":"https:\/\/www.europesays.com\/es\/wp-json\/wp\/v2\/media\/170371"}],"wp:attachment":[{"href":"https:\/\/www.europesays.com\/es\/wp-json\/wp\/v2\/media?parent=170370"}],"wp:term":[{"taxonomy":"category","embeddable":true,"href":"https:\/\/www.europesays.com\/es\/wp-json\/wp\/v2\/categories?post=170370"},{"taxonomy":"post_tag","embeddable":true,"href":"https:\/\/www.europesays.com\/es\/wp-json\/wp\/v2\/tags?post=170370"}],"curies":[{"name":"wp","href":"https:\/\/api.w.org\/{rel}","templated":true}]}}