{"id":170393,"date":"2025-10-11T21:01:10","date_gmt":"2025-10-11T21:01:10","guid":{"rendered":"https:\/\/www.europesays.com\/es\/170393\/"},"modified":"2025-10-11T21:01:10","modified_gmt":"2025-10-11T21:01:10","slug":"que-lo-pague-la-mareona-sportinguista-la-aficion-del-racing-protesta-por-los-precios-abusivos-del-sporting-y-pide-entradas-de-hasta-94-euros-a-la-aficion-rojiblanca-en-e","status":"publish","type":"post","link":"https:\/\/www.europesays.com\/es\/170393\/","title":{"rendered":"\u00ab\u00a1Que lo pague la mareona sportinguista!\u00bb La afici\u00f3n del Racing protesta por los \u00abprecios abusivos\u00bb del Sporting y pide entradas de hasta 94 euros a la afici\u00f3n rojiblanca en El Sardinero"},"content":{"rendered":"<p>\t\t \t\t\tLa afici\u00f3n gijonesa recibe al Sporting en el Molin\u00f3n antes del partido contra el Real Oviedo <strong class=\"pd-l\">C\u00e9sar Quian  <\/strong><\/p>\n<p>\t\t\t\t\t\tQuejas desde Cantabria<br \/>\n\t\t\t\t\t\t<strong>11 oct 2025<\/strong> . Actualizado a las 17:30 h.\t\t\t\t\t\t<\/p>\n<p class=\"first-paragraph txt\">La\u00a0afici\u00f3n del <strong>Racing de Santander\u00a0<\/strong>ha manifestado una fuerte molestia al ver los precios din\u00e1micos de las entradas para el partido frente al\u00a0<strong>Real Sporting de Gij\u00f3n<\/strong>\u00a0en el estadio El Molin\u00f3n &#8211; Enrique Castro &#8216;Quini&#8217;.\u00a0Las localidades disponibles para los seguidores racinguistas en la grada visitante se han fijado en 25 euros, pero solo se enviaron 570 entradas, las mismas que recibir\u00e1 el Sporting para repartir a su afici\u00f3n durante la segunda vuelta. Unos\u00a0<strong>5.000\u00a0<\/strong>aficionados solicitaron dichos asientos.<\/p>\n<p class=\"txt\">No obstante, el foco de indignaci\u00f3n ha surgido por la pol\u00edtica de venta general del club gijon\u00e9s, que ha llegado a ofrecer asientos en el resto del estadio a precios que alcanzan\u00a0<strong>hasta los\u00a094 euros<\/strong>\u00a0por butaca. Unos precios de Champions League en Segunda divisi\u00f3n.?\u00a0La gesti\u00f3n de la venta para este encuentro, catalogado de alto riesgo, se realiz\u00f3 inicialmente mediante un\u00a0acceso preferente para abonados\u00a0del Sporting. Posteriormente, la apertura de la venta para el p\u00fablico en general dej\u00f3 \u00fanicamente disponibles localidades en los sectores m\u00e1s caros del estadio.<\/p>\n<p class=\"txt\">Los aficionados visitantes\u00a0han denunciado que esta pol\u00edtica de precios \u00ab<strong>roza lo ilegal<\/strong>\u00bb y supone \u00abtodo un atraco en Segunda Divisi\u00f3n\u00bb, y que\u00a0la afici\u00f3n sportinguista debe recibir el mismo trato\u00a0por parte de su club en el siguiente duelo en Cantabria. As\u00ed analizaba la situaci\u00f3n<a class=\"link-txt\" href=\"https:\/\/www.lavozdeasturias.es\/noticia\/sporting1905\/2025\/10\/10\/jose-alberto-analiza-jugadores-favoritos-sporting-crisis-cambiando-entrenador-reactiva-\/00031760108224920329972.htm\" target=\"_blank\" rel=\"nofollow noopener\">\u00a0<strong>Jos\u00e9 Alberto L\u00f3pez:<\/strong><\/a><\/p>\n<p class=\"txt\">\u00abEs una pena\u00a0que de nuestra afici\u00f3n no puedan viajar 2000 o 3000 como vimos un par de temporadas atr\u00e1s en un estadio tan bonito y con una afici\u00f3n con la que tenemos una relaci\u00f3n extraordinaria. Es algo que ahora pasa habitualmente y seguramente ocurra cuando ellos quieran venir aqu\u00ed, habr\u00e1 reciprocidad en las entradas y son limitaciones que considero absurdas desde mi punto de vista\u00bb.<\/p>\n<p class=\"txt\">Cabe recordar que al tratarse de un partido de alto riesgo, durante el\u00a0domingo no saldr\u00e1n a la venta\u00a0las entradas y es imprescindible\u00a0identificarse con el nombre completo y el DNI, tanto a las personas que utilizar\u00e1n las entradas como al comprador de las mismas. Ayer viernes ya se hab\u00edan vendido\u00a0m\u00e1s de 3.000 entradas, por lo que se espera una de las contiendas con m\u00e1s ambiente de la temporada. Por ahora los mejores fueron\u00a0ante el C\u00f3rdoba con\u00a024.896 personas y ante la Cultural Leonesa con\u00a025.146.<\/p>\n<p class=\"txt\">&#13;<br \/>\n\t\t&#13;<br \/>\n\t\t\t&#13;<br \/>\n\t\t&#13;<br \/>\n\t\t&#13;<br \/>\n\t\t&#13;<br \/>\n\t\t\t\t\t\t\t\t\t\t\t\t&#13;<br \/>\n\t\t\t\t\t\t\t\t&#13;<br \/>\n&#13;<br \/>\n&#13;<\/p>\n<p>\t\t\t&#13;<br \/>\n\t&#13;<\/p>\n<p>\t\t\t<a href=\"https:\/\/www.lavozdeasturias.es\/noticia\/sporting1905\/2025\/10\/11\/jimenez-pide-agresividad-defensiva-confirma-nueva-ruleta-oficina-apuesta-mareo-ayer-vi-juvenil-buenos-estaran-campo-demostre-diomande-18-anos-real-sporting-gijon\/00031760183501307416772.htm\" data-analytics=\"link-embed\" rel=\"nofollow noopener\" target=\"_blank\">Jim\u00e9nez pide agresividad defensiva, confirma la nueva ruleta de su\u00a0oficina y apuesta por Mareo: \u00abAyer vi al juvenil, los buenos estar\u00e1n en el campo. Lo demostr\u00e9 con\u00a0Diomande, de 18 a\u00f1os\u00bb<\/a><\/p>\n<p class=\"a-min-author\">\n<p>\t\t\t\t\t\t\t\t\t\t\tAlejandro Vigil Mor\u00e1n<\/p>\n<p>\t&#13;<br \/>\n\t&#13;<br \/>\n&#13;<br \/>\n\t\t\t\t&#13;<br \/>\n\t\t\t\t&#13;<br \/>\n\t&#13;<br \/>\n\t\t\t&#13;<br \/>\n\t\t\t&#13;<br \/>\n\t\t&#13;\n<\/p>\n<p class=\"txt\">Cesi\u00f3n de abonos<\/p>\n<p class=\"txt\">En paralelo, el Sporting ofreci\u00f3 a sus abonados la opci\u00f3n online de ceder su asiento al club para su posterior venta, exceptuando a los abonados de la zona Sur por motivos de seguridad.\u00a0Si el abonado cede su asiento, y en caso de que posteriormente se venda la entrada correspondiente a ese carn\u00e9, el abonado recibir\u00eda\u00a0un 25% del importe del precio de la localidad\u00a0de ese partido.<\/p>\n<p class=\"txt\">Este importe es\u00a0acumulable\u00a0y se descontar\u00e1 del abono de la temporada 2026\/27, con un l\u00edmite establecido del 25% del coste total del carn\u00e9 del siguiente curso.\u00a0El saldo es personal e intransferible y solo podr\u00e1 ser canjeado\u00a0al renovar el abono. Si el abonado no renueva de cara a la siguiente temporada, perder\u00eda el saldo acumulado.<\/p>\n<p>&#13;<br \/>\n\tArchivado en:&#13;<br \/>\n\t\t\t\t\t<a href=\"https:\/\/www.lavozdeasturias.es\/temas\/sporting-de-gijon\/\" target=\"_blank\" class=\"mg-l\" rel=\"nofollow noopener\">Sporting de Gij\u00f3n<\/a>&#13;<br \/>\n\t&#13;<\/p>\n","protected":false},"excerpt":{"rendered":"La afici\u00f3n gijonesa recibe al Sporting en el Molin\u00f3n antes del partido contra el Real Oviedo C\u00e9sar Quian&hellip;\n","protected":false},"author":2,"featured_media":152103,"comment_status":"","ping_status":"","sticky":false,"template":"","format":"standard","meta":{"footnotes":""},"categories":[268],"tags":[168,25,24,280,282,281,23,4783,167],"class_list":{"0":"post-170393","1":"post","2":"type-post","3":"status-publish","4":"format-standard","5":"has-post-thumbnail","7":"category-futbol","8":"tag-deportes","9":"tag-es","10":"tag-espana","11":"tag-football","12":"tag-futbol","13":"tag-soccer","14":"tag-spain","15":"tag-sporting-de-gijon","16":"tag-sports"},"share_on_mastodon":{"url":"","error":""},"_links":{"self":[{"href":"https:\/\/www.europesays.com\/es\/wp-json\/wp\/v2\/posts\/170393","targetHints":{"allow":["GET"]}}],"collection":[{"href":"https:\/\/www.europesays.com\/es\/wp-json\/wp\/v2\/posts"}],"about":[{"href":"https:\/\/www.europesays.com\/es\/wp-json\/wp\/v2\/types\/post"}],"author":[{"embeddable":true,"href":"https:\/\/www.europesays.com\/es\/wp-json\/wp\/v2\/users\/2"}],"replies":[{"embeddable":true,"href":"https:\/\/www.europesays.com\/es\/wp-json\/wp\/v2\/comments?post=170393"}],"version-history":[{"count":0,"href":"https:\/\/www.europesays.com\/es\/wp-json\/wp\/v2\/posts\/170393\/revisions"}],"wp:featuredmedia":[{"embeddable":true,"href":"https:\/\/www.europesays.com\/es\/wp-json\/wp\/v2\/media\/152103"}],"wp:attachment":[{"href":"https:\/\/www.europesays.com\/es\/wp-json\/wp\/v2\/media?parent=170393"}],"wp:term":[{"taxonomy":"category","embeddable":true,"href":"https:\/\/www.europesays.com\/es\/wp-json\/wp\/v2\/categories?post=170393"},{"taxonomy":"post_tag","embeddable":true,"href":"https:\/\/www.europesays.com\/es\/wp-json\/wp\/v2\/tags?post=170393"}],"curies":[{"name":"wp","href":"https:\/\/api.w.org\/{rel}","templated":true}]}}