{"id":170415,"date":"2025-10-11T21:15:08","date_gmt":"2025-10-11T21:15:08","guid":{"rendered":"https:\/\/www.europesays.com\/es\/170415\/"},"modified":"2025-10-11T21:15:08","modified_gmt":"2025-10-11T21:15:08","slug":"1-6-arda-guler-marca-y-asiste-en-la-goleada-de-turquia-contra-bulgaria-realmadrid-com","status":"publish","type":"post","link":"https:\/\/www.europesays.com\/es\/170415\/","title":{"rendered":"1-6: Arda G\u00fcler marca y asiste en la goleada de Turqu\u00eda contra Bulgaria &#8211; realmadrid.com"},"content":{"rendered":"<ol>\n<li><a href=\"https:\/\/news.google.com\/rss\/articles\/CBMi6wFBVV95cUxQWWhEXy1mSldoRzFOWVNnM3lrdGlud09NSzJKRzBtZm5Ra3g4a1d6RXQ4SlprcG13V1V0d2E3VDNiajZLYUxCaGJQOEJyRjNqX3BuYldCTUdSMEtab3hUTVg4MEliV0gwdVg0SjczM2owSVFPTE1Bc3JRUVphX3ZjNV9UUndNLUVhemFFdW5ldTNvN2JsUU5meS1CMl8xcXVhek4xdVpFeGtISk1JTWFBYVZ0T3RZcGVCVEdHLXNUQldYSFBEcDB6Rm9vMm81NHlPYk55ZHY5LW1GYUlVRGY1Z0ZPM2NhblJCWHR3?oc=5\" target=\"_blank\" rel=\"nofollow noopener\">1-6: Arda G\u00fcler marca y asiste en la goleada de Turqu\u00eda contra Bulgaria<\/a>&nbsp;&nbsp;realmadrid.com<\/li>\n<li><a href=\"https:\/\/news.google.com\/rss\/articles\/CBMikgFBVV95cUxPQVZxM1d1aG5YWTBJZWpEc1MyWlpXdWl6aGItQVNHZW5CeGhCWUtBSVVIWUgzX0Fnc19LX0thUDBDeWVnOGlFMzFPaElERmZYZ0dhNU5DZ25rQzNHaEhLblVFdjNSR3ZUNDJlS1lPaDZyb3FXUkdrQ19RYjdQcmQyS1RaNVE3dGY4eWdEUlJVNEJqd9IBpgFBVV95cUxOU2VRUDVCZjJlaFFUZzRLbE0xbm1rUUhjeHVIR2ttTEkwWmtrbWVHZXgtYWNnR083U3pCNmQ1blBXcHNPOFQ0Z2IxYWRucFM1SUxVVHN6Nmp3VXpWZXgxMzRqWEp1VXdERmViM25JWW1xc1VDYXAtMEducno3elo3M2stTzlGaEhSdE0zSWRGOXY5RmEtZ1RXU3Z0ZnNFV0ZXZExyTWpB?oc=5\" target=\"_blank\" rel=\"nofollow noopener\">Yildiz y G\u00fcler desarbolan el d\u00e9bil muro b\u00falgaro<\/a>&nbsp;&nbsp;Diario AS<\/li>\n<li><a href=\"https:\/\/news.google.com\/rss\/articles\/CBMiugFBVV95cUxOYV82X3hXNHJYTk5lR0NOdkh4WkFBUXBlTWZDd2ZhZmJiVkMzRnNMcXUtVlg4MkZuczdac285Vkp6NnVFR1lYQkhFek1DMy1haFNyNFJzVjhDM2p5b2Z5dlRFeHA5cWlSTkxsanZOM3pUS005UUlKX3lGX25wM1I5Yi1QV2dZd2dEc1lVMGxlZ1YzLXl2dWtNWlJUd2kteDBBcnJ1Z01jZW1iVkhrcUdtdDZYNG9CWGVVcGc?oc=5\" target=\"_blank\" rel=\"nofollow noopener\">Bulgaria &#8211; Turqu\u00eda en directo &#8211; Clasificaci\u00f3n Mundial UEFA: Resultados y res\u00famenes de F\u00fatbol &#8211; 11\/10\/2025<\/a>&nbsp;&nbsp;Eurosport<\/li>\n<li><a href=\"https:\/\/news.google.com\/rss\/articles\/CBMirwFBVV95cUxNOThUc0ptS0JESU9IREhlM3M3NTBTTXYtYzhTNS1hRmRkUURFWThGc1JNbi1VMk9hbm5sYU9ENnNDM01lRjhXMlhtZUdwcUJpRHhFMEJFN0FmdVFzbENUUkh0Ylh0Z1hiLWc1b242eTk1cnByWHZ6bjhYWDJiQ2U4YjhXOEZXY2dQM1RvVHVoVnZZcG5aZFF4S0tEaE1SVlRDOU1QTnB1cC15aDBCNG5F0gGvAUFVX3lxTFA4SGNTSXpPYkFGaWFnbG8xZVdDWUJVSEhZbWJlZzJKMmJ5NVBqQlFUa0tYdmNvSWJTQWdqZXpqbEx4WjBEMmtiSk1ybXVHRmRwRUYxSXR5S2F0MU9mZFlKajNWelZYTTVjSjZ0NGxmQkxGTHpvT3FOMW41M25CaXc5MGpWVy1oVTBkdl9wUWpYamJXbi10dTZ2WU9HUXRDdUxDQ3Y3aDRnV3piSTgwaUk?oc=5\" target=\"_blank\" rel=\"nofollow noopener\">Un gol y dos asistencias de Arda G\u00fcler lideran el &#8216;set&#8217; de Turqu\u00eda<\/a>&nbsp;&nbsp;MARCA<\/li>\n<li><a href=\"https:\/\/news.google.com\/rss\/articles\/CBMisgFBVV95cUxOV3hZMmZOYjFCS01NZWZyT0lwenlIdVZNaVA4cGtmM0FlbzA0SHdDU2VVY21DeHVMU3Q2V2dUamY2NlBRVk95OV9nLUlueDNZT29sYndXMmlxSXEwb0ZQX3NOX0RQa3JvR0dlM0xWeThMSFJJTm9Tc1MydjY5OFg5SEhVaDVSQnp0Z3o3OWxYelNtemdUYWotWG81Q1NjUDF3OWotU3BpbHhRbTc1QUF1YXFB0gG3AUFVX3lxTE4wSjl5Zm1OaHNEYzY1eTdobGVVYkZXT2JOSUFOUExVY0Vtalc3UUE4UGFFMTR6TGlNckcxa05rRW9rUG9HRjZIVkJhVWpCaEZjaWdFc3FsQ2lLQnJ2OVdkbjkweXRrbmRLUVRRb000dUs2RGN6ckl5blRGX19ydl91RzBtcHJHeW16Q0ZCU3I4YktIb1hOTWdfLVI5ZVYxd3VzVkE0Z0ZReEltYk03TXVYMEgtc1libw?oc=5\" target=\"_blank\" rel=\"nofollow noopener\">Arda G\u00fcler se luce en la victoria de Turqu\u00eda contra Bulgaria con un golazo<\/a>&nbsp;&nbsp;OkDiario<\/li>\n<\/ol>\n","protected":false},"excerpt":{"rendered":"1-6: Arda G\u00fcler marca y asiste en la goleada de Turqu\u00eda contra Bulgaria&nbsp;&nbsp;realmadrid.com Yildiz y G\u00fcler desarbolan el&hellip;\n","protected":false},"author":2,"featured_media":159623,"comment_status":"","ping_status":"","sticky":false,"template":"","format":"standard","meta":{"footnotes":""},"categories":[5],"tags":[17,18,25,24,13,14,11,6523,19,20,9,10,15,16,3048,23,12,21,22],"class_list":{"0":"post-170415","1":"post","2":"type-post","3":"status-publish","4":"format-standard","5":"has-post-thumbnail","7":"category-titulares","8":"tag-breaking-news","9":"tag-breakingnews","10":"tag-es","11":"tag-espana","12":"tag-featured-news","13":"tag-featurednews","14":"tag-headlines","15":"tag-home","16":"tag-latest-news","17":"tag-latestnews","18":"tag-news","19":"tag-noticias","20":"tag-noticias-destacadas","21":"tag-noticiasdestacadas","22":"tag-real-madrid","23":"tag-spain","24":"tag-titulares","25":"tag-ultimas-noticias","26":"tag-ultimasnoticias"},"share_on_mastodon":{"url":"","error":""},"_links":{"self":[{"href":"https:\/\/www.europesays.com\/es\/wp-json\/wp\/v2\/posts\/170415","targetHints":{"allow":["GET"]}}],"collection":[{"href":"https:\/\/www.europesays.com\/es\/wp-json\/wp\/v2\/posts"}],"about":[{"href":"https:\/\/www.europesays.com\/es\/wp-json\/wp\/v2\/types\/post"}],"author":[{"embeddable":true,"href":"https:\/\/www.europesays.com\/es\/wp-json\/wp\/v2\/users\/2"}],"replies":[{"embeddable":true,"href":"https:\/\/www.europesays.com\/es\/wp-json\/wp\/v2\/comments?post=170415"}],"version-history":[{"count":0,"href":"https:\/\/www.europesays.com\/es\/wp-json\/wp\/v2\/posts\/170415\/revisions"}],"wp:featuredmedia":[{"embeddable":true,"href":"https:\/\/www.europesays.com\/es\/wp-json\/wp\/v2\/media\/159623"}],"wp:attachment":[{"href":"https:\/\/www.europesays.com\/es\/wp-json\/wp\/v2\/media?parent=170415"}],"wp:term":[{"taxonomy":"category","embeddable":true,"href":"https:\/\/www.europesays.com\/es\/wp-json\/wp\/v2\/categories?post=170415"},{"taxonomy":"post_tag","embeddable":true,"href":"https:\/\/www.europesays.com\/es\/wp-json\/wp\/v2\/tags?post=170415"}],"curies":[{"name":"wp","href":"https:\/\/api.w.org\/{rel}","templated":true}]}}