{"id":170416,"date":"2025-10-11T21:16:09","date_gmt":"2025-10-11T21:16:09","guid":{"rendered":"https:\/\/www.europesays.com\/es\/170416\/"},"modified":"2025-10-11T21:16:09","modified_gmt":"2025-10-11T21:16:09","slug":"32-el-culleredo-supera-al-bueu-sobre-la-bocina","status":"publish","type":"post","link":"https:\/\/www.europesays.com\/es\/170416\/","title":{"rendered":"32 | El Culleredo supera al Bueu sobre la bocina"},"content":{"rendered":"<p class=\"ft-text\">El Balonm\u00e1n Culleredo ya tiene en el bolsillo la tercera victoria de la temporada en Primera Nacional. Derrot\u00f3 (31-32) al Bueu Atl\u00e9tico en un duelo de m\u00e1xima igualdad de inicio a fin y que se resolvi\u00f3 en los \u00faltimos instantes. Nuno Loxo, con siete tantos, lider\u00f3 la ofensiva cullerdense. Sin embargo, fue Carlos Costa, a quince segundos de la conclusi\u00f3n, quien anot\u00f3 el gol que decant\u00f3 la balanza a favor del conjunto naranja, que se afianza en la zona media de la tabla.<\/p>\n<p><a id=\"comments\" name=\"comments\" title=\"\" class=\"ft-anchor ft-anchor--absolute ft-helper-spacer-voffset-xlg\" rel=\"\"><\/a><\/p>\n","protected":false},"excerpt":{"rendered":"El Balonm\u00e1n Culleredo ya tiene en el bolsillo la tercera victoria de la temporada en Primera Nacional. Derrot\u00f3&hellip;\n","protected":false},"author":2,"featured_media":115888,"comment_status":"","ping_status":"","sticky":false,"template":"","format":"standard","meta":{"footnotes":""},"categories":[278],"tags":[22655,12721,376,15475,35504,34437,168,25,24,375,23,167,5378],"class_list":{"0":"post-170416","1":"post","2":"type-post","3":"status-publish","4":"format-standard","5":"has-post-thumbnail","7":"category-balonmano","8":"tag-22655","9":"tag-12721","10":"tag-balonmano","11":"tag-bueu","12":"tag-club-balonmano-culleredo","13":"tag-culleredo","14":"tag-deportes","15":"tag-es","16":"tag-espana","17":"tag-handball","18":"tag-spain","19":"tag-sports","20":"tag-supera"},"share_on_mastodon":{"url":"","error":""},"_links":{"self":[{"href":"https:\/\/www.europesays.com\/es\/wp-json\/wp\/v2\/posts\/170416","targetHints":{"allow":["GET"]}}],"collection":[{"href":"https:\/\/www.europesays.com\/es\/wp-json\/wp\/v2\/posts"}],"about":[{"href":"https:\/\/www.europesays.com\/es\/wp-json\/wp\/v2\/types\/post"}],"author":[{"embeddable":true,"href":"https:\/\/www.europesays.com\/es\/wp-json\/wp\/v2\/users\/2"}],"replies":[{"embeddable":true,"href":"https:\/\/www.europesays.com\/es\/wp-json\/wp\/v2\/comments?post=170416"}],"version-history":[{"count":0,"href":"https:\/\/www.europesays.com\/es\/wp-json\/wp\/v2\/posts\/170416\/revisions"}],"wp:featuredmedia":[{"embeddable":true,"href":"https:\/\/www.europesays.com\/es\/wp-json\/wp\/v2\/media\/115888"}],"wp:attachment":[{"href":"https:\/\/www.europesays.com\/es\/wp-json\/wp\/v2\/media?parent=170416"}],"wp:term":[{"taxonomy":"category","embeddable":true,"href":"https:\/\/www.europesays.com\/es\/wp-json\/wp\/v2\/categories?post=170416"},{"taxonomy":"post_tag","embeddable":true,"href":"https:\/\/www.europesays.com\/es\/wp-json\/wp\/v2\/tags?post=170416"}],"curies":[{"name":"wp","href":"https:\/\/api.w.org\/{rel}","templated":true}]}}