{"id":170421,"date":"2025-10-11T21:21:09","date_gmt":"2025-10-11T21:21:09","guid":{"rendered":"https:\/\/www.europesays.com\/es\/170421\/"},"modified":"2025-10-11T21:21:09","modified_gmt":"2025-10-11T21:21:09","slug":"alejandro-carmona-y-tara-jimenez-dominan-la-crono-de-la-iii-hercules-bike-race","status":"publish","type":"post","link":"https:\/\/www.europesays.com\/es\/170421\/","title":{"rendered":"Alejandro Carmona y Tara Jim\u00e9nez dominan la crono de la III H\u00e9rcules Bike Race"},"content":{"rendered":"<p>Alejandro Carmona, en categor\u00eda masculina, y Tara Jim\u00e9nez, en femenina, han sido los vencedores de la etapa contrarreloj nocturna que ha abierto este s\u00e1bado la tercera edici\u00f3n de la H\u00e9rcules Bike Race, la prueba de ciclismo de monta\u00f1a organizada por el CD Afrikanos. Francisco Jos\u00e9 Bruno ha sido el vencedor en la modalidad de ebikes.<\/p>\n<p>Alejandro Carmona ha vencido con autoridad, al invertir un crono de 8 minutos y 30 segundos en los 6 kil\u00f3metros de recorrido con salida y meta en las Murallas Reales y que ha transcurrido por varios puntos emblem\u00e1ticos de la ciudad como el Parque Mar\u00edtimo y la Plaza de \u00c1frica.<\/p>\n<p>La segunda posici\u00f3n ha sido para Juan Manuel G\u00f3mez, con 09:49, y tercero ha finalizado Francisco Jos\u00e9 Pe\u00f1a, con 10:01.<\/p>\n<p>En f\u00e9minas, la cosa ha estado mucho m\u00e1s apretada. Tara Jim\u00e9nez ha sido la vencedora con un tiempo de 12:21. A solo 3 segundos se ha clasificado segunda Conchi B\u00e1\u00f1ez (12:24) y ha completado el podio Claudia Casanova, con 12:52.<\/p>\n<p>En la modalidad de ebikes, triunfo para Francisco Jos\u00e9 Bruno, con 10:04, seguido por Jos\u00e9 Soto Leoncio, con 10:18, y Outman Abdeselam, con 10:20.<\/p>\n<p>Las salidas se han ido realizando cada minuto, con tres participantes por salida.<\/p>\n<p>Cerca de 150 ciclistas se hab\u00edan inscrito en la HBR de este a\u00f1o y 19 en la HBR Urban Teens, que se ha celebrado justo antes de la prueba de adultos.<\/p>\n<p>Para este domingo queda la segunda y definitiva etapa, a partir de las 10:00 horas, tambi\u00e9n con salida y meta en las Murallas Reales. El recorrido es de 47 kil\u00f3metros por los montes de Garc\u00eda Aldave, con 1.400 metros de desnivel.<\/p>\n<p>Tras la salida de la HBR se celebrar\u00e1 la HBR Kids para los m\u00e1s peque\u00f1os, con cerca de 40 inscritos.<\/p>\n","protected":false},"excerpt":{"rendered":"Alejandro Carmona, en categor\u00eda masculina, y Tara Jim\u00e9nez, en femenina, han sido los vencedores de la etapa contrarreloj&hellip;\n","protected":false},"author":2,"featured_media":170422,"comment_status":"","ping_status":"","sticky":false,"template":"","format":"standard","meta":{"footnotes":""},"categories":[273],"tags":[323,313,312,168,25,24,7409,3154,23,167],"class_list":{"0":"post-170421","1":"post","2":"type-post","3":"status-publish","4":"format-standard","5":"has-post-thumbnail","7":"category-ciclismo","8":"tag-bike","9":"tag-ciclismo","10":"tag-cycling","11":"tag-deportes","12":"tag-es","13":"tag-espana","14":"tag-hercules","15":"tag-race","16":"tag-spain","17":"tag-sports"},"share_on_mastodon":{"url":"","error":""},"_links":{"self":[{"href":"https:\/\/www.europesays.com\/es\/wp-json\/wp\/v2\/posts\/170421","targetHints":{"allow":["GET"]}}],"collection":[{"href":"https:\/\/www.europesays.com\/es\/wp-json\/wp\/v2\/posts"}],"about":[{"href":"https:\/\/www.europesays.com\/es\/wp-json\/wp\/v2\/types\/post"}],"author":[{"embeddable":true,"href":"https:\/\/www.europesays.com\/es\/wp-json\/wp\/v2\/users\/2"}],"replies":[{"embeddable":true,"href":"https:\/\/www.europesays.com\/es\/wp-json\/wp\/v2\/comments?post=170421"}],"version-history":[{"count":0,"href":"https:\/\/www.europesays.com\/es\/wp-json\/wp\/v2\/posts\/170421\/revisions"}],"wp:featuredmedia":[{"embeddable":true,"href":"https:\/\/www.europesays.com\/es\/wp-json\/wp\/v2\/media\/170422"}],"wp:attachment":[{"href":"https:\/\/www.europesays.com\/es\/wp-json\/wp\/v2\/media?parent=170421"}],"wp:term":[{"taxonomy":"category","embeddable":true,"href":"https:\/\/www.europesays.com\/es\/wp-json\/wp\/v2\/categories?post=170421"},{"taxonomy":"post_tag","embeddable":true,"href":"https:\/\/www.europesays.com\/es\/wp-json\/wp\/v2\/tags?post=170421"}],"curies":[{"name":"wp","href":"https:\/\/api.w.org\/{rel}","templated":true}]}}