{"id":170425,"date":"2025-10-11T21:24:07","date_gmt":"2025-10-11T21:24:07","guid":{"rendered":"https:\/\/www.europesays.com\/es\/170425\/"},"modified":"2025-10-11T21:24:07","modified_gmt":"2025-10-11T21:24:07","slug":"pablo-garcia-titular-en-el-espana","status":"publish","type":"post","link":"https:\/\/www.europesays.com\/es\/170425\/","title":{"rendered":"Pablo Garc\u00eda, titular en el Espa\u00f1a"},"content":{"rendered":"<p>11\/10\/2025<br \/>\n<br \/><strong><br \/>\nActualizado a las 22:01h.<br \/>\n<\/strong><\/p>\n<p class=\"voc-p\" style=\"\">Pablo Garc\u00eda, canterano del Real Betis, repite titularidad por cuarto partido seguido con la selecci\u00f3n espa\u00f1ola sub 20 en el duelo ante Colombia correspondiente a los cuartos de final que se disputa a partir de las 22.00 (hora espa\u00f1ola) en la localidad de Talca.  &#8230; El futbolista de Alcosa sigue siendo un fijo en el ataque del combinado espa\u00f1ol dirigido por Paco Gallardo, en busca ahora de la clasificaci\u00f3n para las semifinales del torneo que se est\u00e1 disputando en Chile.<\/p>\n<p class=\"voc-p\" style=\"\">Despu\u00e9s de ser suplente en el debut con derrota ante Marruecos (2-0), el canterano b\u00e9tico ha formado parte de los onces titulares de Gallardo en los sucesivos encuentros de la fase de grupos ante M\u00e9xico, duelo en el que marc\u00f3 uno de los tantos espa\u00f1oles en el empate a dos final, y tambi\u00e9n frente a Brasil, partido en el que le dio una espectacular asistencia a Iker Bravo para el gol que clasific\u00f3 a Espa\u00f1a a la fase eliminatoria.<\/p>\n<p class=\"voc-p\" style=\"\">En octavos contra Ucrania, el duelo qued\u00f3 decantado a favor del combinado espa\u00f1ol gracias a un buen tanto de Pablo Garc\u00eda, que super\u00f3 al meta Krapyvtsov, que milita en el Girona, gras aprovechar un gran pase del futbolista del Elche, Rodrigo Mendoza.<\/p>\n<p>\nArt\u00edculo solo para suscriptores\n<\/p>\n<p>Reportar un error<\/p>\n","protected":false},"excerpt":{"rendered":"11\/10\/2025 Actualizado a las 22:01h. Pablo Garc\u00eda, canterano del Real Betis, repite titularidad por cuarto partido seguido con&hellip;\n","protected":false},"author":2,"featured_media":170426,"comment_status":"","ping_status":"","sticky":false,"template":"","format":"standard","meta":{"footnotes":""},"categories":[268],"tags":[1803,11059,168,25,24,1058,280,282,3142,1070,618,281,23,167,4039,14558],"class_list":{"0":"post-170425","1":"post","2":"type-post","3":"status-publish","4":"format-standard","5":"has-post-thumbnail","7":"category-futbol","8":"tag-colombia","9":"tag-cuartos","10":"tag-deportes","11":"tag-es","12":"tag-espana","13":"tag-final","14":"tag-football","15":"tag-futbol","16":"tag-garcia","17":"tag-mundial","18":"tag-pablo","19":"tag-soccer","20":"tag-spain","21":"tag-sports","22":"tag-sub","23":"tag-titular"},"share_on_mastodon":{"url":"","error":""},"_links":{"self":[{"href":"https:\/\/www.europesays.com\/es\/wp-json\/wp\/v2\/posts\/170425","targetHints":{"allow":["GET"]}}],"collection":[{"href":"https:\/\/www.europesays.com\/es\/wp-json\/wp\/v2\/posts"}],"about":[{"href":"https:\/\/www.europesays.com\/es\/wp-json\/wp\/v2\/types\/post"}],"author":[{"embeddable":true,"href":"https:\/\/www.europesays.com\/es\/wp-json\/wp\/v2\/users\/2"}],"replies":[{"embeddable":true,"href":"https:\/\/www.europesays.com\/es\/wp-json\/wp\/v2\/comments?post=170425"}],"version-history":[{"count":0,"href":"https:\/\/www.europesays.com\/es\/wp-json\/wp\/v2\/posts\/170425\/revisions"}],"wp:featuredmedia":[{"embeddable":true,"href":"https:\/\/www.europesays.com\/es\/wp-json\/wp\/v2\/media\/170426"}],"wp:attachment":[{"href":"https:\/\/www.europesays.com\/es\/wp-json\/wp\/v2\/media?parent=170425"}],"wp:term":[{"taxonomy":"category","embeddable":true,"href":"https:\/\/www.europesays.com\/es\/wp-json\/wp\/v2\/categories?post=170425"},{"taxonomy":"post_tag","embeddable":true,"href":"https:\/\/www.europesays.com\/es\/wp-json\/wp\/v2\/tags?post=170425"}],"curies":[{"name":"wp","href":"https:\/\/api.w.org\/{rel}","templated":true}]}}