{"id":170513,"date":"2025-10-11T22:33:09","date_gmt":"2025-10-11T22:33:09","guid":{"rendered":"https:\/\/www.europesays.com\/es\/170513\/"},"modified":"2025-10-11T22:33:09","modified_gmt":"2025-10-11T22:33:09","slug":"oficial-checo-perez-estara-en-el-gp-de-mexico-2025","status":"publish","type":"post","link":"https:\/\/www.europesays.com\/es\/170513\/","title":{"rendered":"Oficial: Checo P\u00e9rez estar\u00e1 en el GP de M\u00e9xico 2025"},"content":{"rendered":"<p data-testid=\"paragraph\" class=\"mb-[20px] md:mb-[30px] break-word\">El <strong><a href=\"https:\/\/bolavip.com\/mx\/tema\/gran-premio-de-mexico\" target=\"_blank\" rel=\"noreferrer noopener nofollow\" class=\"break-word font-articleLinkText text-articleLinkText hover:text-articleLinkTextHover hover:bg-articleLinkTextHoverBg cursor-pointer border-solid border-b-articleLinkTextHover\">Gran Premio de M\u00e9xico 2025<\/a><\/strong> de la <strong>F\u00f3rmula 1<\/strong> est\u00e1 cada vez m\u00e1s cerca. Tras la victoria de George Russell en Singapur, la M\u00e1xima regresa a Am\u00e9rica para la carrera del GP de Estados Unidos en Austin y luego ser\u00e1 el turno de aterrizar en el  Aut\u00f3dromo Hermanos Rodr\u00edguez para disfrutar uno de los eventos deportivos m\u00e1s esperados del a\u00f1o en el pa\u00eds.<\/p>\n<p data-testid=\"paragraph\" class=\"mb-[20px] md:mb-[30px] break-word\">Esta ser\u00e1 la primera edici\u00f3n que no contar\u00e1 con un piloto mexicano en la parrilla desde que esta carrera volvi\u00f3 al calendario de la F1. Sin embargo, <strong>Pato O\u2019Ward<\/strong> ser\u00e1 parte de la Pr\u00e1ctica Libre 1 con McLaren y <strong>la presencia de <a href=\"https:\/\/bolavip.com\/mx\/tema\/checo-perez\" target=\"_blank\" rel=\"noreferrer noopener nofollow\" class=\"break-word font-articleLinkText text-articleLinkText hover:text-articleLinkTextHover hover:bg-articleLinkTextHoverBg cursor-pointer border-solid border-b-articleLinkTextHover\">Checo P\u00e9rez<\/a> fue confirmada en condici\u00f3n de embajador<\/strong>, por lo que la figura de Sergio ser\u00e1 protag\u00f3nica a lo largo del fin de semana.<\/p>\n<p data-testid=\"paragraph\" class=\"mb-[20px] md:mb-[30px] break-word\"><strong>Sergio ya fue confirmado como nuevo piloto de Cadillac<\/strong>, pero deber\u00e1 completar su a\u00f1o sab\u00e1tico antes de volver oficialmente al ruedo en la temporada 2026 de la <a href=\"https:\/\/bolavip.com\/mx\/f1\" target=\"_blank\" rel=\"noreferrer noopener nofollow\" class=\"break-word font-articleLinkText text-articleLinkText hover:text-articleLinkTextHover hover:bg-articleLinkTextHoverBg cursor-pointer border-solid border-b-articleLinkTextHover\">F\u00f3rmula 1<\/a>, con el valor agregado de que el a\u00f1o que viene cambia el reglamento. Cabe recordar que <strong>Checo fue despedido de Red Bull Racing en diciembre<\/strong> y no consigui\u00f3 asiento en ninguna otra escuder\u00eda para permanecer en la categor\u00eda.<\/p>\n<p><img decoding=\"async\" src=\"https:\/\/www.europesays.com\/es\/wp-content\/uploads\/2025\/10\/BMX_20251011_BMX_371482_GettyImages-1436749689-1024x683_93d5a6dc.webp&#038;width=1024&#038;height=683.webp\" width=\"1024\" height=\"683\" alt=\"Checo P\u00e9rez con la bandera de M\u00e9xico (GETTY IMAGES)\" class=\"h-auto\" loading=\"lazy\"\/><\/p>\n<p class=\"text-center mt-5 text-[14px] leading-[20px] font-normal\">Checo P\u00e9rez con la bandera de M\u00e9xico (GETTY IMAGES)<\/p>\n<p>La agenda de actividades de Checo P\u00e9rez en el GP de M\u00e9xico 2025<\/p>\n<ul class=\"mb-[20px] md:mb-[30px] list-disc ps-10\">\n<li class=\"break-word\"><strong>Media<\/strong>: Sergio P\u00e9rez estar\u00e1 a disposici\u00f3n para dar entrevistas y tambi\u00e9n brindar\u00e1 una rueda de prensa.<\/li>\n<li class=\"break-word\"><strong>Sesi\u00f3n de aut\u00f3grafos<\/strong>: conectar\u00e1 con los aficionados presencialmente y empezar\u00e1 a crear la afinidad del p\u00fablico con Cadillac de cara al 2026.<\/li>\n<li class=\"break-word\"><strong>Presencia en el paddock<\/strong>: Checo estar\u00e1 a la par de sus antiguos colegas y participar\u00e1 de las ceremonias anteriores a la carrera del domingo.<\/li>\n<\/ul>\n<p><a title=\"El nuevo jefe de equipo que quiere Ferrari para reemplazar a Fred Vasseur\" href=\"https:\/\/bolavip.com\/mx\/f1\/el-nuevo-jefe-de-equipo-que-quiere-ferrari-para-reemplazar-a-fred-vasseur\" target=\"_self\" rel=\"nofollow noopener\" class=\"article-also-read-embed\"><img decoding=\"async\" class=\"aspect-square max-w-[100px] m-[10px] md:m-0\" src=\"https:\/\/www.europesays.com\/es\/wp-content\/uploads\/2025\/10\/1760221989_335_image\" alt=\"El nuevo jefe de equipo que quiere Ferrari para reemplazar a Fred Vasseur\" width=\"200\" height=\"200\" loading=\"lazy\"\/><\/p>\n<p class=\"font-secondary my-[13px] uppercase text-alsoReadSeeAlso bg-alsoReadSeeAlsoBackground alsoReadSeeAlso w-fit\">ver tambi\u00e9n<\/p>\n<p class=\"w-full line-clamp-3 md:line-clamp-2 text-alsoReadEmbedTitle font-primary alsoReadLink\">El nuevo jefe de equipo que quiere Ferrari para reemplazar a Fred Vasseur<\/p>\n<p><\/a>Fecha y cronograma del GP de M\u00e9xico 2025<\/p>\n<ul class=\"list-disc ps-10 mb-[20px] md:mb-[30px]\">\n<li class=\"break-word\"><strong>Pr\u00e1ctica Libre 1<\/strong>: viernes 24 de octubre<\/li>\n<li class=\"break-word\"><strong>Pr\u00e1ctica Libre 2<\/strong>: viernes 24 de octubre<\/li>\n<li class=\"break-word\"><strong>Pr\u00e1ctica Libre 3<\/strong>: s\u00e1bado 25 de octubre<\/li>\n<li class=\"break-word\"><strong>Clasificaci\u00f3n<\/strong>: s\u00e1bado 25 de octubre<\/li>\n<li class=\"break-word\"><strong>Carrera<\/strong>: domingo 26 de octubre<\/li>\n<\/ul>\n","protected":false},"excerpt":{"rendered":"El Gran Premio de M\u00e9xico 2025 de la F\u00f3rmula 1 est\u00e1 cada vez m\u00e1s cerca. Tras la victoria&hellip;\n","protected":false},"author":2,"featured_media":170514,"comment_status":"","ping_status":"","sticky":false,"template":"","format":"standard","meta":{"footnotes":""},"categories":[270],"tags":[5332,168,25,24,306,271,272,16702,23,167],"class_list":{"0":"post-170513","1":"post","2":"type-post","3":"status-publish","4":"format-standard","5":"has-post-thumbnail","7":"category-formula-1","8":"tag-checo-perez","9":"tag-deportes","10":"tag-es","11":"tag-espana","12":"tag-f1","13":"tag-formula-1","14":"tag-formula1","15":"tag-gran-premio-de-mexico","16":"tag-spain","17":"tag-sports"},"share_on_mastodon":{"url":"","error":""},"_links":{"self":[{"href":"https:\/\/www.europesays.com\/es\/wp-json\/wp\/v2\/posts\/170513","targetHints":{"allow":["GET"]}}],"collection":[{"href":"https:\/\/www.europesays.com\/es\/wp-json\/wp\/v2\/posts"}],"about":[{"href":"https:\/\/www.europesays.com\/es\/wp-json\/wp\/v2\/types\/post"}],"author":[{"embeddable":true,"href":"https:\/\/www.europesays.com\/es\/wp-json\/wp\/v2\/users\/2"}],"replies":[{"embeddable":true,"href":"https:\/\/www.europesays.com\/es\/wp-json\/wp\/v2\/comments?post=170513"}],"version-history":[{"count":0,"href":"https:\/\/www.europesays.com\/es\/wp-json\/wp\/v2\/posts\/170513\/revisions"}],"wp:featuredmedia":[{"embeddable":true,"href":"https:\/\/www.europesays.com\/es\/wp-json\/wp\/v2\/media\/170514"}],"wp:attachment":[{"href":"https:\/\/www.europesays.com\/es\/wp-json\/wp\/v2\/media?parent=170513"}],"wp:term":[{"taxonomy":"category","embeddable":true,"href":"https:\/\/www.europesays.com\/es\/wp-json\/wp\/v2\/categories?post=170513"},{"taxonomy":"post_tag","embeddable":true,"href":"https:\/\/www.europesays.com\/es\/wp-json\/wp\/v2\/tags?post=170513"}],"curies":[{"name":"wp","href":"https:\/\/api.w.org\/{rel}","templated":true}]}}