{"id":170517,"date":"2025-10-11T22:36:11","date_gmt":"2025-10-11T22:36:11","guid":{"rendered":"https:\/\/www.europesays.com\/es\/170517\/"},"modified":"2025-10-11T22:36:11","modified_gmt":"2025-10-11T22:36:11","slug":"el-cambio-radical-de-vida-de-beatriz-montanez-de-presentadora-de-el-intermedio-a-vivir-en-el-bosque","status":"publish","type":"post","link":"https:\/\/www.europesays.com\/es\/170517\/","title":{"rendered":"El cambio radical de vida de Beatriz Mont\u00e1\u00f1ez: de presentadora de &#8216;El Intermedio&#8217; a vivir en el bosque"},"content":{"rendered":"<p class=\"v-mdl-ath__p v-mdl-ath__p--6\">\nS\u00e1bado, 11 de octubre 2025, 19:19<\/p>\n<p>| Actualizado 19:25h.<\/p>\n<p class=\"v-p\">La vida ha cambiado de forma radical para Beatriz Mont\u00e1\u00f1ez, quien en 2006 fue co-presentadora del popular espacio &#8216;El Intermedio&#8217;, que todav\u00eda se emite en la actualidad en &#8216;<a href=\"https:\/\/www.lasprovincias.es\/economia\/vivienda\/afra-blanco-vivienda-suficiente-friamos-impuestos-acaparan-20251004125428-nt.html\" title=\"www.lasprovincias.es\" data-voc-vtm-id=\"in-text-traffic\" data-mrf-link=\"www.lasprovincias.es\" rel=\"nofollow noopener\" target=\"_blank\">La Sexta<\/a>&#8216;. Tal fue el \u00e9xito que en 2009 gan\u00f3 un Ondas como mejor programa de actualidad.<\/p>\n<p class=\"v-p\">Sin embargo, en diciembre de 2011 dijo adi\u00f3s al Gran Wyoming para \u00abdescansar y acometer nuevos proyectos de formaci\u00f3n personal\u00bb. En este sentido, decidi\u00f3 dedicarse al cine y debut\u00f3 con la pel\u00edcula &#8217;88&#8217; y m\u00e1s tarde copresent\u00f3 en Telecinco &#8216;El gran debate&#8217; y &#8216;Hable con ellas&#8217;. Pero su mayor \u00e9xito fue lograr un Goya por &#8216;Muchos hijos, un mono y un castillo&#8217;, donde fue guionista.<\/p>\n<p><a href=\"http:\/\/www.lasprovincias.es\/culturas\/tv\/nuevo-programa-rtve-presentara-ines-hernand-abierto-20251010184236-nt.html#vtm_modulosEngag=mod-rel:culturas:noticia:1:cmp:1-not\" class=\"v-a-link\" aria-label=\"Imagen\" rel=\"nofollow noopener\" target=\"_blank\"><\/p>\n<p><img decoding=\"async\" loading=\"lazy\" src=\"https:\/\/www.europesays.com\/es\/wp-content\/uploads\/2025\/10\/InesHernand-knzG-U2303337608846pwB-366x256@Las Provincias.jpg\" class=\"v-a-img\" width=\"258\" height=\"180\" alt=\"\" data-voc-vtm-id=\"in-text-traffic\"\/><\/p>\n<p><\/a><\/p>\n<p class=\"v-p\">Sin embargo, su movimiento m\u00e1s importante fue trasladarse a vivir lejos de la ciudad a una casa de pastores: \u00abPor mucho dinero que ganara en televisi\u00f3n, prefiero la vida austera. No hay dinero en el mundo que te pueda comprar la paz. Por mucho dinero que ganara, por mucho futuro que me esperara, prefiero la vida que llevo. Lo volver\u00eda a hacer cien mil veces\u00bb, se\u00f1al\u00f3 en la presentaci\u00f3n de su libro &#8216;Niadela&#8217;, el cual escribi\u00f3 en su caba\u00f1a, donde admite que estuvo viviendo un a\u00f1o \u00abcon velas\u00bb.<\/p>\n<p><img decoding=\"async\" loading=\"lazy\" src=\"https:\/\/www.europesays.com\/es\/wp-content\/uploads\/2025\/10\/46e24cae-a067-430d-9548-2a25e2227f2a_source-aspect-ratio_1600w_0-kV0C--650x455@Las Provincias.jpg\" class=\"v-a-img\" width=\"650\" height=\"455\" alt=\"Beatriz Mont\u00e1\u00f1ez, en su \u00e9poca de presentadora en 'El Intermedio'.\" data-voc-vtm-id=\"in-text-traffic\"\/><\/p>\n<p>Beatriz Mont\u00e1\u00f1ez, en su \u00e9poca de presentadora en &#8216;El Intermedio&#8217;.<\/p>\n<p>LASEXTA<\/p>\n<p><img loading=\"lazy\" decoding=\"async\" src=\"https:\/\/www.europesays.com\/es\/wp-content\/uploads\/2025\/10\/46e24cae-a067-430d-9548-2a25e2227f2a_source-aspect-ratio_1600w_0-kV0C--650x455@Las Provincias.jpg\" class=\"v-mdl__img-z\" width=\"650\" height=\"455\" alt=\"\"\/><\/p>\n<p class=\"v-p\">Seg\u00fan explic\u00f3, estaba saturada: \u00abEstaba perdid\u00edsima. Es muy dif\u00edcil cuando no tienes un camino concreto, ves bifurcaciones y no sabes cu\u00e1l tomar. Hab\u00eda mucho ruido en mi vida y eso me provocaba mucha inestabilidad. Sent\u00eda que en cualquier momento iba a explotar y necesitaba silencio y saber cu\u00e1l era el camino\u00bb.<\/p>\n<p class=\"v-p\">Y desde entonces decidi\u00f3 apenas gastar dinero y un estilo de vida completamente diferente: \u00abTodo lo que me rodea es muy austero. Me hice vegana, as\u00ed que lo que como es barato. Verduras frescas, legumbres, semillas, ra\u00edces&#8230; no me gasto m\u00e1s de 150 euros en alimentaci\u00f3n. No pago casa, instal\u00e9 paneles fotovoltaicos y el agua viene de un pozo\u00bb.<\/p>\n<p class=\"v-p\">La expresentadora sale a comprar cada 25 d\u00edas y tambi\u00e9n va a Madrid un par de veces al a\u00f1o para ver a sus amigos. Ahora, los alrededores de su hogar se han llenado de intrusos que revoloteaban su casa \u00abpara dejarle notas y observarla con prism\u00e1ticos\u00bb.<\/p>\n<p>Reporta un error<\/p>\n","protected":false},"excerpt":{"rendered":"S\u00e1bado, 11 de octubre 2025, 19:19 | Actualizado 19:25h. La vida ha cambiado de forma radical para Beatriz&hellip;\n","protected":false},"author":2,"featured_media":170518,"comment_status":"","ping_status":"","sticky":false,"template":"","format":"standard","meta":{"footnotes":""},"categories":[174],"tags":[22296,30972,49545,255,146,147,25,24,49547,256,36161,49546,795,23,2606],"class_list":{"0":"post-170517","1":"post","2":"type-post","3":"status-publish","4":"format-standard","5":"has-post-thumbnail","7":"category-famosos","8":"tag-beatriz","9":"tag-bosque","10":"tag-cabana","11":"tag-celebrities","12":"tag-entertainment","13":"tag-entretenimiento","14":"tag-es","15":"tag-espana","16":"tag-expresentadora","17":"tag-famosos","18":"tag-intermedio","19":"tag-montanez","20":"tag-nueva","21":"tag-spain","22":"tag-vida"},"share_on_mastodon":{"url":"","error":""},"_links":{"self":[{"href":"https:\/\/www.europesays.com\/es\/wp-json\/wp\/v2\/posts\/170517","targetHints":{"allow":["GET"]}}],"collection":[{"href":"https:\/\/www.europesays.com\/es\/wp-json\/wp\/v2\/posts"}],"about":[{"href":"https:\/\/www.europesays.com\/es\/wp-json\/wp\/v2\/types\/post"}],"author":[{"embeddable":true,"href":"https:\/\/www.europesays.com\/es\/wp-json\/wp\/v2\/users\/2"}],"replies":[{"embeddable":true,"href":"https:\/\/www.europesays.com\/es\/wp-json\/wp\/v2\/comments?post=170517"}],"version-history":[{"count":0,"href":"https:\/\/www.europesays.com\/es\/wp-json\/wp\/v2\/posts\/170517\/revisions"}],"wp:featuredmedia":[{"embeddable":true,"href":"https:\/\/www.europesays.com\/es\/wp-json\/wp\/v2\/media\/170518"}],"wp:attachment":[{"href":"https:\/\/www.europesays.com\/es\/wp-json\/wp\/v2\/media?parent=170517"}],"wp:term":[{"taxonomy":"category","embeddable":true,"href":"https:\/\/www.europesays.com\/es\/wp-json\/wp\/v2\/categories?post=170517"},{"taxonomy":"post_tag","embeddable":true,"href":"https:\/\/www.europesays.com\/es\/wp-json\/wp\/v2\/tags?post=170517"}],"curies":[{"name":"wp","href":"https:\/\/api.w.org\/{rel}","templated":true}]}}