{"id":170521,"date":"2025-10-11T22:40:11","date_gmt":"2025-10-11T22:40:11","guid":{"rendered":"https:\/\/www.europesays.com\/es\/170521\/"},"modified":"2025-10-11T22:40:11","modified_gmt":"2025-10-11T22:40:11","slug":"de-los-que-ocultan-sintomas-a-la-secuela-mas-comun","status":"publish","type":"post","link":"https:\/\/www.europesays.com\/es\/170521\/","title":{"rendered":"de los que \u00abocultan s\u00edntomas\u00bb a la secuela m\u00e1s com\u00fan"},"content":{"rendered":"<p class=\"article-text\">\n        Pocas personas conocen mejor las entra\u00f1as de <strong>Supervivientes <\/strong>que <strong>Jorge Cerame<\/strong>, m\u00e9dico del reality de <strong>Telecinco <\/strong>de forma ininterrumpida desde el a\u00f1o 2007, el de la primera edici\u00f3n celebrada en<strong> Honduras<\/strong>. Casi dos d\u00e9cadas en las que el conocido como<strong> &#8216;Doc&#8217;<\/strong> entre los miembros del equipo ha trasladado su consulta a los <strong>Cayos Cochinos<\/strong>, atendiendo todo tipo de lesiones y urgencias entre los concursantes, y resistiendo a varios cambios de manos entre las productoras que han estado a cargo del programa.\n    <\/p>\n<p>    <a href=\"https:\/\/www.eldiario.es\/vertele\/noticias\/supervivientes-all-stars-probamos-juegos-cerebro-defiende-sombra-tongo-culpa-arbitro-video-telecinco-mediaset_1_12644048.html\" data-mrf-recirculation=\"saber-mas\" data-dl-event=\"saber-mas\" rel=\"nofollow noopener\" target=\"_blank\"><\/p>\n<p class=\"know-more__title\">Reportaje | Probamos los juegos de &#8216;Supervivientes&#8217; y su &#8216;cerebro&#8217; se defiende de la sombra del tongo: \u00abLa culpa siempre del \u00e1rbitro\u00bb<\/p>\n<p>            <img decoding=\"async\" class=\"lazy\" loading=\"lazy\" data-src=\"https:\/\/static.eldiario.es\/clip\/509972e8-7541-4379-b3d7-f14e9b4759e7_16-9-aspect-ratio_default_0.jpg\" src=\"data:image\/svg+xml,%3Csvg xmlns=\" http:=\"\" viewbox=\"0 0 880 495\" alt=\"Probamos los juegos de 'Supervivientes' y su 'cerebro' se defiende de la sombra del tongo: &quot;La culpa siempre del \u00e1rbitro&quot;\"\/><\/p>\n<p>                        <\/a><\/p>\n<p class=\"article-text\">\n        Cerame nos recibe durante nuestra <a href=\"https:\/\/www.eldiario.es\/vertele\/noticias\/supervivientes-all-stars-ojo-no-ve-entresijos-gala-telecinco-vivimos-honduras_1_12597131.html\" target=\"_blank\" data-mrf-recirculation=\"links-noticia\" class=\"link\" rel=\"nofollow noopener\">visita a la grabaci\u00f3n de <\/a><a href=\"https:\/\/www.eldiario.es\/vertele\/noticias\/supervivientes-all-stars-ojo-no-ve-entresijos-gala-telecinco-vivimos-honduras_1_12597131.html\" target=\"_blank\" data-mrf-recirculation=\"links-noticia\" class=\"link\" rel=\"nofollow noopener\"><strong>Supervivientes All Stars<\/strong><\/a> en la palapa del Hotel Palma Real de La Ceiba en el que se hospedan todos los empleados de <strong>Cuarzo.<\/strong> En su caso particular, lo hace en una de las villas del gran complejo residencial en las que se ubica <strong>su propia &#8216;enfermer\u00eda&#8217;<\/strong>, preparada siempre ante cualquier emergencia tanto para los <strong>participantes <\/strong>como para los propios <strong>trabajadores <\/strong>de la producci\u00f3n. Incluso para quien escribe estas l\u00edneas, que tuvo que ser asistido uno de los d\u00edas previos por la desafortunada picadura de un insecto.\n    <\/p>\n<p class=\"article-text\">\n        El &#8216;Doc&#8217; nos cuenta que no trabaja solo en el reality. Le acompa\u00f1an <strong>dos m\u00e9dicos hondure\u00f1os<\/strong> que, por turnos, est\u00e1n siempre en<a href=\"https:\/\/www.eldiario.es\/vertele\/noticias\/supervivientes-all-stars-video-concursantes-playa-uva-graba-vida-infiltramos-ver-realidad-condiciones-telecinco_1_12611688.html\" target=\"_blank\" data-mrf-recirculation=\"links-noticia\" class=\"link\" rel=\"nofollow noopener\"> el Cayo Menor en el que viven los robinsones<\/a>, a <strong>\u201ccinco minutos\u201d de respuesta<\/strong> ante cualquier imprevisto. De esta forma, \u00e9l se desplaza a la isla s\u00f3lo <strong>tres veces<\/strong> por semana, los tres d\u00edas de emisi\u00f3n de Supervivientes en Telecinco en los que los concursantes se enfrentan a las diferentes <a href=\"https:\/\/www.eldiario.es\/vertele\/noticias\/supervivientes-all-stars-probamos-juegos-cerebro-defiende-sombra-tongo-culpa-arbitro-video-telecinco-mediaset_1_12644048.html\" target=\"_blank\" data-mrf-recirculation=\"links-noticia\" class=\"link\" rel=\"nofollow noopener\">pruebas y juegos que idea el programa.<\/a> Tras las c\u00e1maras, el equipo m\u00e9dico vigila atentamente el desarrollo de los retos f\u00edsicos e interviene ante accidentes como el que vivi\u00f3 Fani<strong> <\/strong>ante nuestros ojos y en el que pudimos comprobar <a href=\"https:\/\/www.eldiario.es\/vertele\/noticias\/supervivientes-all-stars-accidente-fani-honduras-amenazado-gala-gran-telecinco-tormenta-vivio-evacuaciones_1_12602556.html\" target=\"_blank\" data-mrf-recirculation=\"links-noticia\" class=\"link\" rel=\"nofollow noopener\">la r\u00e1pida acci\u00f3n de los sanitarios<\/a> del formato.\n    <\/p>\n<p>            <img decoding=\"async\" class=\"lazy\" loading=\"lazy\" data-src=\"https:\/\/static.eldiario.es\/clip\/b5dd20e5-de8a-4078-af1a-974a91179e54_16-9-discover-aspect-ratio_default_0.jpg\" src=\"data:image\/svg+xml,%3Csvg xmlns=\" http:=\"\" viewbox=\"0 0 1200 675\" alt=\"Jorge Cerame, en acci\u00f3n durante el accidente de Fani en 'Supervivientes'\"\/><\/p>\n<p class=\"article-text\">\n        Jorge Cerame, que recuerda que lleg\u00f3 a <strong>navegar durante siete a\u00f1os a bordo de un barco hospital<\/strong>, pasando posteriormente a trabajar en las<strong> UVIs m\u00f3viles<\/strong> y otros cuatro a\u00f1os en un<strong> helic\u00f3ptero medicalizado<\/strong>, asegura que en Supervivientes \u201clas cosas que se ven son m\u00e1s agradables\u201d que a las que se ha tenido que enfrentar en el pasado en su carrera profesional. Preguntado por el susto m\u00e1s grande que ha vivido a lo largo de sus casi 20 a\u00f1os en el reality, el &#8216;Doc&#8217; afirma que \u201ca veces las cosas que dan susto son en las que la gente no chilla\u201d.\n    <\/p>\n<p class=\"article-text\">\n        \u201cPor ejemplo, alguien que empieza a tener dolor en el pecho y &#8216;qu\u00e9 gracia, qu\u00e9 gracia, qu\u00e9 gracia&#8230;&#8217; y luego resulta ser una angina. Entonces sabes que eso puede darte un susto. La cuesti\u00f3n es que no llegue a asustar y <strong>lo importante es que cuando digas &#8216;bandera roja&#8217; te hagan caso.<\/strong> Y, por el momento, me hacen caso\u201d, declara a <a href=\"https:\/\/www.eldiario.es\/vertele\" target=\"_blank\" data-mrf-recirculation=\"links-noticia\" class=\"link\" rel=\"nofollow noopener\"><strong>verTele <\/strong><\/a>el madrile\u00f1o, que expresa lo dif\u00edcil que es decirle a cualquier participante que no puede continuar en la aventura cuando aflora alg\u00fan problema de salud. \u201cEn caso de duda, prefiero que me echen en cara que alguien ha perdido el concurso y que luego se demuestre que no era tan grave, a jug\u00e1rtela y que alguien tenga un disgusto\u201d, asevera, desvelando que a veces tambi\u00e9n \u201c<strong>hay algunos que incluso ocultan s\u00edntomas\u201d<\/strong> para no verse forzados a abandonar.\n    <\/p>\n<p class=\"article-text\">\n        \u201cY luego pasa lo que pasa\u201d, lamenta Cerame, que aprovecha esta charla horas antes del c\u00edmax de nuestra inmersi\u00f3n en el formato, enfrent\u00e1ndonos a<strong> un d\u00eda &#8216;a la deriva&#8217; en la isla como los concursantes<\/strong> -en una experiencia que leer\u00e9is muy pronto en verTele-, para advertirnos de \u201clos tres elementos enemigos del superviviente\u201d: \u201cEl Sol, el calor con la deshidrataci\u00f3n, y los mosquitos\u201d, amenazas para las cuales le &#8216;Doc&#8217; nos proporciona una larga lista de recomendaciones, en la l\u00ednea de las que hace cada a\u00f1o a los robinsones antes del arranque de cada edici\u00f3n.\n    <\/p>\n<p>            <img decoding=\"async\" class=\"lazy\" loading=\"lazy\" data-src=\"https:\/\/static.eldiario.es\/clip\/aeaf65a9-d516-44ea-b453-eb34ad55cb02_16-9-aspect-ratio_default_1127688.jpg\" src=\"data:image\/svg+xml,%3Csvg xmlns=\" http:=\"\" viewbox=\"0 0 1280 720\" alt=\"Jorge Cerame, m\u00e9dico de 'Supervivientes', junto a su ayudante en playa\"\/><\/p>\n<p class=\"article-text\">\n        <strong>\u00bfEsta charla la tienes con los concursantes cada a\u00f1o antes de empezar la edici\u00f3n? <\/strong>\n    <\/p>\n<p class=\"article-text\">\n        S\u00ed, aunque con ellos estoy m\u00e1s tiempo, la verdad, porque vienen con cosas personales de alergias, de miedos&#8230; Pero vamos, los tres elementos enemigos del superviviente son el sol, el calor con la deshidrataci\u00f3n, y los mosquitos.\n    <\/p>\n<p class=\"article-text\">\n        <strong>\u00bfCu\u00e1ntos a\u00f1os llevas en <\/strong><strong>Supervivientes<\/strong><strong>? <\/strong>\n    <\/p>\n<p class=\"article-text\">\n        Ten\u00eda el pelo negro&#8230; Muchos, yo hice la primera edici\u00f3n aqu\u00ed, en Honduras. La primera de Telecinco creo que en esa etapa fue la de Santo Domingo, que a esa no fui. Fui a la segunda de Magnolia, que estaba aqu\u00ed Mario Picazo y el pobre lo pas\u00f3 bastante mal porque se puso malo. Ese a\u00f1o gan\u00f3 Nilo Manrique.\n    <\/p>\n<p class=\"article-text\">\n        <strong>\u00bfVives en Espa\u00f1a y vienes cada a\u00f1o a hacer cada edici\u00f3n?<\/strong>\n    <\/p>\n<p class=\"article-text\">\n        Hasta que me echen, s\u00ed.\n    <\/p>\n<p class=\"article-text\">\n        <strong>\u00bfSe te hace duro pasar tanto tiempo fuera de casa?<\/strong>\n    <\/p>\n<p class=\"article-text\">\n        En mi caso, como son tantos a\u00f1os, me he encargado de quedarme solo. Si t\u00fa te mantienes aqu\u00ed, la vida te va seleccionando, te vas quedando solo, y ya solamente haces tu maleta.\n    <\/p>\n<p class=\"article-text\">\n        <strong>\u00bfNunca has pensado en dejarlo? <\/strong>\n    <\/p>\n<p class=\"article-text\">\n        A ver, yo es que empec\u00e9 en la emergencia. Primero empec\u00e9 en un puesto de Urgencias de un ayuntamiento, en el de San Sebasti\u00e1n de los Reyes en concreto. Luego ya me fui a un barco hospital y estuve ah\u00ed navegando durante 7 a\u00f1os. Despu\u00e9s me fui a las UVIs m\u00f3viles, y de las UVIs m\u00f3viles pas\u00e9 4 a\u00f1os en un helic\u00f3ptero medicalizado. Quieras que no, aqu\u00ed por lo menos las cosas que se ven son m\u00e1s agradables\n    <\/p>\n<p class=\"article-text\">\n        <strong>\u00bfCu\u00e1ntos m\u00e9dicos sois en vuestro equipo?<\/strong>\n    <\/p>\n<p class=\"article-text\">\n        En el cayo siempre hay un m\u00e9dico local, hay dos m\u00e9dicos hondure\u00f1os que se turnan y est\u00e1n una semana uno y otra semana otro. Ellos est\u00e1n para tener una respuesta a cinco minutos y estamos continuamente en contacto.\n    <\/p>\n<p class=\"article-text\">\n        <strong>\u00bfT\u00fa normalmente est\u00e1s en el hotel y viajas el d\u00eda de las galas?<\/strong>\n    <\/p>\n<p class=\"article-text\">\n        Yo en principio voy todas las galas y si es necesario, para alguna evacuaci\u00f3n pues tambi\u00e9n me desplazo. Pero en principio tres d\u00edas a la semana estoy ah\u00ed toda la ma\u00f1ana y tambi\u00e9n alguna noche. Lo que pasa es que, como he dicho, yo trabaj\u00e9 mucho tiempo en un barco y hay una cosa que se aprende cuando haces medicina mar\u00edtima, que son las consultas por radio. Y con un m\u00e9dico all\u00ed todav\u00eda es mucho m\u00e1s f\u00e1cil dirigir una exploraci\u00f3n y que te digan los s\u00edntomas. Sabiendo el tipo de medicamentos que tienen, pues sabes aconsejar qu\u00e9 tratamiento conviene en cada caso. Aunque sea para ganar tiempo y esperar a que venga o que vaya a valorarlo yo.\n    <\/p>\n<blockquote class=\"quote\">\n<p class=\"quote-text\">Hay algunos concursantes que incluso ocultan s\u00edntomas, y luego pasa lo que pasa<\/p>\n<p>\n                        Jorge Cerame\n                                  <\/p>\n<\/blockquote>\n<p class=\"article-text\">\n        <strong>\u00bfCu\u00e1l es el susto m\u00e1s grande que te has llevado aqu\u00ed de <\/strong><strong>Supervivientes<\/strong><strong>? <\/strong>\n    <\/p>\n<p class=\"article-text\">\n        Bueno, es que depende, a veces las cosas que dan susto son en las que la gente no chilla. Por ejemplo, alguien que empieza a tener dolor en el pecho y &#8216;qu\u00e9 gracia, qu\u00e9 gracia, qu\u00e9 gracia&#8230;&#8217; y luego resulta ser una angina. Entonces sabes que eso puede darte un susto. La cuesti\u00f3n es que no llegue a asustar y lo importante es que cuando digas &#8216;bandera roja&#8217; te hagan caso. Y, por el momento, me hacen caso. Si esperas y tiras de la cuerda pues evidentemente que puedes tener un susto gordo, pero hay que procurar detectarlo antes de que llegue. En el fondo, desde que cerraron el circo romano, no nos dejan que los leones se nos coman.\n    <\/p>\n<p class=\"article-text\">\n        <strong>\u00bfEs muy duro tener que decirle a un concursante que no puede continuar? <\/strong>\n    <\/p>\n<p class=\"article-text\">\n        A medida que se va acercando el final m\u00e1s quieren seguir. Hay algunos que incluso ocultan s\u00edntomas y luego pasa lo que pasa, pero esto es como el &#8216;siete y medio&#8217; [el juego de cartas], es tan peligroso pasarse como quedarse corto. En caso de duda, prefiero que me echen en cara que alguien ha perdido el concurso y que luego se demuestre que no era tan grave, a jug\u00e1rtela y que alguien tenga un disgusto. A veces ocurre lo contrario, que hay gente que quiere abandonar y van por la v\u00eda de las enfermedades y colorean la realidad.\n    <\/p>\n<p class=\"article-text\">\n        <strong>\u00bfCu\u00e1les son las excusas m\u00e1s raras que te han hecho para no seguir?<\/strong>\n    <\/p>\n<p class=\"article-text\">\n        La verdad es que tengo memoria de pez, pero s\u00ed, hay algunas muy raras como la de la alergia al coco.\n    <\/p>\n<p class=\"article-text\">\n        <strong>Ah, la de Oriana Marzoli&#8230;<\/strong>\n    <\/p>\n<p class=\"article-text\">\n        [Risas]. Estoy intentando ser correcto.\n    <\/p>\n<p>            <img decoding=\"async\" class=\"lazy\" loading=\"lazy\" data-src=\"https:\/\/static.eldiario.es\/clip\/04316a2f-b16e-46ff-8566-a2c333a3d88c_16-9-discover-aspect-ratio_default_0.jpg\" src=\"data:image\/svg+xml,%3Csvg xmlns=\" http:=\"\" viewbox=\"0 0 1200 675\" alt=\"La villa del Doc en el hotel del equipo de 'Supervivientes' y su material m\u00e9dico en playa\"\/><\/p>\n<p class=\"article-text\">\n        <strong>\u00bfEres el encargado tambi\u00e9n de realizar las pruebas m\u00e9dicas previas a los concursantes?<\/strong>\n    <\/p>\n<p class=\"article-text\">\n        No, esas actualmente se hacen en Hospitales Madrid. Antes se hac\u00edan con el Grupo Mapfre; va cambiando y ahora es Hospitales Madrid. Lo que s\u00ed me dan son los resultados finales, porque el que hace el reconocimiento m\u00e9dico no conoce las caracter\u00edsticas del concurso. Entonces a m\u00ed al final me pasan los resultados, y la productora me dice si creo que con esos resultados es un candidato que puede venir.\n    <\/p>\n<p class=\"article-text\">\n        <strong>\u00bfHas rechazado a muchos?<\/strong>\n    <\/p>\n<p class=\"article-text\">\n        Ahora ya no se da tanto eso por el perfil de gente que viene, que b\u00e1sicamente es gente muy joven. Pero s\u00ed ha habido alg\u00fan caso, alg\u00fan problema card\u00edaco que ha dado cara, incluso me acuerdo de un concursante que vosotros no sab\u00e9is qui\u00e9n es, porque no era espa\u00f1ol, que en el electro se le detect\u00f3 una anomal\u00eda del ritmo, que es asintom\u00e1tico hasta que te produce una fibrilaci\u00f3n ventricular. Es un s\u00edndrome de Brugada, que la mayor\u00eda termina con un marcapasos puesto o con un desfibrilador interno. Y este se\u00f1or, para sorpresa de \u00e9l, que era un cachas de libro, se le tuvo que decir que no. Que a lo mejor no le ha pegado nunca, pero&#8230;\n    <\/p>\n<p class=\"article-text\">\n        <strong>\u00bfC\u00f3mo funcionan los protocolos de evacuaci\u00f3n? \u00bfEn qu\u00e9 condiciones se trata a los concursantes? \u00bfDuermen en colch\u00f3n, se les proporciona comida&#8230;? <\/strong>\n    <\/p>\n<p class=\"article-text\">\n        A ver, cuando alguien sale de la playa es porque no puede estar ah\u00ed, si no puede estar ah\u00ed es porque va a necesitar medicaci\u00f3n intravenosa o bien una medicaci\u00f3n que puede ser gastroerosiva, con lo cual habr\u00e1 que darle protecci\u00f3n g\u00e1strica. Y claro, dar ciertas medicaciones a est\u00f3mago pelado pues no es lo m\u00e1s aconsejable. Si es una indisposici\u00f3n que se prev\u00e9 que no va a impedir que vuelva al concurso, la dieta que hacen es m\u00ednima: un trocito de pescado y media patata cocida. Eso es lo que se les da. Si una persona se chasca la rodilla y sabes que no va a volver, pues hombre, es un poco cruel decirle &#8216;toma medio pl\u00e1tano y silba&#8217;. Entonces, depende de las expectativas. Si la expectativa es que se cree que va a poder volver a concursar, se le da una alimentaci\u00f3n m\u00ednima para que tolere la medicaci\u00f3n. Y si ya se ve que est\u00e1 fuera, pues normalmente se le trae aqu\u00ed, se le hacen las pruebas en el hospital, y ya cuando se tiene todo confirmado, pues se le da la mala noticia.\n    <\/p>\n<p class=\"article-text\">\n        <strong>\u00bfY c\u00f3mo se act\u00faa con las mujeres que tienen la menstruaci\u00f3n? <\/strong>\n    <\/p>\n<p class=\"article-text\">\n        Eso no hay problema porque es un problema que se extingue. S\u00ed, porque cuando se pasa esa hambre el cuerpo ahorra prote\u00edna. Entonces se va, se queda sin regla al mes y medio. Pero s\u00ed, tienen medicaci\u00f3n y todo tipo de productos, lo que usen habitualmente. Est\u00e1n en inspecci\u00f3n, en la zona t\u00e9cnica de la playa.\n    <\/p>\n<blockquote class=\"quote\">\n<p class=\"quote-text\">La secuela m\u00e1s repetida tras &#8216;Supervivientes&#8217; es el efecto rebote; les cuesta volver a tener una relaci\u00f3n normal con la comida<\/p>\n<p>\n                        Jorge Cerame\n                                  <\/p>\n<\/blockquote>\n<p class=\"article-text\">\n        <strong>En <\/strong><strong>Supervivientes 2020 <\/strong><strong>os pill\u00f3 aqu\u00ed el estallido de la pandemia del coronavirus. \u00bfC\u00f3mo lo vivisteis? \u00bfQu\u00e9 protocolos especiales hubo? <\/strong>\n    <\/p>\n<p class=\"article-text\">\n        Aquello fue una maravilla, de verdad. Yo s\u00e9 que va a sonar muy fr\u00edvolo, pero nosotros aqu\u00ed viv\u00edamos en un para\u00edso. Hab\u00eda gente del equipo que dec\u00eda que no y yo les pon\u00eda en contacto con mis compa\u00f1eros de guardia en Madrid, que aquello era retransmitir un parte de guerra. Aqu\u00ed la gente pod\u00eda estar agobiada, hubo alguno que tuvo un poco de ansiedad, pero era como: \u201c\u00bfQuer\u00e9is volver a un bajo interior a ver las s\u00e1banas de vuestro vecino colgadas y sin poder salir? Aqu\u00ed pod\u00e9is salir, ba\u00f1aros&#8230;\u201d. Se hizo un procedimiento muy estricto, no porque lo hiciese yo, y ya incluso se implement\u00f3 una especie de PCR a pie de cama, porque conseguimos un aparato que la productora tuvo a bien hacerme caso y comprarlo. Y hac\u00edamos un test que no era solamente ant\u00edgeno sino que detectaba si hab\u00eda material gen\u00e9tico del virus. Con lo cual detectaba mucho antes y nos daba mucha informaci\u00f3n sobre gente que aunque tuviese el ant\u00edgeno positivo, al no tener material gen\u00e9tico del virus, eran simplemente restos del virus y eso permit\u00eda hacer una selecci\u00f3n muy clara de qui\u00e9n ten\u00eda que estar aislado y qui\u00e9n no. Pero que aqu\u00ed el aislamiento se llevaba muy bien.\n    <\/p>\n<p class=\"article-text\">\n        <strong>\u00bfPero hubo muchos casos de COVID? <\/strong>\n    <\/p>\n<p class=\"article-text\">\n        Aqu\u00ed tuvimos COVID, s\u00ed. \u00bfLa cifra? Hab\u00eda 20 casos como mucho, pero muy leves. Salvo una persona que era asm\u00e1tica, que dio un poco m\u00e1s de complicaci\u00f3n. Y luego el gasto que se hizo en prevenci\u00f3n fue tan bestial que la gente local que trabajaba para nosotros, para la producci\u00f3n, viv\u00eda aqu\u00ed y no iba a casa, estaban todos aqu\u00ed. Y el personal del hotel no sal\u00eda. Ese a\u00f1o no trajimos m\u00e9dicos locales, trajimos enfermeros de Espa\u00f1a para que estuviesen aqu\u00ed encerrados y evitar todo lo posible las fugas hacia el exterior y que hubiese entrada de virus. Todo el mundo cuando vino aqu\u00ed se hizo un test en el aeropuerto para descartar que a \u00faltima hora nadie subiese al avi\u00f3n con la enfermedad. Cuando llegaban aqu\u00ed se les hac\u00eda otro test y se marcaban 3 d\u00edas de aislamiento para verificar que durante esos 3 d\u00edas segu\u00edan dando negativo. Muy concreto, y como todo estaba aislado, funcion\u00f3. De hecho, luego se hizo La casa fuerte tambi\u00e9n en plena pandemia en Madrid y tambi\u00e9n se pudo hacer sin mayor problema\n    <\/p>\n<p class=\"article-text\">\n        <strong>Cuando acaba el concurso y vuelven a Espa\u00f1a, muchos concursantes hablan de las consecuencias de su paso por el programa. \u00bfCu\u00e1l es la secuela m\u00e1s com\u00fan?<\/strong>\n    <\/p>\n<p class=\"article-text\">\n        El efecto rebote. Como comen por ansiedad, no paran de comer, y claro se ponen un poquito atacados de kilos. S\u00ed que les cuesta volver a tener una relaci\u00f3n con la comida m\u00e1s normal. Pero se les aconseja que en vez de comer grandes cantidades, que coman peque\u00f1as cantidades y si es preciso que hagan m\u00e1s comidas pero siempre en peque\u00f1as dosis. Pero luego, claro, vuelven y entre fiestas y reencuentros, pues est\u00e1n de Navidad continua.\n    <\/p>\n<p>    <a href=\"https:\/\/www.eldiario.es\/vertele\/noticias\/supervivientes-all-stars-accidente-fani-honduras-amenazado-gala-gran-telecinco-tormenta-vivio-evacuaciones_1_12602556.html\" data-mrf-recirculation=\"saber-mas-abajo\" data-dl-event=\"saber-mas-abajo\" rel=\"nofollow noopener\" target=\"_blank\"><\/p>\n<p class=\"know-more__title\">As\u00ed se vivi\u00f3 en Honduras el accidente de Fani en &#8216;Supervivientes All Stars&#8217;, que vio amenazada su gala por una tormenta\n<\/p>\n<p>            <img decoding=\"async\" class=\"lazy\" loading=\"lazy\" data-src=\"https:\/\/static.eldiario.es\/clip\/99ecc37c-31ec-4e11-ab50-a7560c185e04_16-9-aspect-ratio_default_0.jpg\" src=\"data:image\/svg+xml,%3Csvg xmlns=\" http:=\"\" viewbox=\"0 0 880 495\" alt=\"As\u00ed se vivi\u00f3 en Honduras el accidente de Fani en 'Supervivientes All Stars', que vio amenazada su gala por una tormenta\"\/><\/p>\n<p>                        <\/a><\/p>\n<p class=\"article-text\">\n        .\n    <\/p>\n","protected":false},"excerpt":{"rendered":"Pocas personas conocen mejor las entra\u00f1as de Supervivientes que Jorge Cerame, m\u00e9dico del reality de Telecinco de forma&hellip;\n","protected":false},"author":2,"featured_media":170522,"comment_status":"","ping_status":"","sticky":false,"template":"","format":"standard","meta":{"footnotes":""},"categories":[171],"tags":[4086,10052,49549,146,147,25,24,1903,49550,1179,955,6016,1622,8316,157,6625,23,3947,692,214],"class_list":{"0":"post-170521","1":"post","2":"type-post","3":"status-publish","4":"format-standard","5":"has-post-thumbnail","7":"category-tv","8":"tag-all-stars","9":"tag-comun","10":"tag-doc","11":"tag-entertainment","12":"tag-entretenimiento","13":"tag-es","14":"tag-espana","15":"tag-historico","16":"tag-jorge-cerame","17":"tag-mas","18":"tag-mediaset","19":"tag-medicos","20":"tag-ocultan","21":"tag-secretos","22":"tag-secuela","23":"tag-sintomas","24":"tag-spain","25":"tag-supervivientes","26":"tag-telecinco","27":"tag-tv"},"share_on_mastodon":{"url":"","error":""},"_links":{"self":[{"href":"https:\/\/www.europesays.com\/es\/wp-json\/wp\/v2\/posts\/170521","targetHints":{"allow":["GET"]}}],"collection":[{"href":"https:\/\/www.europesays.com\/es\/wp-json\/wp\/v2\/posts"}],"about":[{"href":"https:\/\/www.europesays.com\/es\/wp-json\/wp\/v2\/types\/post"}],"author":[{"embeddable":true,"href":"https:\/\/www.europesays.com\/es\/wp-json\/wp\/v2\/users\/2"}],"replies":[{"embeddable":true,"href":"https:\/\/www.europesays.com\/es\/wp-json\/wp\/v2\/comments?post=170521"}],"version-history":[{"count":0,"href":"https:\/\/www.europesays.com\/es\/wp-json\/wp\/v2\/posts\/170521\/revisions"}],"wp:featuredmedia":[{"embeddable":true,"href":"https:\/\/www.europesays.com\/es\/wp-json\/wp\/v2\/media\/170522"}],"wp:attachment":[{"href":"https:\/\/www.europesays.com\/es\/wp-json\/wp\/v2\/media?parent=170521"}],"wp:term":[{"taxonomy":"category","embeddable":true,"href":"https:\/\/www.europesays.com\/es\/wp-json\/wp\/v2\/categories?post=170521"},{"taxonomy":"post_tag","embeddable":true,"href":"https:\/\/www.europesays.com\/es\/wp-json\/wp\/v2\/tags?post=170521"}],"curies":[{"name":"wp","href":"https:\/\/api.w.org\/{rel}","templated":true}]}}