{"id":170523,"date":"2025-10-11T22:42:09","date_gmt":"2025-10-11T22:42:09","guid":{"rendered":"https:\/\/www.europesays.com\/es\/170523\/"},"modified":"2025-10-11T22:42:09","modified_gmt":"2025-10-11T22:42:09","slug":"galicia-llegara-a-todos-los-cines-de-espana-con-el-estreno-de-una-de-comedias-mas-esperadas","status":"publish","type":"post","link":"https:\/\/www.europesays.com\/es\/170523\/","title":{"rendered":"Galicia llegar\u00e1 a todos los cines de Espa\u00f1a con el estreno de una de comedias m\u00e1s esperadas"},"content":{"rendered":"<p><strong>Galicia<\/strong> se ha convertido en los \u00faltimos a\u00f1os en un aut\u00e9ntico plat\u00f3 de cine. Numerosas producciones llevadas a la peque\u00f1a o la gran pantalla se han grabado en diferentes puntos de la comunidad y han mostrado la belleza de m\u00faltiples rincones de las cuatro provincias. Uno de esos trabajos grabados en Galicia que llegar\u00e1 a las grandes pantallas y los cines de toda Espa\u00f1a es <strong><a href=\"https:\/\/metropolitano.gal\/enfoque\/estos-son-los-lugares-de-galicia-que-llegaran-a-todos-los-cines-de-espana-con-el-proximo-taquillazo\/\" rel=\"nofollow noopener\" target=\"_blank\">\u00abMe has robado el coraz\u00f3n\u00bb, una pel\u00edcula de Ficci\u00f3n Producciones<\/a><\/strong>, en colaboraci\u00f3n con Sony Pictures Entertainment Iberia. <strong>Y ya tiene fecha de estreno y ya se han podido ver las primeras im\u00e1genes con la publicaci\u00f3n del tr\u00e1iler.<\/strong><\/p>\n<p>\u00abMe has robado el coraz\u00f3n\u00bb, que en un inicio estaba previsto que se estrenar\u00e1 en 2026, llegar\u00e1 a los cines antes de lo esperado. Ficci\u00f3n Producciones ha informado que la pel\u00edcula, que cuenta con <strong>\u00d3scar Casas y Ana Jara<\/strong> como grandes protagonistas, <strong>se podr\u00e1 ver en los cines desde el pr\u00f3ximo viernes 5 de diciembre<\/strong>. Se trata de una obra audiovisual que fue rodada en m\u00faltiples puntos de Galicia como <strong>Cambados, Santiago de Compostela, Laza o Ver\u00edn.<\/strong> Incluso el Entroido, una de las grandes celebraciones en la comunidad, tambi\u00e9n cuenta con protagonismo en este trabajo.<\/p>\n<p><strong>Luis Zahera, Miguel de Lira, Raquel Espada, Xurxo Carre\u00f1o, Antonio Pagudo, Ana Mil\u00e1n, Arturo Valls, Alba Guti\u00e9rrez, Mario Marzo, Pol Granch, Juan Amoedo y Francis Lorenzo,<\/strong> entre otros, completan el elenco de una pel\u00edcula que cuenta con la participaci\u00f3n de RTVE, la TVG y Prime V\u00eddeo, donde podr\u00e1 verse tras su paso por los cines de todo Espa\u00f1a.<\/p>\n<p><strong>\u00d3scar Casas interpreta a Eric<\/strong>, un chico ingeniero que conoce a<strong> Vera (Ana Jara) en una aplicaci\u00f3n de citas<\/strong> y la convence para que sea su conductora en su huida hacia Galicia tras robar un banco en Madrid. Se trata de una comedia rom\u00e1ntica con toques de road movie dirigida por Chus Guti\u00e9rrez.<\/p>\n<p><strong>Tr\u00e1iler de la pel\u00edcula<\/strong><\/p>\n<p>Adem\u00e1s de dar a conocer la fecha de estreno, Ficci\u00f3n Producciones y Sony han compartido <strong>el tr\u00e1iler en el que se pueden ver las primeras im\u00e1genes de \u00abMe has robado el coraz\u00f3n\u00bb, rodada en diferentes puntos de Galicia:\u00a0<\/strong><\/p>\n<blockquote class=\"instagram-media\" style=\"background: #FFF; border: 0; border-radius: 3px; box-shadow: 0 0 1px 0 rgba(0,0,0,0.5),0 1px 10px 0 rgba(0,0,0,0.15); margin: 1px; max-width: 540px; min-width: 326px; padding: 0; width: calc(100% - 2px);\" data-instgrm-captioned=\"\" data-instgrm-permalink=\"https:\/\/www.instagram.com\/reel\/DPgyXRbjNKv\/?utm_source=ig_embed&amp;utm_campaign=loading\" data-instgrm-version=\"14\">\n<\/blockquote>\n<p>\u00a0<\/p>\n<p>                    <script async src=\"\/\/www.instagram.com\/embed.js\"><\/script><\/p>\n","protected":false},"excerpt":{"rendered":"Galicia se ha convertido en los \u00faltimos a\u00f1os en un aut\u00e9ntico plat\u00f3 de cine. Numerosas producciones llevadas a&hellip;\n","protected":false},"author":2,"featured_media":170524,"comment_status":"","ping_status":"","sticky":false,"template":"","format":"standard","meta":{"footnotes":""},"categories":[169],"tags":[42225,177,146,147,25,24,176,816,175,23],"class_list":{"0":"post-170523","1":"post","2":"type-post","3":"status-publish","4":"format-standard","5":"has-post-thumbnail","7":"category-cine","8":"tag-audiovisual-gallego","9":"tag-cine","10":"tag-entertainment","11":"tag-entretenimiento","12":"tag-es","13":"tag-espana","14":"tag-film","15":"tag-galicia","16":"tag-movies","17":"tag-spain"},"share_on_mastodon":{"url":"","error":""},"_links":{"self":[{"href":"https:\/\/www.europesays.com\/es\/wp-json\/wp\/v2\/posts\/170523","targetHints":{"allow":["GET"]}}],"collection":[{"href":"https:\/\/www.europesays.com\/es\/wp-json\/wp\/v2\/posts"}],"about":[{"href":"https:\/\/www.europesays.com\/es\/wp-json\/wp\/v2\/types\/post"}],"author":[{"embeddable":true,"href":"https:\/\/www.europesays.com\/es\/wp-json\/wp\/v2\/users\/2"}],"replies":[{"embeddable":true,"href":"https:\/\/www.europesays.com\/es\/wp-json\/wp\/v2\/comments?post=170523"}],"version-history":[{"count":0,"href":"https:\/\/www.europesays.com\/es\/wp-json\/wp\/v2\/posts\/170523\/revisions"}],"wp:featuredmedia":[{"embeddable":true,"href":"https:\/\/www.europesays.com\/es\/wp-json\/wp\/v2\/media\/170524"}],"wp:attachment":[{"href":"https:\/\/www.europesays.com\/es\/wp-json\/wp\/v2\/media?parent=170523"}],"wp:term":[{"taxonomy":"category","embeddable":true,"href":"https:\/\/www.europesays.com\/es\/wp-json\/wp\/v2\/categories?post=170523"},{"taxonomy":"post_tag","embeddable":true,"href":"https:\/\/www.europesays.com\/es\/wp-json\/wp\/v2\/tags?post=170523"}],"curies":[{"name":"wp","href":"https:\/\/api.w.org\/{rel}","templated":true}]}}