{"id":170548,"date":"2025-10-11T23:03:10","date_gmt":"2025-10-11T23:03:10","guid":{"rendered":"https:\/\/www.europesays.com\/es\/170548\/"},"modified":"2025-10-11T23:03:10","modified_gmt":"2025-10-11T23:03:10","slug":"bailando-con-las-estrellas-despide-a-un-concursante-y-barbara-rey-aclara-su-polemica","status":"publish","type":"post","link":"https:\/\/www.europesays.com\/es\/170548\/","title":{"rendered":"&#8216;Bailando con las estrellas&#8217; despide a un concursante y B\u00e1rbara Rey aclara su pol\u00e9mica"},"content":{"rendered":"<p class=\"v-mdl-ath__p v-mdl-ath__p--6\">\nS\u00e1bado, 11 de octubre 2025, 23:24<\/p>\n<p class=\"v-p\">&#8216;Bailando con las estrellas&#8217; viv\u00eda este s\u00e1bado una nueva gala tras el inesperado <a href=\"https:\/\/www.lasprovincias.es\/culturas\/tv\/bailando-estrellas-sufre-inesperado-abandono-dos-nuevas-20251005014959-nt.html\" title=\"www.lasprovincias.es\" data-voc-vtm-id=\"in-text-traffic\" data-mrf-link=\"www.lasprovincias.es\" rel=\"nofollow noopener\" target=\"_blank\">abandono por lesi\u00f3n la semana pasada de Sara Escudero<\/a>. Esta vez, eran B\u00e1rbara Rey junto a Abel y Manu Tenorio con Mar\u00eda quien deb\u00edan batirse en un \u00faltimo duelo para ver qui\u00e9n continuaba en el programa presentado por Jes\u00fas V\u00e1zquez y Valeria Mazza.<\/p>\n<p class=\"v-p\">El concurso de Telecinco arrancaba con pol\u00e9mica puesto que durante la semana se hab\u00eda especulado con que B\u00e1rbara Rey hab\u00eda tenido una crisis con su pareja de baile Abel. Sin embargo, ambos lo desment\u00edan y confirmaban que tienen una excelente relaci\u00f3n.<\/p>\n<p class=\"v-p\">\u00abYo le quiero y le adoro, desde hace tiempo ha entrado en mi vida y le considero casi de la familia. No podr\u00eda estar en este concurso ni un segundo m\u00e1s si no fuera por \u00e9l. Ha habido alg\u00fan problema pero todo est\u00e1 fuera de contexto\u00bb, se\u00f1alaba la vedette. Abel tambi\u00e9n la defend\u00eda y aseguraba que se han lanzado cr\u00edticas totalmente injustas hacia su compa\u00f1era.<\/p>\n<p class=\"v-p\">Tras el baile de las dos parejas nominadas, el jurado decid\u00eda finalmente que. Tras una votaci\u00f3n muy igualda, Manu Tenorio era el concursante que no segu\u00eda en el programa. <\/p>\n<p class=\"v-p\">\nEsta es una noticia de \u00faltima hora y estamos trabajando para ampliar la informaci\u00f3n. Sigue toda la actualidad en<br \/>\n<a href=\"https:\/\/www.lasprovincias.es\" rel=\"nofollow noopener\" target=\"_blank\"><br \/>\nlasprovincias.es<br \/>\n<\/a>\n<\/p>\n<p>Reporta un error<\/p>\n","protected":false},"excerpt":{"rendered":"S\u00e1bado, 11 de octubre 2025, 23:24 &#8216;Bailando con las estrellas&#8217; viv\u00eda este s\u00e1bado una nueva gala tras el&hellip;\n","protected":false},"author":2,"featured_media":170549,"comment_status":"","ping_status":"","sticky":false,"template":"","format":"standard","meta":{"footnotes":""},"categories":[171],"tags":[2825,15762,38503,2884,6193,146,147,25,24,782,1526,5330,23,214],"class_list":{"0":"post-170548","1":"post","2":"type-post","3":"status-publish","4":"format-standard","5":"has-post-thumbnail","7":"category-tv","8":"tag-aclara","9":"tag-bailando","10":"tag-barbara","11":"tag-concursante","12":"tag-despide","13":"tag-entertainment","14":"tag-entretenimiento","15":"tag-es","16":"tag-espana","17":"tag-estrellas","18":"tag-polemica","19":"tag-rey","20":"tag-spain","21":"tag-tv"},"share_on_mastodon":{"url":"","error":""},"_links":{"self":[{"href":"https:\/\/www.europesays.com\/es\/wp-json\/wp\/v2\/posts\/170548","targetHints":{"allow":["GET"]}}],"collection":[{"href":"https:\/\/www.europesays.com\/es\/wp-json\/wp\/v2\/posts"}],"about":[{"href":"https:\/\/www.europesays.com\/es\/wp-json\/wp\/v2\/types\/post"}],"author":[{"embeddable":true,"href":"https:\/\/www.europesays.com\/es\/wp-json\/wp\/v2\/users\/2"}],"replies":[{"embeddable":true,"href":"https:\/\/www.europesays.com\/es\/wp-json\/wp\/v2\/comments?post=170548"}],"version-history":[{"count":0,"href":"https:\/\/www.europesays.com\/es\/wp-json\/wp\/v2\/posts\/170548\/revisions"}],"wp:featuredmedia":[{"embeddable":true,"href":"https:\/\/www.europesays.com\/es\/wp-json\/wp\/v2\/media\/170549"}],"wp:attachment":[{"href":"https:\/\/www.europesays.com\/es\/wp-json\/wp\/v2\/media?parent=170548"}],"wp:term":[{"taxonomy":"category","embeddable":true,"href":"https:\/\/www.europesays.com\/es\/wp-json\/wp\/v2\/categories?post=170548"},{"taxonomy":"post_tag","embeddable":true,"href":"https:\/\/www.europesays.com\/es\/wp-json\/wp\/v2\/tags?post=170548"}],"curies":[{"name":"wp","href":"https:\/\/api.w.org\/{rel}","templated":true}]}}