{"id":170570,"date":"2025-10-11T23:19:09","date_gmt":"2025-10-11T23:19:09","guid":{"rendered":"https:\/\/www.europesays.com\/es\/170570\/"},"modified":"2025-10-11T23:19:09","modified_gmt":"2025-10-11T23:19:09","slug":"ciclobreves-espana-octubre-2025-ciclo21-2","status":"publish","type":"post","link":"https:\/\/www.europesays.com\/es\/170570\/","title":{"rendered":"Ciclobreves Espa\u00f1a octubre 2025 &#8211; Ciclo21"},"content":{"rendered":"<p><a href=\"https:\/\/www.ciclo21.com\/ciclobreves-internacionales-diciembre-2024\/\" target=\"_blank\" rel=\"noopener nofollow\"><strong>Ciclobreves 2024<\/strong><\/a> \/ <a href=\"https:\/\/www.ciclo21.com\/ciclobreves-espana-enero-2025\/\" target=\"_blank\" rel=\"noopener nofollow\"><strong>Enero<\/strong><\/a> \/ <a href=\"https:\/\/www.ciclo21.com\/ciclobreves-espana-2025-28feb\/\" target=\"_blank\" rel=\"noopener nofollow\"><strong>Febrero<\/strong><\/a> \/ <a href=\"https:\/\/www.ciclo21.com\/ciclobreves-espana-marzo-2025\/\" target=\"_blank\" rel=\"noopener nofollow\"><strong>Marzo <\/strong><\/a><strong>\/ <a href=\"https:\/\/www.ciclo21.com\/ciclobreves-espana-abril-2025-30ab\/\" target=\"_blank\" rel=\"noopener nofollow\">Abril<\/a> \/ <a href=\"https:\/\/www.ciclo21.com\/ciclobreves-espana-mayo-2025-29\/\" target=\"_blank\" rel=\"noopener nofollow\">Mayo<\/a> \/ <a href=\"https:\/\/www.ciclo21.com\/ciclobreves-espana-junio-2025-30jun\/\" target=\"_blank\" rel=\"noopener nofollow\">Junio<\/a> \/ <a href=\"https:\/\/www.ciclo21.com\/ciclobreves-espana-julio-2025-21jul\/\" target=\"_blank\" rel=\"noopener nofollow\">Julio<\/a> \/ <a href=\"https:\/\/www.ciclo21.com\/ciclobreves-espana-agosto-2025-28\/\" target=\"_blank\" rel=\"noopener nofollow\">Agosto<\/a> \/ <a href=\"https:\/\/www.ciclo21.com\/ciclobreves-espana-septiembre-2025-29sep\/\" target=\"_blank\" rel=\"noopener nofollow\">Septiembre<\/a>\u00a0<\/strong><\/p>\n<p style=\"text-align: justify;\"><strong>11 octubre.<\/strong> El equipo espa\u00f1ol <strong>Burgos<\/strong> disputar\u00e1 sus \u00faltimas carreras en Italia. El domingo 12 disputar\u00e1 el <a href=\"https:\/\/www.ciclo21.com\/trofeo-textil-moda-2025-recorrido\/\" target=\"_blank\" rel=\"noopener nofollow\"><strong>Trofeo Tessile &amp; Moda,<\/strong><\/a> el mi\u00e9rcoles 15 correr\u00e1 en el <a href=\"https:\/\/www.ciclo21.com\/giro-veneto-2025-recorrido\/\" target=\"_blank\" rel=\"noopener nofollow\"><strong>Giro del Veneto<\/strong><\/a> y el domingo 19 se cerrar\u00e1 el tel\u00f3n en la <a href=\"https:\/\/www.ciclo21.com\/veneto-classic-2025-recorrido\/\" target=\"_blank\" rel=\"noopener nofollow\"><strong>Veneto Classic.<\/strong><\/a> Adicionalmente, el viernes 17 los burgaleses se enfrentar\u00e1n a los caminos de tierra de la Serenissima Gravel. Para este \u00faltimo viaje cuenta con un grupo de escaladores, dirigidos por Jetse Bol. Seis de ellos ya corrieron el pasado bloque de cl\u00e1sicas en Italia: <strong>Ander Okamika, Hugo de la Calle, Eric Fag\u00fandez, Merhawi Kudus, Sinuh\u00e9 Fern\u00e1ndez y Sergio Chumil.<\/strong> El guatemalteco \u00fanicamente disputar\u00e1 el Trofeo Tessile &amp; Moda y en las otras dos cl\u00e1sicas su lugar lo ocupar\u00e1 el mundialista <strong>Alex Mayer<\/strong>. La alineaci\u00f3n en las tres carreras la completar\u00e1 <strong>Ibai Bidaurrazaga<\/strong> (Bilbao, 2002), quien competir\u00e1 en calidad de aprendiz en este final de temporada.\u00a0<\/p>\n<p style=\"text-align: justify;\"><strong>10 octubre. El Eneicat afronta este fin de semana su \u00faltima carrera del a\u00f1o<\/strong>, una cita especial que marcar\u00e1 el cierre de una temporada intensa y llena de emociones. <strong>El conjunto leon\u00e9s viaja hasta China para disputar sus \u00faltimas pruebas del calendario WorldTour<\/strong>.\u00a0Las \u00abLeonas\u00bb del Eneicat buscar\u00e1n poner la guinda a la temporada participando en el <strong>Tour de la Isla de Chongming y el Tour de Guangxi<\/strong>.<\/p>\n<p style=\"text-align: justify;\"><strong>Ainara Albert, Valentina Basilico, \u00a0Daniela Campos, Ariana Gilabert, Mariana Londo\u00f1o y Claudia San Justo<\/strong> son las seis convocadas por el Eneicat a la gira asi\u00e1tica.<\/p>\n<blockquote class=\"instagram-media\" style=\"background: #FFF; border: 0; border-radius: 3px; box-shadow: 0 0 1px 0 rgba(0,0,0,0.5),0 1px 10px 0 rgba(0,0,0,0.15); margin: 1px; max-width: 540px; min-width: 326px; padding: 0; width: calc(100% - 2px);\" data-instgrm-captioned=\"\" data-instgrm-permalink=\"https:\/\/www.instagram.com\/p\/DPoGDjjjFv_\/?utm_source=ig_embed&amp;utm_campaign=loading\" data-instgrm-version=\"14\"\/>\n<p style=\"text-align: justify;\"><strong>8 octubre. Juan Ayuso<\/strong> ha roto definitivamente su silencio sobre su salida del UAE Team Emirates y lo ha hecho con duras declaraciones hacia la estructura que dirige Mauro Gianetti. En una entrevista concedida al periodista Daniel Benson, el joven ciclista espa\u00f1ol asegur\u00f3 que dentro del equipo \u201c<strong>no hab\u00eda qu\u00edmica ni relaci\u00f3n<\/strong>\u201d y que termin\u00f3 sinti\u00e9ndose como \u201cel malo de la pel\u00edcula\u201d. Adem\u00e1s, revel\u00f3 que fue presionado para renovar su contrato: \u201cMe dijeron que <strong>si no firmaba la pr\u00f3rroga, cambiar\u00edan mi calendario<\/strong>. Incluso me advirtieron que Abu Dabi se enfadar\u00eda si no aceptaba un contrato de ocho a\u00f1os. En ese momento dije basta\u201d.<\/p>\n<p style=\"text-align: justify;\">Ayuso, que no volver\u00e1 a competir con el UAE esta temporada y debutar\u00e1 en 2026 con Lidl-Trek, afirm\u00f3 que la ruptura fue gradual y que el problema no era con sus compa\u00f1eros, sino con la gesti\u00f3n del equipo. \u201c<strong>Nunca quedaba claro cu\u00e1l era el papel de cada corredor<\/strong> ni se hac\u00eda autocr\u00edtica tras los errores\u201d, lament\u00f3. El alicantino, que firm\u00f3 por cuatro a\u00f1os con su nuevo equipo, asegur\u00f3 que quiere empezar de cero: \u201cEstoy muy dispuesto a trabajar para los dem\u00e1s. Quiero demostrar que puedo ayudar a mis compa\u00f1eros y <strong>que la gente vea qui\u00e9n soy realmente<\/strong>\u201d.<\/p>\n<p style=\"text-align: justify;\"><strong>1 octubre.\u00a0<\/strong>El <strong>Burgos Burpellet BH<\/strong> perder\u00e1 a uno de sus escaladores para la parte final de la temporada. <strong>Josh Burnett<\/strong> <strong>sufri\u00f3 una ca\u00edda<\/strong> en la 4\u00aa etapa del <strong>Tour de Langkawi<\/strong> que le oblig\u00f3 a abandonar con un fuerte golpe en el codo y el hombro izquierdo. Tras ser trasladado al hospital y someterse a las pruebas radiol\u00f3gicas pertinentes, se confirm\u00f3 que el neozeland\u00e9s sufre una <strong>fractura en la cabeza del radio del brazo izquierdo<\/strong> y se perder\u00e1 lo que resta de temporada. Es la segunda lesi\u00f3n de la temporada para Burnett, que en abril tambi\u00e9n sufri\u00f3 una dura ca\u00edda en el Tour de Turqu\u00eda, que le apart\u00f3 dos meses de la competici\u00f3n.<\/p>\n<p><script async src=\"\/\/www.instagram.com\/embed.js\"><\/script><\/p>\n","protected":false},"excerpt":{"rendered":"Ciclobreves 2024 \/ Enero \/ Febrero \/ Marzo \/ Abril \/ Mayo \/ Junio \/ Julio \/ Agosto&hellip;\n","protected":false},"author":2,"featured_media":170571,"comment_status":"","ping_status":"","sticky":false,"template":"","format":"standard","meta":{"footnotes":""},"categories":[273],"tags":[313,11935,5736,312,168,25,24,23,167],"class_list":{"0":"post-170570","1":"post","2":"type-post","3":"status-publish","4":"format-standard","5":"has-post-thumbnail","7":"category-ciclismo","8":"tag-ciclismo","9":"tag-ciclobreves","10":"tag-ciclobreves-espana","11":"tag-cycling","12":"tag-deportes","13":"tag-es","14":"tag-espana","15":"tag-spain","16":"tag-sports"},"share_on_mastodon":{"url":"","error":""},"_links":{"self":[{"href":"https:\/\/www.europesays.com\/es\/wp-json\/wp\/v2\/posts\/170570","targetHints":{"allow":["GET"]}}],"collection":[{"href":"https:\/\/www.europesays.com\/es\/wp-json\/wp\/v2\/posts"}],"about":[{"href":"https:\/\/www.europesays.com\/es\/wp-json\/wp\/v2\/types\/post"}],"author":[{"embeddable":true,"href":"https:\/\/www.europesays.com\/es\/wp-json\/wp\/v2\/users\/2"}],"replies":[{"embeddable":true,"href":"https:\/\/www.europesays.com\/es\/wp-json\/wp\/v2\/comments?post=170570"}],"version-history":[{"count":0,"href":"https:\/\/www.europesays.com\/es\/wp-json\/wp\/v2\/posts\/170570\/revisions"}],"wp:featuredmedia":[{"embeddable":true,"href":"https:\/\/www.europesays.com\/es\/wp-json\/wp\/v2\/media\/170571"}],"wp:attachment":[{"href":"https:\/\/www.europesays.com\/es\/wp-json\/wp\/v2\/media?parent=170570"}],"wp:term":[{"taxonomy":"category","embeddable":true,"href":"https:\/\/www.europesays.com\/es\/wp-json\/wp\/v2\/categories?post=170570"},{"taxonomy":"post_tag","embeddable":true,"href":"https:\/\/www.europesays.com\/es\/wp-json\/wp\/v2\/tags?post=170570"}],"curies":[{"name":"wp","href":"https:\/\/api.w.org\/{rel}","templated":true}]}}