{"id":170594,"date":"2025-10-11T23:35:14","date_gmt":"2025-10-11T23:35:14","guid":{"rendered":"https:\/\/www.europesays.com\/es\/170594\/"},"modified":"2025-10-11T23:35:14","modified_gmt":"2025-10-11T23:35:14","slug":"la-tormenta-se-mueve-y-aemet-senala-las-zonas-donde-llovera-esta-noche-en-la-comunitat-valenciana","status":"publish","type":"post","link":"https:\/\/www.europesays.com\/es\/170594\/","title":{"rendered":"La tormenta se mueve y Aemet se\u00f1ala las zonas donde llover\u00e1 esta noche en la Comunitat Valenciana"},"content":{"rendered":"<p><a class=\"v-mdl-ath__fig-a\" href=\"https:\/\/www.lasprovincias.es\/autor\/andoni-torres-493.html\" title=\"Andoni Torres\" rel=\"nofollow noopener\" target=\"_blank\"><br \/>\n<img decoding=\"async\" class=\"v-mdl-ath__img\" src=\"https:\/\/www.europesays.com\/es\/wp-content\/uploads\/2025\/07\/autor-493-foto-2.jpeg\" alt=\"Andoni Torres\"\/><br \/>\n<\/a><\/p>\n<p class=\"v-mdl-ath__p v-mdl-ath__p--6\">\nS\u00e1bado, 11 de octubre 2025, 14:35<\/p>\n<p>| Actualizado 21:54h.<\/p>\n<p class=\"v-p\"><strong>Aemet<\/strong> informa de que la situaci\u00f3n sigue siendo muy adversa esta noche de s\u00e1bado en gran parte de las provincias de Valencia, Castell\u00f3n y en el norte de Alicante a causa del paso de la <strong>dana Alice<\/strong>. La Agencia Estatal de Meteorolog\u00eda recuerda que gran parte del territorio se encuentra con aviso naranja activado y se pueden producir chubascos focalizados de intensidad muy fuerte, localmente torrencial.<\/p>\n<p class=\"v-p\">La agencia explica que la tormenta -n\u00facleos de precipitaci\u00f3n- penetra de mar a tierra por los litorales de Castell\u00f3n, Valencia y norte de Alicante y cuando uno de estos n\u00facleos queda est\u00e1tico, aunque no haya tormenta, los acumulados son muy importantes. Aemet informa de que estos chubascos litorales son muy peligrosos, porque provocan mucha lluvia en poco tiempo.<\/p>\n<p class=\"v-p\">Aunque la tormenta se ha desplazado hacia el norte -Castell\u00f3n- nuevos n\u00facleos de chubascos pueden afectar en las pr\u00f3ximas horas a Valencia y Alicante. De hecho, <strong>la lluvia ha hecho aparici\u00f3n esta tarde-noche en la ciudad de Valencia<\/strong> (acumula m\u00e1s de 125 l\/m2) y otras localidades de su entorno. <\/p>\n<p class=\"v-p\">En Carcaixent una tromba de agua -\u00abun chubasco de intensidad torrencial y sin tormenta, pr\u00e1cticamente est\u00e1tico en la localidad\u00bb- ha dejado esta tarde de s\u00e1bado m\u00e1s de 110 litros por metro cuadrado en s\u00f3lo una hora (70 litros en s\u00f3lo media hora). Algunas calles est\u00e1n anegadas y en Alzira han ca\u00eddo 35 litros en una hora. Tambi\u00e9n ha afectado a la zona de Benimuslem y Alberic.<\/p>\n<p class=\"v-p\">En las \u00faltimas horas llueve con intensidad tambi\u00e9n en Torreblanca, Cotes, Antella, C\u00e1rcer, Sagra o Navarr\u00e9s, entre otras localidades.<\/p>\n<blockquote class=\"twitter-tweet\">\n<p lang=\"ca\" dir=\"ltr\">Els carrers de Carcaixent (la Ribera Alta) s&#8217;estan inundant en q\u00fcesti\u00f3 de minuts. Porten 70 l\/m\u00b2 en 30 minuts!! I continua diluviant.<\/p>\n<p>Fotos que ens envia el nostre soci Santi Molt\u00f3. <a href=\"https:\/\/t.co\/Q6OySFPM1b\" rel=\"nofollow\">pic.twitter.com\/Q6OySFPM1b<\/a><\/p>\n<p>\u2014 AVAMET (@avamet) <a href=\"https:\/\/twitter.com\/avamet\/status\/1977029885337223171?ref_src=twsrc%5Etfw\" rel=\"nofollow noopener\" target=\"_blank\">October 11, 2025<\/a><\/p><\/blockquote>\n<p class=\"v-p\">El Centro de Coordinaci\u00f3n de Emergencias de la Generalitat Valenciana ha ampliado este s\u00e1bado la alerta naranja por lluvias al interior norte de Castell\u00f3n y litoral sur de Alicante. De esta forma, est\u00e1 en alerta naranja por lluvias el interior norte y litoral de Castell\u00f3n; el litoral e interior sur de Valencia; y el litoral de Alicante.<\/p>\n<p class=\"v-p\">La alerta nivel amarillo por tormentas est\u00e1 activa en toda la Comunitat Valenciana, mientras que la amarilla por lluvias se establece en el interior norte de Valencia e interior de la provincia de Alicante e interior sur de Castell\u00f3n.<\/p>\n<p class=\"v-p\">Emergencias pide evitar los desplazamientos y mantener la alerta debido a la persistencia e intensidad del episodio de lluvias y tormentas.<\/p>\n<p class=\"v-p\">Las lluvias han sido persistentes durante toda la jornada en Valencia, sur de Castell\u00f3n y norte de Alicante y van a continuar en las pr\u00f3ximas horas, seg\u00fan informa Aemet. La intensidad es moderada a fuerte, aunque en zonas de tormenta se ha rozado la torrencialidad en la Safor, la Ribera Alta y la Marina Alta.<\/p>\n<p class=\"v-p\"><strong>La mayor cantidad de precipitaci\u00f3n acumulada este s\u00e1bado hasta las 19.00 horas, seg\u00fan los datos de Avamet, se han dado en las siguientes localidades: <\/strong><\/p>\n<p class=\"v-p\">-Carcaixent: 201,2 l\/m2.<\/p>\n<p class=\"v-p\">-Sollana (El Roman\u00ed): 176,7 l\/m2<\/p>\n<p class=\"v-p\">-Alc\u00e0sser: 130,6.<\/p>\n<p class=\"v-p\">-Alginet: 122,6.<\/p>\n<p class=\"v-p\">-Valencia (Albufera): 120,8.<\/p>\n<p class=\"v-p\">-Gandia: 119,9.<\/p>\n<p class=\"v-p\">-Pu\u00e7ol: 113,3.<\/p>\n<p class=\"v-p\">-Sueca: 98,3.<\/p>\n<p class=\"v-p\">-Alc\u00e0ntera de X\u00faquer: 95.<\/p>\n<p class=\"v-p\">-Sagunto: 93,6.<\/p>\n<p class=\"v-p\">-Barxeta: 91,8.<\/p>\n<p class=\"v-p\">-Simat de la Valldigna: 89,2.<\/p>\n<p class=\"v-p\">-Albalat dels Sorells: 89.<\/p>\n<p class=\"v-p\">-Cotes: 88,6.<\/p>\n<p class=\"v-p\">-Massalfassar: 87,4.<\/p>\n<p class=\"v-p\">-Real: 87,2<\/p>\n<p class=\"v-p\">-Valencia (El Saler): 84,6.<\/p>\n<p><a class=\"v-a-link\" href=\"https:\/\/www.lasprovincias.es\/comunitat\/efectos-dana-alice-comunitat-20251011124436-ga.html\" data-voc-vtm-id=\"in-text-traffic\" title=\"\" aria-label=\"Imagen\" rel=\"nofollow noopener\" target=\"_blank\"><br \/>\n<img decoding=\"async\" loading=\"lazy\" src=\"https:\/\/www.europesays.com\/es\/wp-content\/uploads\/2025\/10\/1501777258-U23074888525xKB--650x455@Las Provincias.jpg\" class=\"v-a-img\" width=\"650\" height=\"455\" alt=\"\" data-voc-vtm-id=\"in-text-traffic\"\/><\/p>\n<p><\/a><\/p>\n<p>JL Bort<\/p>\n<p>Previsi\u00f3n del domingo 12 de octubre<\/p>\n<p class=\"v-p\">El domingo amanecer\u00e1 con cielo muy nuboso con chubascos y tormentas, menos probables en la mitad sur de Alicante y localmente fuertes o muy fuertes y persistentes en el litoral y prelitoral del resto, especialmente en el norte de Castell\u00f3n; tendiendo a remitir en general durante la segunda mitad del d\u00eda.<\/p>\n<p class=\"v-p\">Aemet mantiene el aviso naranja en Castell\u00f3n y amarillo en Valencia y Alicante..<\/p>\n<p>Reporta un error<\/p>\n<p><script async src=\"https:\/\/platform.twitter.com\/widgets.js\" charset=\"utf-8\"><\/script><\/p>\n","protected":false},"excerpt":{"rendered":"S\u00e1bado, 11 de octubre 2025, 14:35 | Actualizado 21:54h. Aemet informa de que la situaci\u00f3n sigue siendo muy&hellip;\n","protected":false},"author":2,"featured_media":170595,"comment_status":"","ping_status":"","sticky":false,"template":"","format":"standard","meta":{"footnotes":""},"categories":[8],"tags":[2980,17,18,23242,25,24,13,14,11,19,20,30590,24868,9,10,15,16,16555,23,11054,12,2979,21,22,11004,7996],"class_list":{"0":"post-170594","1":"post","2":"type-post","3":"status-publish","4":"format-standard","5":"has-post-thumbnail","7":"category-espana","8":"tag-aemet","9":"tag-breaking-news","10":"tag-breakingnews","11":"tag-comunitat","12":"tag-es","13":"tag-espana","14":"tag-featured-news","15":"tag-featurednews","16":"tag-headlines","17":"tag-latest-news","18":"tag-latestnews","19":"tag-llovera","20":"tag-mueve","21":"tag-news","22":"tag-noticias","23":"tag-noticias-destacadas","24":"tag-noticiasdestacadas","25":"tag-senala","26":"tag-spain","27":"tag-tarde","28":"tag-titulares","29":"tag-tormenta","30":"tag-ultimas-noticias","31":"tag-ultimasnoticias","32":"tag-valenciana","33":"tag-zonas"},"share_on_mastodon":{"url":"","error":""},"_links":{"self":[{"href":"https:\/\/www.europesays.com\/es\/wp-json\/wp\/v2\/posts\/170594","targetHints":{"allow":["GET"]}}],"collection":[{"href":"https:\/\/www.europesays.com\/es\/wp-json\/wp\/v2\/posts"}],"about":[{"href":"https:\/\/www.europesays.com\/es\/wp-json\/wp\/v2\/types\/post"}],"author":[{"embeddable":true,"href":"https:\/\/www.europesays.com\/es\/wp-json\/wp\/v2\/users\/2"}],"replies":[{"embeddable":true,"href":"https:\/\/www.europesays.com\/es\/wp-json\/wp\/v2\/comments?post=170594"}],"version-history":[{"count":0,"href":"https:\/\/www.europesays.com\/es\/wp-json\/wp\/v2\/posts\/170594\/revisions"}],"wp:featuredmedia":[{"embeddable":true,"href":"https:\/\/www.europesays.com\/es\/wp-json\/wp\/v2\/media\/170595"}],"wp:attachment":[{"href":"https:\/\/www.europesays.com\/es\/wp-json\/wp\/v2\/media?parent=170594"}],"wp:term":[{"taxonomy":"category","embeddable":true,"href":"https:\/\/www.europesays.com\/es\/wp-json\/wp\/v2\/categories?post=170594"},{"taxonomy":"post_tag","embeddable":true,"href":"https:\/\/www.europesays.com\/es\/wp-json\/wp\/v2\/tags?post=170594"}],"curies":[{"name":"wp","href":"https:\/\/api.w.org\/{rel}","templated":true}]}}