{"id":170614,"date":"2025-10-11T23:51:07","date_gmt":"2025-10-11T23:51:07","guid":{"rendered":"https:\/\/www.europesays.com\/es\/170614\/"},"modified":"2025-10-11T23:51:07","modified_gmt":"2025-10-11T23:51:07","slug":"joe-dante-director-de-gremlins-la-administracion-trump-es-una-pelicula-de-terror-el-gobierno-del-miedo-eldiario-es","status":"publish","type":"post","link":"https:\/\/www.europesays.com\/es\/170614\/","title":{"rendered":"Joe Dante, director de &#039;Gremlins&#039;: &quot;La Administraci\u00f3n Trump es una pel\u00edcula de terror, el gobierno del miedo&quot; &#8211; elDiario.es"},"content":{"rendered":"<ol>\n<li><a href=\"https:\/\/news.google.com\/rss\/articles\/CBMiyAFBVV95cUxPd1VMaGZzbE54NzZFSDRob1BacUo2Tjh1RHJxN0F0VXR5d3RUNktVZndNQ1dzWmdJOEtOeUZHOGRwVnZxV2xtdUJ4YjdFOU9STjY2Tl9HeGhhZ1hWcUpXYmcxTFo3Ujd3c1VRMTBscVRGanQ5MHp5MklzTzdnbmh6NGc2V3haLUdKSGc5SU83bFdNVWdCZjdaOEF0WWs2RGI0SnJLVE1jd3hJbHE1OHlZZE9XQ1c4MVRrOTJMWTRhUDhZS0pWcE1NZ9IBzgFBVV95cUxOejdiOWtvWkpTTFJZSWI0YnFIR0NoVlhQNjdsTTZsR25PV29ZQk9YZXBVS2xIbzIydF81QTh0enQ3RVhzb2dwUVVuZXNEbzZOb2ZUQmt2SkxDS2dsV1UtZ0s5UGdUd0IxbE4yVE5STFRZWEk3aGlTZzlNUUxWMjB1TmNKN0RqN2Zjei01NGRXRENKMHZzdEhLRllEa0VaRW9pWlVwdVV1amVHaTEzbmxYUzNoR3d2VDVoQVpIWWlyeEJldk9KdHh3anZHWHNFZw?oc=5\" target=\"_blank\" rel=\"nofollow noopener\">Joe Dante, director de &#8216;Gremlins&#8217;: \u00abLa Administraci\u00f3n Trump es una pel\u00edcula de terror, el gobierno del miedo\u00bb<\/a>&nbsp;&nbsp;elDiario.es<\/li>\n<li><a href=\"https:\/\/news.google.com\/rss\/articles\/CBMizAFBVV95cUxOdHBtWEdGRXNReWgzZmtLRTZJUFEyN1p5Slh3cVQzNjk4Y005WUVFR1ViZVBkSURZZXo0ZmlxR3g4WWNKTjA1cHF6M0U0Qm1jdkw4OTRYeVVFREQtZ19Wc2VIdUtkRVVqWTBDamw1N1lJVkdzVEVIbDNSMnd4bFJVWXVOdWZmSWcwZmJUb1JwN3ktckJFdXBxZm9EdTh4Wld3YV9wVVBnZkJGd2luTUZpeGZRVjBaTTg2ZFliSVNaMW1TZ1pOMHhnM2NsU2o?oc=5\" target=\"_blank\" rel=\"nofollow noopener\">Joe Dante: \u201cTrump se cree un rey y me aterra que el miedo que gobierna ahora EE.UU. acabe triunfando\u201d<\/a>&nbsp;&nbsp;La Vanguardia<\/li>\n<li><a href=\"https:\/\/news.google.com\/rss\/articles\/CBMiyAFBVV95cUxONVdNb04zWXFhTDB4MlZobWdCUkpoVHZ1ZDVVT2RZMTNlMzZkN2xyVFFHdHQ0bkJOUXZxTGtUM016WlVsNHVxV1F2YllXTzgwLVZtSmNKUHBONFN6UWlpcWdjQnVpTDE4NnAxWUphcGhTWEM4N2ZIc1U4SE1lOGFrQ1hBVW1lUFJhcl9kbFF6NTVzajl1NVdmUFhXVDRORkJkUW5iYzhqMWRGTlU0QU1rSloxaVJWNFQ2cW1SRlR5dHNVSDlMRDBPedIB3AFBVV95cUxNcmFiMXZmN0hZVDNuVXdyekJFdmkxdkFudzhuR1hLekJhNHJDdHdkNGlBWHJWbGdlOEtGdmtpZmxaVVJTR2FzZmpLbkJibDJKV0lYcjcxbzBnbUVFR3pvaXpoNVdOcWs2M3l1aUNzamxWdk05OWZhYVRMV252WWVKSVdtbnRCMnpnellzb1RHYWswY01tR0ZQems2NTF0YlI0aU8tQlJ4eng2Wkk3andrY0c0bC1FY2NkMHFoOEc1MjJCMjNHRE5PS1ptZE5Zemh5MDk2NGRoUEg3RXZC?oc=5\" target=\"_blank\" rel=\"nofollow noopener\">Un reconocido cineasta no se corta al decir qu\u00e9 pel\u00edcula har\u00eda si tuviese que realizar un filme sobre Donald Trump<\/a>&nbsp;&nbsp;El HuffPost<\/li>\n<li><a href=\"https:\/\/news.google.com\/rss\/articles\/CBMilAFBVV95cUxPeTBGaUhfWlVMdEJoYjZZczZtNHdvWWdIUm5va3RaZnVjTTgyblZ0T2RvQmEwZmdib1RBdWlSUFdsVEZwUTdpWHR3WmFBLW1qWXVZT2lyVVNMTjh3My12SFE3OGdOR2NaQlh2di1sTjJhc2FLWlhXVHpGRW52ZVBNOElydUNpWGtqMnRqVkJHSWFNZGVX?oc=5\" target=\"_blank\" rel=\"nofollow noopener\">Joe Dante: \u201cVend\u00ed el trineo de &#8216;Ciudadano Kane&#8217; por 12,7 millones\u201d<\/a>&nbsp;&nbsp;Diari ARA<\/li>\n<li><a href=\"https:\/\/news.google.com\/rss\/articles\/CBMingFBVV95cUxOZEhGOTQ0ZHpWbjhOS3JyV0ZVQS0wcXVJXzVDVEJYMnZ2MXpEMldSSi1TSG45YkFVLUpoaVhZYnJLX1l4R0ItQkdRZzkzMlhlbEhLOFlFM0o1VkdzTmZ0SnJia24ydXpKOEtuVFgtVGo4ZmZVYURlWnNabGV6LXkyNGJqN1d3UFVaQUJYeGpaSTFieFZ4SGlJdGlPOXl5dw?oc=5\" target=\"_blank\" rel=\"nofollow noopener\">Joe Dante: Si tuviera que hacer una pel\u00edcula de Trump ser\u00eda una nueva entrega de Gremlins<\/a>&nbsp;&nbsp;ABC<\/li>\n<\/ol>\n","protected":false},"excerpt":{"rendered":"Joe Dante, director de &#8216;Gremlins&#8217;: \u00abLa Administraci\u00f3n Trump es una pel\u00edcula de terror, el gobierno del miedo\u00bb&nbsp;&nbsp;elDiario.es Joe&hellip;\n","protected":false},"author":2,"featured_media":170615,"comment_status":"","ping_status":"","sticky":false,"template":"","format":"standard","meta":{"footnotes":""},"categories":[169],"tags":[517,210,1980,177,95,146,147,25,24,176,1982,175,10,1981,952,23],"class_list":{"0":"post-170614","1":"post","2":"type-post","3":"status-publish","4":"format-standard","5":"has-post-thumbnail","7":"category-cine","8":"tag-actualidad","9":"tag-barcelona","10":"tag-cataluna","11":"tag-cine","12":"tag-economia","13":"tag-entertainment","14":"tag-entretenimiento","15":"tag-es","16":"tag-espana","17":"tag-film","18":"tag-ignacio-escolar","19":"tag-movies","20":"tag-noticias","21":"tag-periodismo-independiente","22":"tag-politica","23":"tag-spain"},"share_on_mastodon":{"url":"","error":""},"_links":{"self":[{"href":"https:\/\/www.europesays.com\/es\/wp-json\/wp\/v2\/posts\/170614","targetHints":{"allow":["GET"]}}],"collection":[{"href":"https:\/\/www.europesays.com\/es\/wp-json\/wp\/v2\/posts"}],"about":[{"href":"https:\/\/www.europesays.com\/es\/wp-json\/wp\/v2\/types\/post"}],"author":[{"embeddable":true,"href":"https:\/\/www.europesays.com\/es\/wp-json\/wp\/v2\/users\/2"}],"replies":[{"embeddable":true,"href":"https:\/\/www.europesays.com\/es\/wp-json\/wp\/v2\/comments?post=170614"}],"version-history":[{"count":0,"href":"https:\/\/www.europesays.com\/es\/wp-json\/wp\/v2\/posts\/170614\/revisions"}],"wp:featuredmedia":[{"embeddable":true,"href":"https:\/\/www.europesays.com\/es\/wp-json\/wp\/v2\/media\/170615"}],"wp:attachment":[{"href":"https:\/\/www.europesays.com\/es\/wp-json\/wp\/v2\/media?parent=170614"}],"wp:term":[{"taxonomy":"category","embeddable":true,"href":"https:\/\/www.europesays.com\/es\/wp-json\/wp\/v2\/categories?post=170614"},{"taxonomy":"post_tag","embeddable":true,"href":"https:\/\/www.europesays.com\/es\/wp-json\/wp\/v2\/tags?post=170614"}],"curies":[{"name":"wp","href":"https:\/\/api.w.org\/{rel}","templated":true}]}}