{"id":170659,"date":"2025-10-12T00:21:12","date_gmt":"2025-10-12T00:21:12","guid":{"rendered":"https:\/\/www.europesays.com\/es\/170659\/"},"modified":"2025-10-12T00:21:12","modified_gmt":"2025-10-12T00:21:12","slug":"fotosub-hace-de-las-canteras-un-acuario","status":"publish","type":"post","link":"https:\/\/www.europesays.com\/es\/170659\/","title":{"rendered":"Fotosub hace de Las Canteras un acuario"},"content":{"rendered":"<p><a class=\"v-mdl-ath__fig-a\" href=\"https:\/\/www.canarias7.es\/autor\/canarias7-6545.html\" title=\"CANARIAS7\" rel=\"nofollow noopener\" target=\"_blank\"><br \/>\n<img decoding=\"async\" class=\"v-mdl-ath__img\" src=\"https:\/\/www.europesays.com\/es\/wp-content\/uploads\/2025\/08\/1754689268_701_autor-6545-foto-1.png\" alt=\"CANARIAS7\"\/><br \/>\n<\/a><\/p>\n<p class=\"v-mdl-ath__p v-mdl-ath__p--6\">\nS\u00e1bado, 11 de octubre 2025, 22:27<\/p>\n<p class=\"v-p\">Un sorprendente caballito de mar africano, la serpenteante e ic\u00f3nica carmelita, una cr\u00eda de angelote, el peque\u00f1o micromelo, un singular caracol burbuja, un pez lagarto, una anguila l\u00e1piz, un pejeverde, verongias con sus incre\u00edbles formas tubulares, un cerianto, rascacios, chocos, pulpos, una morena\u2026 Estas especies, que habitan en los fondos de la principal playa de Las Palmas de Gran Canaria, Las Canteras, se han convertido en modelos improvisados del Fotosub 2025.<\/p>\n<p class=\"v-p\">Los fot\u00f3grafos submarinos que capturaron con sus c\u00e1maras a \u00e9stas y otras especies, participaron en la entrega de premios en la que la pareja formada por Artullo Telle y Davinia Hern\u00e1ndez se alz\u00f3 con el primer premio en la modalidad de Open Fotosub. El equipo de Tanaus\u00fa Motas y Yolanda Garc\u00eda sigui\u00f3 muy de cerca a los ganadores y lograron hacerse con el segundo premio, mientras que Bruno Hern\u00e1ndez y Elena Machado, obtuvieron la tercera posici\u00f3n por diferencias m\u00ednimas.<\/p>\n<p class=\"v-p\">La propuesta de Telle consisti\u00f3 en una colecci\u00f3n de cinco fotos en las que aparece una tilodina, una estrella de mar, una carmelita, el ojo de un rascacio y un alga. En la colecci\u00f3n de Motas destacaron un inusual caballito de mar africano y un micromelo; la barra y las algas de Las Canteras protagonizaron otras de sus im\u00e1genes. Hern\u00e1ndez captur\u00f3 el ojo de un choco, una verongia, una esponja amarilla y un pejeverde. Una de sus im\u00e1genes m\u00e1s destacadas fue una cr\u00eda de angelote.<\/p>\n<p class=\"v-p\">Juan Antonio Carballo y Mar\u00eda Bel\u00e9n Caro lograron el primer premio en la modalidad nocturna, con tres im\u00e1genes, un lagarto, una anguila l\u00e1piz y una morena negra. Bruno Hern\u00e1ndez Medina y Elena Machado Cruz sorprendieron al jurado con la fotograf\u00eda de un cerianto, un pulpo sobre una verongia y un caracol, con las que quedaron segundos. Por \u00faltimo, Arturo Telle, acompa\u00f1ado de Davinia Hern\u00e1ndez, ocuparon la tercera plaza con las fotograf\u00edas de un rascacio, un choco y un chucho negro.<\/p>\n<p class=\"v-p\">En el Cazafotosub, que premia no solo la calidad de las im\u00e1genes, sino el n\u00famero de las especies y la dificultad de la obtenci\u00f3n de las fotograf\u00edas en apnea en un tiempo m\u00e1ximo de cuatro horas, tuvo como ganadores a \u00c1ngel Trujillo, con 51 especies; la segunda fue Bel\u00e9n Caro, actual campeona de Espa\u00f1a, con 50 especies;y el tercer premiado, fue Ruym\u00e1n Escuela, con 49.<\/p>\n<p class=\"v-p\">La entrega de premios del Fotosub Las Palmas de Gran Canaria se celebr\u00f3 en el Hotel Cristina y cont\u00f3 con el concejal de Ciudad de Mar, Pedro Quevedo, que resalt\u00f3 la riqueza biol\u00f3gica de Las Canteras.<\/p>\n<p class=\"v-p\">Medio centenar de fot\u00f3grafos submarinos particip\u00f3 en las tres modalidades de Fotosub.<\/p>\n<p><img decoding=\"async\" loading=\"lazy\" src=\"https:\/\/www.europesays.com\/es\/wp-content\/uploads\/2025\/10\/animales5.jpg\" class=\"v-mdl__img-z\" width=\"1200\" height=\"841\" alt=\"Imagen principal - Fotosub hace de Las Canteras un acuario\"\/><\/p>\n<p><img decoding=\"async\" loading=\"lazy\" src=\"https:\/\/www.europesays.com\/es\/wp-content\/uploads\/2025\/10\/animales2.jpg\" class=\"v-mdl__img-z\" width=\"1200\" height=\"851\" alt=\"Imagen secundaria 1 - Fotosub hace de Las Canteras un acuario\"\/><\/p>\n<p><img decoding=\"async\" loading=\"lazy\" src=\"https:\/\/www.europesays.com\/es\/wp-content\/uploads\/2025\/10\/animales4.jpg\" class=\"v-mdl__img-z\" width=\"711\" height=\"841\" alt=\"Imagen secundaria 2 - Fotosub hace de Las Canteras un acuario\"\/><\/p>\n<p>Reporta un error<\/p>\n","protected":false},"excerpt":{"rendered":"S\u00e1bado, 11 de octubre 2025, 22:27 Un sorprendente caballito de mar africano, la serpenteante e ic\u00f3nica carmelita, una&hellip;\n","protected":false},"author":2,"featured_media":170660,"comment_status":"","ping_status":"","sticky":false,"template":"","format":"standard","meta":{"footnotes":""},"categories":[8],"tags":[4303,17,18,13078,25,24,13,14,49570,11,19,20,9,10,15,16,23,12,21,22],"class_list":{"0":"post-170659","1":"post","2":"type-post","3":"status-publish","4":"format-standard","5":"has-post-thumbnail","7":"category-espana","8":"tag-acuario","9":"tag-breaking-news","10":"tag-breakingnews","11":"tag-canteras","12":"tag-es","13":"tag-espana","14":"tag-featured-news","15":"tag-featurednews","16":"tag-fotosub","17":"tag-headlines","18":"tag-latest-news","19":"tag-latestnews","20":"tag-news","21":"tag-noticias","22":"tag-noticias-destacadas","23":"tag-noticiasdestacadas","24":"tag-spain","25":"tag-titulares","26":"tag-ultimas-noticias","27":"tag-ultimasnoticias"},"share_on_mastodon":{"url":"","error":""},"_links":{"self":[{"href":"https:\/\/www.europesays.com\/es\/wp-json\/wp\/v2\/posts\/170659","targetHints":{"allow":["GET"]}}],"collection":[{"href":"https:\/\/www.europesays.com\/es\/wp-json\/wp\/v2\/posts"}],"about":[{"href":"https:\/\/www.europesays.com\/es\/wp-json\/wp\/v2\/types\/post"}],"author":[{"embeddable":true,"href":"https:\/\/www.europesays.com\/es\/wp-json\/wp\/v2\/users\/2"}],"replies":[{"embeddable":true,"href":"https:\/\/www.europesays.com\/es\/wp-json\/wp\/v2\/comments?post=170659"}],"version-history":[{"count":0,"href":"https:\/\/www.europesays.com\/es\/wp-json\/wp\/v2\/posts\/170659\/revisions"}],"wp:featuredmedia":[{"embeddable":true,"href":"https:\/\/www.europesays.com\/es\/wp-json\/wp\/v2\/media\/170660"}],"wp:attachment":[{"href":"https:\/\/www.europesays.com\/es\/wp-json\/wp\/v2\/media?parent=170659"}],"wp:term":[{"taxonomy":"category","embeddable":true,"href":"https:\/\/www.europesays.com\/es\/wp-json\/wp\/v2\/categories?post=170659"},{"taxonomy":"post_tag","embeddable":true,"href":"https:\/\/www.europesays.com\/es\/wp-json\/wp\/v2\/tags?post=170659"}],"curies":[{"name":"wp","href":"https:\/\/api.w.org\/{rel}","templated":true}]}}