{"id":170698,"date":"2025-10-12T00:48:09","date_gmt":"2025-10-12T00:48:09","guid":{"rendered":"https:\/\/www.europesays.com\/es\/170698\/"},"modified":"2025-10-12T00:48:09","modified_gmt":"2025-10-12T00:48:09","slug":"donde-ver-online-y-en-television-a-joel-alvarez-hoy-en-la-ufc-fight-night-y-a-que-hora-combate-contra-vicente-luque","status":"publish","type":"post","link":"https:\/\/www.europesays.com\/es\/170698\/","title":{"rendered":"D\u00f3nde ver online y en televisi\u00f3n a Joel \u00c1lvarez hoy en la UFC Fight Night y a qu\u00e9 hora combate contra Vicente Luque"},"content":{"rendered":"<p style=\"\"><strong>Joel \u00c1lvarez<\/strong> afronta un desaf\u00edo gigante. El asturiano pelear\u00e1 este s\u00e1bado 11 de octubre en <strong>UFC R\u00edo de Janeiro<\/strong> contra el brasile\u00f1o <strong>Vicente Luque<\/strong>. Ser\u00e1 su debut en el <strong>peso w\u00e9lter<\/strong>, apenas tres semanas despu\u00e9s de aceptar la propuesta, en una  &#8230; nueva etapa deportiva.<\/p>\n<p class=\"voc-p\" style=\"\">El asturiano no compite desde diciembre de 2024, cuando noque\u00f3 a Drakkar Klose en el primer asalto. En mayo deb\u00eda despedirse del peso ligero ante Benoit Saint-Denis, pero una lesi\u00f3n de \u00faltima hora frustr\u00f3 el plan.<\/p>\n<p class=\"voc-p\" style=\"\">Joel \u00c1lvarez lleg\u00f3 a entrar en el top 15 del peso ligero, un objetivo que se marca ahora en el w\u00e9lter, y ello pasar\u00e1 por obtener primero una solvente victoria ante <strong>El Asesino Silencioso<\/strong>, como se le apoda a Vicente Luque.<\/p>\n<ul class=\"oc-d-c-list__list\">\n<li class=\"voc-d-c-list__item\">\n<p class=\"voc-d-c-list__paragraph\">#4 Charles Oliveira (35-11-1) vs #8 Mateusz Gamrot (25-3)<\/p>\n<\/li>\n<li class=\"voc-d-c-list__item\">\n<p class=\"voc-d-c-list__paragraph\">#6 Deiveson Figueiredo (24-5-1) vs #15 Montel Jackson (15-2)<\/p>\n<\/li>\n<li class=\"voc-d-c-list__item\">\n<p class=\"voc-d-c-list__paragraph\">Vicente Luque (23-11-1) vs Joel \u00c1lvarez (22-3)<\/p>\n<\/li>\n<li class=\"voc-d-c-list__item\">\n<p class=\"voc-d-c-list__paragraph\">Jonathan Diniz (9-1) vs Mario Pinto (10-0)<\/p>\n<\/li>\n<li class=\"voc-d-c-list__item\">\n<p class=\"voc-d-c-list__paragraph\">Ricardo Ramos (17-7) vs Kaan Offi (12-4-1)<\/p>\n<\/li>\n<li class=\"voc-d-c-list__item\">\n<p class=\"voc-d-c-list__paragraph\">Lucas Almeida (15-4) vs Michael Aswell (10-3)<\/p>\n<\/li>\n<\/ul>\n<p class=\"voc-p\" style=\"\">El evento estelar UFC 317 contar\u00e1 con uno de los grandes \u00eddolos locales, <strong>Charles Oliveira<\/strong> (35-11-1). Tras ser noqueado por <strong>Ilia Topuria<\/strong> en junio, el ex campe\u00f3n de peso ligero volver\u00e1 a pelear frente a su p\u00fablico m\u00e1s de cinco a\u00f1os despu\u00e9s ante Mateusz Gamrot (25-3).<\/p>\n<p>\nA qu\u00e9 hora es en Espa\u00f1a del combate entre Joel \u00c1lvarez y Vicente Luque de la UFC\n<\/p>\n<p class=\"voc-p\" style=\"\">La cartelera preliminar comenzar\u00e1 a las 22:00 horas (a las 23:00 en Max) del s\u00e1bado 11 de octubre, y la cartelera principal a partir de las 00:00 de la madrugada hora peninsular espa\u00f1ola. Se espera que el combate del luchador espa\u00f1ol sea en torno a las 3:00 de la ma\u00f1ana en Espa\u00f1a. <\/p>\n<p>\nD\u00f3nde ver en televisi\u00f3n y online el combate de Joel \u00c1lvarez de la UFC hoy\n<\/p>\n<p class=\"voc-p\" style=\"\">El evento, como es habitual en Espa\u00f1a, podr\u00e1 verse a trav\u00e9s de <strong>Eurosport y Max. <\/strong>El combate de Joel \u00c1lvarez, el tercero m\u00e1s importante de la cartelera, ser\u00e1 alrededor de las 02:30 horas de la madrugada.<\/p>\n","protected":false},"excerpt":{"rendered":"Joel \u00c1lvarez afronta un desaf\u00edo gigante. El asturiano pelear\u00e1 este s\u00e1bado 11 de octubre en UFC R\u00edo de&hellip;\n","protected":false},"author":2,"featured_media":170699,"comment_status":"","ping_status":"","sticky":false,"template":"","format":"standard","meta":{"footnotes":""},"categories":[276],"tags":[4458,4632,2942,168,25,24,319,315,4457,12998,133,23,167,807,343,809,13291],"class_list":{"0":"post-170698","1":"post","2":"type-post","3":"status-publish","4":"format-standard","5":"has-post-thumbnail","7":"category-ufc","8":"tag-alvarez","9":"tag-canal","10":"tag-combate","11":"tag-deportes","12":"tag-es","13":"tag-espana","14":"tag-horario","15":"tag-hoy","16":"tag-joel","17":"tag-luque","18":"tag-online","19":"tag-spain","20":"tag-sports","21":"tag-television","22":"tag-ufc","23":"tag-ver","24":"tag-vicente"},"share_on_mastodon":{"url":"","error":""},"_links":{"self":[{"href":"https:\/\/www.europesays.com\/es\/wp-json\/wp\/v2\/posts\/170698","targetHints":{"allow":["GET"]}}],"collection":[{"href":"https:\/\/www.europesays.com\/es\/wp-json\/wp\/v2\/posts"}],"about":[{"href":"https:\/\/www.europesays.com\/es\/wp-json\/wp\/v2\/types\/post"}],"author":[{"embeddable":true,"href":"https:\/\/www.europesays.com\/es\/wp-json\/wp\/v2\/users\/2"}],"replies":[{"embeddable":true,"href":"https:\/\/www.europesays.com\/es\/wp-json\/wp\/v2\/comments?post=170698"}],"version-history":[{"count":0,"href":"https:\/\/www.europesays.com\/es\/wp-json\/wp\/v2\/posts\/170698\/revisions"}],"wp:featuredmedia":[{"embeddable":true,"href":"https:\/\/www.europesays.com\/es\/wp-json\/wp\/v2\/media\/170699"}],"wp:attachment":[{"href":"https:\/\/www.europesays.com\/es\/wp-json\/wp\/v2\/media?parent=170698"}],"wp:term":[{"taxonomy":"category","embeddable":true,"href":"https:\/\/www.europesays.com\/es\/wp-json\/wp\/v2\/categories?post=170698"},{"taxonomy":"post_tag","embeddable":true,"href":"https:\/\/www.europesays.com\/es\/wp-json\/wp\/v2\/tags?post=170698"}],"curies":[{"name":"wp","href":"https:\/\/api.w.org\/{rel}","templated":true}]}}