{"id":170721,"date":"2025-10-12T01:05:08","date_gmt":"2025-10-12T01:05:08","guid":{"rendered":"https:\/\/www.europesays.com\/es\/170721\/"},"modified":"2025-10-12T01:05:08","modified_gmt":"2025-10-12T01:05:08","slug":"que-abre-en-valencia-este-domingo-12-de-octubre-dia-de-la-hispanidad-centros-comerciales-y-supermercados","status":"publish","type":"post","link":"https:\/\/www.europesays.com\/es\/170721\/","title":{"rendered":"Qu\u00e9 abre en Valencia este domingo 12 de octubre, D\u00eda de la Hispanidad: centros comerciales y supermercados"},"content":{"rendered":"<p style=\"\">Este<strong> domingo 12 de octubre<\/strong> se celebra el D\u00eda de la Hispanidad, pero al caer en la \u00faltima jornada de la semana el calendario laboral 2025 no lo contempla como festivo nacional, por lo que muchos consumidores tienen la duda de si abren  &#8230; en <a href=\"https:\/\/www.abc.es\/espana\/comunidad-valenciana\/\" target=\"_blank\" data-voc-vtm-id=\"in-text-traffic\" title=\"Valencia\" data-mrf-link=\"www.abc.es\" rel=\"nofollow noopener\">Valencia<\/a> centros comerciales y supermercados y qu\u00e9 est\u00e1 cerrado.<\/p>\n<p class=\"voc-p\" style=\"\">En cuanto a las principales cadenas de distribuci\u00f3n, <strong>Mercadona y Consum<\/strong> cierran sus tiendas este domingo 12 de octubre. No obstante, en el caso de la cooperativa valenciana, s\u00ed ofrecen servicio los establecimientos Charter ubicados en la ciudad como tambi\u00e9n los Carrefour Express.<\/p>\n<p class=\"voc-p\" style=\"\">Respecto a los centros comerciales, s\u00ed abrir\u00e1n este domingo tanto los grandes almacenes de El Corte Ingles como el <strong>Arena, El Saler, Nuevo Centro y el Aqua<\/strong>, todos ellos en horario especial de 11 a 21.00 horas, incluidas las tiendas como ocio y restauraci\u00f3n.<\/p>\n<p class=\"voc-p\" style=\"\">Por el contrario, no abrir\u00e1n sus tiendas otros centros comerciales de Valencia y su \u00e1rea metropolitana como <strong>Gran Turia, MN4, Ikea y Bonaire<\/strong>, entre otros, que volver\u00e1n a su horario habitual este pr\u00f3ximo lunes 13 de octubre. Sin embargo s\u00ed tendr\u00e1n servicio en restauraci\u00f3n.<\/p>\n<p class=\"voc-p\" style=\"\">Al caer domingo y no poder ser aprovechado como festivo, cinco comunidades aut\u00f3nomas lo han trasladado al lunes <strong>13 de octubre<\/strong> para facilitar un puente de tres d\u00edas. Sin embargo no es el caso de la Comunidad Valenciana.<\/p>\n","protected":false},"excerpt":{"rendered":"Este domingo 12 de octubre se celebra el D\u00eda de la Hispanidad, pero al caer en la \u00faltima&hellip;\n","protected":false},"author":2,"featured_media":170722,"comment_status":"","ping_status":"","sticky":false,"template":"","format":"standard","meta":{"footnotes":""},"categories":[80],"tags":[490,82,4114,10153,978,1053,95,94,25,24,26839,9072,23,3212,235],"class_list":{"0":"post-170721","1":"post","2":"type-post","3":"status-publish","4":"format-standard","5":"has-post-thumbnail","7":"category-economia","8":"tag-abre","9":"tag-business","10":"tag-centros","11":"tag-comerciales","12":"tag-dia","13":"tag-domingo","14":"tag-economia","15":"tag-economy","16":"tag-es","17":"tag-espana","18":"tag-hispanidad","19":"tag-octubre","20":"tag-spain","21":"tag-supermercados","22":"tag-valencia"},"share_on_mastodon":{"url":"","error":""},"_links":{"self":[{"href":"https:\/\/www.europesays.com\/es\/wp-json\/wp\/v2\/posts\/170721","targetHints":{"allow":["GET"]}}],"collection":[{"href":"https:\/\/www.europesays.com\/es\/wp-json\/wp\/v2\/posts"}],"about":[{"href":"https:\/\/www.europesays.com\/es\/wp-json\/wp\/v2\/types\/post"}],"author":[{"embeddable":true,"href":"https:\/\/www.europesays.com\/es\/wp-json\/wp\/v2\/users\/2"}],"replies":[{"embeddable":true,"href":"https:\/\/www.europesays.com\/es\/wp-json\/wp\/v2\/comments?post=170721"}],"version-history":[{"count":0,"href":"https:\/\/www.europesays.com\/es\/wp-json\/wp\/v2\/posts\/170721\/revisions"}],"wp:featuredmedia":[{"embeddable":true,"href":"https:\/\/www.europesays.com\/es\/wp-json\/wp\/v2\/media\/170722"}],"wp:attachment":[{"href":"https:\/\/www.europesays.com\/es\/wp-json\/wp\/v2\/media?parent=170721"}],"wp:term":[{"taxonomy":"category","embeddable":true,"href":"https:\/\/www.europesays.com\/es\/wp-json\/wp\/v2\/categories?post=170721"},{"taxonomy":"post_tag","embeddable":true,"href":"https:\/\/www.europesays.com\/es\/wp-json\/wp\/v2\/tags?post=170721"}],"curies":[{"name":"wp","href":"https:\/\/api.w.org\/{rel}","templated":true}]}}