{"id":170781,"date":"2025-10-12T01:49:09","date_gmt":"2025-10-12T01:49:09","guid":{"rendered":"https:\/\/www.europesays.com\/es\/170781\/"},"modified":"2025-10-12T01:49:09","modified_gmt":"2025-10-12T01:49:09","slug":"billie-eilish-sufre-una-agresion-por-parte-de-un-fan-durante-su-concierto-en-miami","status":"publish","type":"post","link":"https:\/\/www.europesays.com\/es\/170781\/","title":{"rendered":"Billie Eilish sufre una agresi\u00f3n por parte de un fan durante su concierto en Miami"},"content":{"rendered":"<p class=\"c-paragraph\">La cantante Billie Eilish ha sido <b>agredida por un fan<\/b> durante un concierto en Miami, en plena gira de Hit Me Hard and Soft: The Tour. El suceso ocurri\u00f3 el pasado jueves, durante el primero de los conciertos que la artista estadounidense ha dado en el estadio Kaseya Center de Miami.<\/p>\n<p class=\"c-paragraph\">Tal y como muestran los v\u00eddeos difundidos en redes sociales, Eilish, de 23 a\u00f1os, se encontraba <b>saludando al p\u00fablico<\/b> que asist\u00eda en primera fila al espect\u00e1culo, cuando un fan <b>tir\u00f3 de ella con fuerza hacia la valla<\/b> de protecci\u00f3n que les separaba. Esto provoc\u00f3 la ca\u00edda al suelo de la cantante y el susto de quienes estaban filmando con sus tel\u00e9fonos m\u00f3viles toda la secuencia.<\/p>\n<p class=\"c-paragraph\">Apenas unos segundos despu\u00e9s, la int\u00e9rprete de Bad Guy logr\u00f3 <b>incorporarse<\/b>, y con ayuda de su equipo de seguridad, continu\u00f3 adelante para seguir con el concierto.<\/p>\n<p class=\"c-paragraph\">Las im\u00e1genes de lo ocurrido permitieron <b>identificar al agresor<\/b>, que fue detenido por la Polic\u00eda de Miami y se lo llevaron del lugar. Antes de ser arrestado, uno de los v\u00eddeos muestra a una fan con una pa\u00f1oleta roja en la cabeza enfrent\u00e1ndose a \u00e9l por su comportamiento, cuyas causas se desconocen.<\/p>\n<p class=\"c-paragraph\">Andres Rodriguez, un fan de 26 a\u00f1os, se encontraba en primera fila y a punto de saludar a Billie Eilish cuando vio a un hombre que desde la segunda fila <b>se estir\u00f3 para agarrar a la artista<\/b> y lanzarla hacia la valla. \u00abVi eso y mi primera reacci\u00f3n fue: &#8216;\u00bfCu\u00e1l era su plan? \u00bfQu\u00e9 intentaba hacer?'\u00bb, ha declarado a la cadena estadounidense <a href=\"https:\/\/www.nbcnews.com\/news\/us-news\/billie-eilish-violently-yanked-audience-member-miami-concert-rcna236869\" rel=\"nofollow noreferrer noopener\" title=\"Ver noticia en la cadena NBC News\" target=\"_blank\">NBC News<\/a>.<\/p>\n<p class=\"c-paragraph\">Seg\u00fan este testigo, el hombre lleg\u00f3 justo antes de que Eilish subiera al escenario, y, sin que nadie le dijera nada, les dijo a dos adolescentes que estaban cerca de \u00e9l que no se preocuparan porque no las iba a acosar. Tal y como se ve en las im\u00e1genes difundidas en redes, un guardia de seguridad que se encontraba cerca de Eilish <b>pudo apartar inmediatamente al agresor<\/b>, que sali\u00f3 lanzado hacia atr\u00e1s antes de ser identificado y arrestado.<\/p>\n","protected":false},"excerpt":{"rendered":"La cantante Billie Eilish ha sido agredida por un fan durante un concierto en Miami, en plena gira&hellip;\n","protected":false},"author":2,"featured_media":170782,"comment_status":"","ping_status":"","sticky":false,"template":"","format":"standard","meta":{"footnotes":""},"categories":[91],"tags":[49581,2339,146,147,25,24,6584,23],"class_list":{"0":"post-170781","1":"post","2":"type-post","3":"status-publish","4":"format-standard","5":"has-post-thumbnail","7":"category-entretenimiento","8":"tag-billie-eilish","9":"tag-concierto","10":"tag-entertainment","11":"tag-entretenimiento","12":"tag-es","13":"tag-espana","14":"tag-miami","15":"tag-spain"},"share_on_mastodon":{"url":"","error":""},"_links":{"self":[{"href":"https:\/\/www.europesays.com\/es\/wp-json\/wp\/v2\/posts\/170781","targetHints":{"allow":["GET"]}}],"collection":[{"href":"https:\/\/www.europesays.com\/es\/wp-json\/wp\/v2\/posts"}],"about":[{"href":"https:\/\/www.europesays.com\/es\/wp-json\/wp\/v2\/types\/post"}],"author":[{"embeddable":true,"href":"https:\/\/www.europesays.com\/es\/wp-json\/wp\/v2\/users\/2"}],"replies":[{"embeddable":true,"href":"https:\/\/www.europesays.com\/es\/wp-json\/wp\/v2\/comments?post=170781"}],"version-history":[{"count":0,"href":"https:\/\/www.europesays.com\/es\/wp-json\/wp\/v2\/posts\/170781\/revisions"}],"wp:featuredmedia":[{"embeddable":true,"href":"https:\/\/www.europesays.com\/es\/wp-json\/wp\/v2\/media\/170782"}],"wp:attachment":[{"href":"https:\/\/www.europesays.com\/es\/wp-json\/wp\/v2\/media?parent=170781"}],"wp:term":[{"taxonomy":"category","embeddable":true,"href":"https:\/\/www.europesays.com\/es\/wp-json\/wp\/v2\/categories?post=170781"},{"taxonomy":"post_tag","embeddable":true,"href":"https:\/\/www.europesays.com\/es\/wp-json\/wp\/v2\/tags?post=170781"}],"curies":[{"name":"wp","href":"https:\/\/api.w.org\/{rel}","templated":true}]}}