{"id":170814,"date":"2025-10-12T02:16:13","date_gmt":"2025-10-12T02:16:13","guid":{"rendered":"https:\/\/www.europesays.com\/es\/170814\/"},"modified":"2025-10-12T02:16:13","modified_gmt":"2025-10-12T02:16:13","slug":"asi-sera-el-desfile-del-12-o-marcado-por-la-ausencia-de-la-patrulla-aguila-y-los-20-anos-de-la-ume","status":"publish","type":"post","link":"https:\/\/www.europesays.com\/es\/170814\/","title":{"rendered":"As\u00ed ser\u00e1 el desfile del 12-O, marcado por la ausencia de la Patrulla \u00c1guila y los 20 a\u00f1os de la UME"},"content":{"rendered":"<p id=\"paragraph_1\">Todo preparado para acoger este domingo 12 de octubre el tradicional <strong>Desfile de la Fiesta Nacional. M\u00e1s de 3.850 efectivos \u20143.323 hombres y 524 mujeres\u2014<\/strong> integrantes de las Fuerzas Armadas, las Fuerzas y Cuerpos de Seguridad del Estado y otras instituciones recorrer\u00e1n las calles madrile\u00f1as.<\/p>\n<p class=\"paragraph\" id=\"paragraph_2\">Arrancar\u00e1 <strong>sobre las 11:00 horas en<\/strong>\u00a0el <strong>Paseo de la Castellana, finalizando en la Plaza de C\u00e1novas del Castillo<\/strong>, frente a la Fuente de Neptuno, donde se ubicar\u00e1 la tribuna de autoridades.<\/p>\n<p class=\"paragraph\" id=\"paragraph_3\">En ella estar\u00e1n presentes los Reyes Felipe VI y Letizia, acompa\u00f1ados por la Princesa de Asturias, Leonor de Borb\u00f3n, que este a\u00f1o asistir\u00e1 con el uniforme de gala del Ej\u00e9rcito del Aire y del Espacio, tras su ingreso en la Academia General del Aire.<\/p>\n<p class=\"paragraph\" id=\"paragraph_4\">El monarca recibir\u00e1 los honores militares y pasar\u00e1 revista al Batall\u00f3n de Honores, antes de saludar a los representantes institucionales. Uno de los momentos m\u00e1s esperados ser\u00e1 el <strong>salto paracaidista<\/strong>, que dar\u00e1 paso a la izada de la bandera nacional en homenaje a los ca\u00eddos.<\/p>\n<p class=\"paragraph\" id=\"paragraph_5\">Uno de los momentos m\u00e1s esperados del desfile de la Fiesta Nacional tendr\u00e1 lugar en el cielo, y este a\u00f1o, el protagonismo recaer\u00e1 en la <strong>Formaci\u00f3n &#8216;Mirlo&#8217;<\/strong>, una novedosa unidad compuesta por <strong>cinco aviones Pilatus PC-21<\/strong>, las modernas aeronaves turboh\u00e9lice utilizadas en la formaci\u00f3n de los futuros pilotos de la <strong>Academia General del Aire<\/strong>, con sede en <strong>San Javier (Murcia)<\/strong>.<\/p>\n<p><img loading=\"lazy\" decoding=\"async\" alt=\"El \u00faltimo vuelo de la Patrulla \u00c1guila sobre el Mar Menor\" height=\"180\" src=\"https:\/\/www.europesays.com\/es\/wp-content\/uploads\/2025\/10\/1003743805521_256485201_320x180.jpg\" width=\"320\" data-lazy-status=\"processed\" data-lazy-info=\"remove loading item 1\"\/><\/p>\n<p class=\"paragraph\" id=\"paragraph_6\">Esta escuadrilla <strong>asumir\u00e1 por primera vez el honor de dibujar en dos ocasiones la bandera espa\u00f1ola sobre los cielos de Madrid<\/strong>: la primera, tras el homenaje a los ca\u00eddos, y la segunda, al cerrar el desfile a\u00e9reo, tomando as\u00ed el relevo de la emblem\u00e1tica <strong>Patrulla \u00c1guila<\/strong>.<\/p>\n<p class=\"paragraph\" id=\"paragraph_7\">El ic\u00f3nico grupo acrob\u00e1tico espa\u00f1ol ya no participar\u00e1 de la Fiesta Nacional despu\u00e9s de que, el pasado junio, el equipo se <a href=\"https:\/\/www.elespanol.com\/omicrono\/defensa-y-espacio\/20250615\/adios-patrulla-aguila-ejercito-aire-despide-formacion-aerea-acrobatica-iconica-espana\/1003743805081_0.html?utm_cmp_rs=linksinline\" rel=\"nofollow noopener\" target=\"_blank\">despidiera del p\u00fablico tras 40 a\u00f1os de exhibiciones a\u00e9reas<\/a>.<\/p>\n<p class=\"paragraph\" id=\"paragraph_8\">En total,<strong> <a href=\"https:\/\/www.elespanol.com\/observatorio-defensa\/20251007\/cazas-eurofighter-helicopteros-tigre-a330-mrtt-gran-ausencia-aviones-sobrevolaran-madrid\/1003743956408_0.html?utm_cmp_rs=linksinline\" rel=\"nofollow noopener\" target=\"_blank\">ser\u00e1n 74 las aeronaves que sobrevuelen la capital espa\u00f1ola este domingo<\/a><\/strong><a href=\"https:\/\/www.elespanol.com\/observatorio-defensa\/20251007\/cazas-eurofighter-helicopteros-tigre-a330-mrtt-gran-ausencia-aviones-sobrevolaran-madrid\/1003743956408_0.html?utm_cmp_rs=linksinline\" rel=\"nofollow noopener\" target=\"_blank\">:<\/a> 45 aviones y 29 helic\u00f3pteros. El desfile estar\u00e1 constituido por 18 formaciones, lideradas por dos cazas F-18 Hornet, pertenecientes al Ala 12, seguidos por seis Eurofighter Typhoon de las Alas 11 y 14.<\/p>\n<p class=\"paragraph\" id=\"paragraph_9\">Posteriormente sobrevolar\u00e1n otros seis F-18, cuatro Harrier AV-8B+ de la Flotilla de Aeronaves de la Armada y cuatro F-5M de ense\u00f1anza avanzada del Ala 23.<\/p>\n<p class=\"paragraph\" id=\"paragraph_10\"><strong>El segmento de reabastecimiento incluir\u00e1 un Airbus A330 MRTT junto a un Eurofighter <\/strong>y un F-18.<\/p>\n<p><img decoding=\"async\" alt=\"A330 MRTT de la OTAN durante un desfile a\u00e9reo\" data-imgm=\"true\" height=\"180\" loading=\"lazy\"  src=\"https:\/\/www.europesays.com\/es\/wp-content\/uploads\/2025\/10\/1003743820563_256773161_1024x576.jpg\"  width=\"320\"\/><\/p>\n<p>                                                            A330 MRTT de la OTAN durante un desfile a\u00e9reo<\/p>\n<p>                    Airbus D&amp;S<\/p>\n<p class=\"paragraph\" id=\"paragraph_11\">En transporte, participar\u00e1n dos A400M del Ala 31 y un Airbus A310, dos Falcon 900 y un Cessna Citation V del Centro Cartogr\u00e1fico y Fotogr\u00e1fico.<\/p>\n<p class=\"paragraph\" id=\"paragraph_12\">El 43 Grupo de Fuerzas A\u00e9reas intervendr\u00e1 con tres aviones Canadair CL-215T\/415 de lucha contra incendios, seguidos de aeronaves de vigilancia y rescate mar\u00edtimo CN235 de la Guardia Civil y del Ej\u00e9rcito del Aire.<\/p>\n<p class=\"paragraph\" id=\"paragraph_13\">Tambi\u00e9n participar\u00e1n aviones de transporte t\u00e1ctico C295 y CN235 de Matac\u00e1n y del Ala 35.<\/p>\n<p class=\"paragraph\" id=\"paragraph_14\">El <strong>componente de helic\u00f3pteros<\/strong> incluir\u00e1 unidades del Ej\u00e9rcito del Aire, Tierra y la Armada, con modelos NH-90, Chinook, Tigre, Cougar, H135 y Seahawk, adem\u00e1s de aparatos de la Guardia Civil, la Polic\u00eda Nacional, Vigilancia Aduanera y Salvamento Mar\u00edtimo.<\/p>\n<p>Amplio desfile terrestre<\/p>\n<p>El desfile terrestre contar\u00e1 con 123 veh\u00edculos y 39 motocicletas. Tambi\u00e9n desfilar\u00e1n 229 caballos y seis perros. Compuesto por seis agrupaciones, mostrar\u00e1 la diversidad operativa de las Fuerzas Armadas.<\/p>\n<p><strong>Lo abrir\u00e1, como es habitual, la Guardia Real,<\/strong> con su Escuadra de Gastadores, la Unidad de M\u00fasica y las compa\u00f1\u00edas Monteros de Espinosa, Mar Oc\u00e9ano y Plus Ultra, que representan los tres ej\u00e9rcitos.<\/p>\n<p>Le seguir\u00e1 la agrupaci\u00f3n de centros de ense\u00f1anza, integrada por cadetes de la Academia General Militar, la Escuela Naval, la Academia General del Aire, la Academia de Guardias de la Guardia Civil y la Academia Central de la Defensa.<\/p>\n<p>La tercera agrupaci\u00f3n, interej\u00e9rcitos, reunir\u00e1 unidades de la Armada, el Ej\u00e9rcito del Aire y la Unidad Militar de Emergencias (UME).<\/p>\n<p>El bloque principal corresponder\u00e1 al <strong>Ej\u00e9rcito de Tierra,<\/strong> con efectivos del Regimiento Inmemorial del Rey n\u00ba 1, la Brigada Paracaidista (Bripac), el Regimiento de Artiller\u00eda Lanzacohetes n\u00ba 63, el Mando de Ingenieros, las Tropas de Monta\u00f1a y la Artiller\u00eda Antia\u00e9rea.<\/p>\n<p>A ellos se sumar\u00e1 <strong>una representaci\u00f3n del Tercio Gran Capit\u00e1n 1.\u00ba de la Legi\u00f3n,<\/strong> que desfilar\u00e1n al ritmo de 160 pasos por minuto, acompa\u00f1ado por su emblem\u00e1tica mascota, el borrego Baraka.<\/p>\n<p><img decoding=\"async\" alt=\"Los Regulares de Ceuta.\" data-imgm=\"true\" height=\"180\" loading=\"lazy\"  src=\"https:\/\/www.europesays.com\/es\/wp-content\/uploads\/2025\/10\/1003743964168_259296130_1024x576.jpg\"  width=\"320\"\/><\/p>\n<p>Junto a ellos participar\u00e1 tambi\u00e9n el <strong>Grupo de Regulares de Ceuta n.\u00ba 54<\/strong>, cuyos miembros desfilar\u00e1n luciendo con orgullo su caracter\u00edstico uniforme y acompa\u00f1ando su paso de 90 pasos por minuto, acompa\u00f1ados por el inconfundible sonido de sus tambores y cornetas nuba.<\/p>\n<p>El desfile a pie se cerrar\u00e1 con la agrupaci\u00f3n montada, integrada por el Escuadr\u00f3n de Sables de la <strong>Guardia Civil,<\/strong> el Escuadr\u00f3n a Caballo del Cuerpo Nacional de Polic\u00eda y la Bater\u00eda Real de la Guardia Real, que portar\u00e1 piezas hist\u00f3ricas de artiller\u00eda de campa\u00f1a.<\/p>\n<p>Veh\u00edculos de combate y unidades motorizadas<\/p>\n<p>El desfile motorizado mostrar\u00e1 el equipamiento m\u00e1s avanzado de las Fuerzas Armadas. El Ej\u00e9rcito de Tierra desplegar\u00e1 un carro de combate Leopardo 2E, veh\u00edculos de combate Centauro, veh\u00edculos Uro Vamtac ST5, obuses 155\/52 SIAC remolcados y radares de contrabater\u00eda Arthur, as\u00ed como varios camiones pesados.<\/p>\n<p>La Armada y el Ej\u00e9rcito del Aire presentar\u00e1n versiones especializadas del Vamtac, algunos de ellos con morteros embarcados, equipos de defensa antia\u00e9rea Mistral, sistemas de guerra electr\u00f3nica y veh\u00edculos log\u00edsticos.<\/p>\n<p>A continuaci\u00f3n desfilar\u00e1n las columnas motorizadas de la Guardia Civil, la Polic\u00eda Nacional, Vigilancia Aduanera, Protecci\u00f3n Civil, Salvamento Mar\u00edtimo y la AECID, que cerrar\u00e1n la parte terrestre mostrando la cooperaci\u00f3n civil-militar en materia de seguridad y emergencias.<\/p>\n<p>20 aniversario de la UME<\/p>\n<p class=\"paragraph\" id=\"paragraph_15\">Siempre aplaudida y bien recibida, la <strong>Unidad Militar de Emergencias (UME)<\/strong> contar\u00e1 este a\u00f1o con una presencia destacada en el desfile con dos compa\u00f1\u00edas, en lugar de la \u00fanica habitual, con motivo de la celebraci\u00f3n de su 20 aniversario. Participar\u00e1 con medios de emergencias NBQ, gr\u00faas, drones terrestres, maquinaria pesada y unidades de apoyo a cat\u00e1strofes.<\/p>\n<p class=\"paragraph\" id=\"paragraph_16\">Tambi\u00e9n ser\u00e1 un merecido reconocimiento a su excelente trabajo tras el paso de la DANA en la Comunidad Valenciana y en la operaci\u00f3n de \u2018Lucha contra los Incendios Forestales\u2019. <\/p>\n<p class=\"paragraph\" id=\"paragraph_17\">Por ello, un operativo durante el cual el 43 Grupo del Ej\u00e9rcito del Aire y del Espacio super\u00f3 durante el mes de agosto las 200.000 horas de vuelo con el despliegue de toda su flota, parte de la cual participar\u00e1 en el desfile a\u00e9reo.<\/p>\n<p class=\"paragraph\" id=\"paragraph_18\">Desde su creaci\u00f3n, el 7 de octubre de 2005, la UME ha respondido eficazmente cada vez que Espa\u00f1a u otros pa\u00edses han enfrentado situaciones de grave riesgo, cat\u00e1strofes o emergencias que amenazaban vidas y hogares. <\/p>\n<p class=\"paragraph\" id=\"paragraph_19\">Ha <a href=\"https:\/\/www.elespanol.com\/observatorio-defensa\/20251007\/ume-cumple-veinte-anos-auxiliando-espanoles-situaciones-grave-riesgo-catastrofes-emergencias\/1003743956792_0.html?utm_cmp_rs=linksinline\" rel=\"nofollow noopener\" target=\"_blank\"><strong>intervenido <\/strong><\/a><strong><a href=\"https:\/\/www.elespanol.com\/observatorio-defensa\/20251007\/ume-cumple-veinte-anos-auxiliando-espanoles-situaciones-grave-riesgo-catastrofes-emergencias\/1003743956792_0.html?utm_cmp_rs=linksinline\" rel=\"nofollow noopener\" target=\"_blank\">en 781 emergencias a lo largo de todo el territorio nacional y en misiones internacionales<\/a>,<\/strong> la mayor\u00eda de ellas \u2014559\u2014 en la extinci\u00f3n de incendios forestales, seguidas de actuaciones en inundaciones y rescates (77) y tormentas invernales (45).<\/p>\n<p><strong>Clausura y homenaje final<\/strong><\/p>\n<p>El desfile concluir\u00e1 con el arriado de la bandera nacional y la despedida de los Reyes, que saludar\u00e1n a las autoridades militares y civiles desde la tribuna.<\/p>\n<p>El acto pondr\u00e1 el broche final a la Fiesta Nacional de 2025, que este a\u00f1o vuelve a poner el foco en la cooperaci\u00f3n aliada, la modernizaci\u00f3n de las Fuerzas Armadas y el compromiso de Espa\u00f1a con la seguridad internacional.<\/p>\n","protected":false},"excerpt":{"rendered":"Todo preparado para acoger este domingo 12 de octubre el tradicional Desfile de la Fiesta Nacional. M\u00e1s de&hellip;\n","protected":false},"author":2,"featured_media":170815,"comment_status":"","ping_status":"","sticky":false,"template":"","format":"standard","meta":{"footnotes":""},"categories":[8],"tags":[49587,17,18,49589,7938,25,24,13,14,2589,11,19,20,9,10,15,16,14969,23,12,21,22,49588],"class_list":{"0":"post-170814","1":"post","2":"type-post","3":"status-publish","4":"format-standard","5":"has-post-thumbnail","7":"category-espana","8":"tag-armada-espanola","9":"tag-breaking-news","10":"tag-breakingnews","11":"tag-dia-de-las-fuerzas-armadas","12":"tag-ejercito-del-aire","13":"tag-es","14":"tag-espana","15":"tag-featured-news","16":"tag-featurednews","17":"tag-fuerzas-armadas","18":"tag-headlines","19":"tag-latest-news","20":"tag-latestnews","21":"tag-news","22":"tag-noticias","23":"tag-noticias-destacadas","24":"tag-noticiasdestacadas","25":"tag-observatorio-de-la-defensa","26":"tag-spain","27":"tag-titulares","28":"tag-ultimas-noticias","29":"tag-ultimasnoticias","30":"tag-ume-unidad-militar-de-emergencias"},"share_on_mastodon":{"url":"","error":""},"_links":{"self":[{"href":"https:\/\/www.europesays.com\/es\/wp-json\/wp\/v2\/posts\/170814","targetHints":{"allow":["GET"]}}],"collection":[{"href":"https:\/\/www.europesays.com\/es\/wp-json\/wp\/v2\/posts"}],"about":[{"href":"https:\/\/www.europesays.com\/es\/wp-json\/wp\/v2\/types\/post"}],"author":[{"embeddable":true,"href":"https:\/\/www.europesays.com\/es\/wp-json\/wp\/v2\/users\/2"}],"replies":[{"embeddable":true,"href":"https:\/\/www.europesays.com\/es\/wp-json\/wp\/v2\/comments?post=170814"}],"version-history":[{"count":0,"href":"https:\/\/www.europesays.com\/es\/wp-json\/wp\/v2\/posts\/170814\/revisions"}],"wp:featuredmedia":[{"embeddable":true,"href":"https:\/\/www.europesays.com\/es\/wp-json\/wp\/v2\/media\/170815"}],"wp:attachment":[{"href":"https:\/\/www.europesays.com\/es\/wp-json\/wp\/v2\/media?parent=170814"}],"wp:term":[{"taxonomy":"category","embeddable":true,"href":"https:\/\/www.europesays.com\/es\/wp-json\/wp\/v2\/categories?post=170814"},{"taxonomy":"post_tag","embeddable":true,"href":"https:\/\/www.europesays.com\/es\/wp-json\/wp\/v2\/tags?post=170814"}],"curies":[{"name":"wp","href":"https:\/\/api.w.org\/{rel}","templated":true}]}}