{"id":170822,"date":"2025-10-12T02:25:08","date_gmt":"2025-10-12T02:25:08","guid":{"rendered":"https:\/\/www.europesays.com\/es\/170822\/"},"modified":"2025-10-12T02:25:08","modified_gmt":"2025-10-12T02:25:08","slug":"ibon-navarro-ellos-han-sido-mucho-mejores-en-la-primera-parte-y-nosotros-en-la-segunda","status":"publish","type":"post","link":"https:\/\/www.europesays.com\/es\/170822\/","title":{"rendered":"Ibon Navarro: \u00abEllos han sido mucho mejores en la primera parte, y nosotros, en la segunda\u00bb"},"content":{"rendered":"<p>En su valoraci\u00f3n del partido, Ibon Navarro diferenci\u00f3 la primera y la segunda parte, que se decantaron primero para el Gran Canaria y despu\u00e9s para  &#8230; el Unicaja, y dio algunas de sus claves de la victoria: \u00abPoco que decir. Ha habido dos partes muy diferenciadas. Una primera en la que Gran Canaria ha tenido muy buena energ\u00eda y han sido muy f\u00edsicos. A nosotros nos costaba todo. En la segunda parte hemos entrado con otra energ\u00eda. Los primeros cuatro o cinco minutos han respondido bien, pero nosotros empezamos a jugar con muchos &#8216;grandes&#8217; y ah\u00ed creo que conseguimos confundirles un poco. Nos metemos en el partido con el acierto exterior de Tillie. Su porcentaje de tiros libres ha sido m\u00e1s bajo de lo normal. Ha sido muy complicado para nosotros y hemos aprendido mucho en la primera parte\u00bb.<\/p>\n<p class=\"v-p\">Asegur\u00f3, entre risas, que no echa broncas cuando las cosas no salen bien. Que hace a\u00f1os que no toma ese &#8216;modus operandi&#8217;: \u00abHace mucho que no hago estos tipos de broncas. Hay una energ\u00eda de un equipo y otra de otro. No somos capaces de jugar a absolutamente nada y atr\u00e1s no est\u00e1bamos a su nivel. Si cambi\u00e1bamos eso \u00edbamos a tener alguna opci\u00f3n, si no, ninguna. Lo han cambiado y hemos ganado. Han puesto el list\u00f3n f\u00edsico alto\u00bb.<\/p>\n<p class=\"v-p\">M\u00e1s all\u00e1, apunt\u00f3 a que el primer partido de la temporada en casa es siempre especial, sobre todo para aquellos que es su primera vez: \u00abEse punto, ese primer partido en casa, te da un poco de nervios, sobre todo para los nuevos. Eso nos pas\u00f3 a nosotros en el pasado\u00bb. Al final, triunfo cajista de mucho valor y final feliz, que levant\u00f3 en una segunda parte prodigiosa una diferencia negativa de catorce puntos al descanso.<\/p>\n","protected":false},"excerpt":{"rendered":"En su valoraci\u00f3n del partido, Ibon Navarro diferenci\u00f3 la primera y la segunda parte, que se decantaron primero&hellip;\n","protected":false},"author":2,"featured_media":170823,"comment_status":"","ping_status":"","sticky":false,"template":"","format":"standard","meta":{"footnotes":""},"categories":[269],"tags":[299,298,168,25,24,27856,804,3403,863,1078,3745,23,167],"class_list":{"0":"post-170822","1":"post","2":"type-post","3":"status-publish","4":"format-standard","5":"has-post-thumbnail","7":"category-baloncesto","8":"tag-baloncesto","9":"tag-basketball","10":"tag-deportes","11":"tag-es","12":"tag-espana","13":"tag-ibon","14":"tag-mejores","15":"tag-navarro","16":"tag-parte","17":"tag-primera","18":"tag-segunda","19":"tag-spain","20":"tag-sports"},"share_on_mastodon":{"url":"","error":""},"_links":{"self":[{"href":"https:\/\/www.europesays.com\/es\/wp-json\/wp\/v2\/posts\/170822","targetHints":{"allow":["GET"]}}],"collection":[{"href":"https:\/\/www.europesays.com\/es\/wp-json\/wp\/v2\/posts"}],"about":[{"href":"https:\/\/www.europesays.com\/es\/wp-json\/wp\/v2\/types\/post"}],"author":[{"embeddable":true,"href":"https:\/\/www.europesays.com\/es\/wp-json\/wp\/v2\/users\/2"}],"replies":[{"embeddable":true,"href":"https:\/\/www.europesays.com\/es\/wp-json\/wp\/v2\/comments?post=170822"}],"version-history":[{"count":0,"href":"https:\/\/www.europesays.com\/es\/wp-json\/wp\/v2\/posts\/170822\/revisions"}],"wp:featuredmedia":[{"embeddable":true,"href":"https:\/\/www.europesays.com\/es\/wp-json\/wp\/v2\/media\/170823"}],"wp:attachment":[{"href":"https:\/\/www.europesays.com\/es\/wp-json\/wp\/v2\/media?parent=170822"}],"wp:term":[{"taxonomy":"category","embeddable":true,"href":"https:\/\/www.europesays.com\/es\/wp-json\/wp\/v2\/categories?post=170822"},{"taxonomy":"post_tag","embeddable":true,"href":"https:\/\/www.europesays.com\/es\/wp-json\/wp\/v2\/tags?post=170822"}],"curies":[{"name":"wp","href":"https:\/\/api.w.org\/{rel}","templated":true}]}}