{"id":170826,"date":"2025-10-12T02:27:10","date_gmt":"2025-10-12T02:27:10","guid":{"rendered":"https:\/\/www.europesays.com\/es\/170826\/"},"modified":"2025-10-12T02:27:10","modified_gmt":"2025-10-12T02:27:10","slug":"alejandra-rubio-reivindica-el-derecho-de-carlo-de-olvidar-su-pasado","status":"publish","type":"post","link":"https:\/\/www.europesays.com\/es\/170826\/","title":{"rendered":"Alejandra Rubio reivindica el derecho de Carlo de olvidar su pasado"},"content":{"rendered":"<p data-journey-content=\"true\" data-node-id=\"3\" class=\"css-6wxqfj emevuu60\"><strong data-node-id=\"3.0\">Desde que Mar Flores public\u00f3 su pol\u00e9mico libro de memorias &#8216;Mar en calma&#8217; ha desatado una aut\u00e9ntica tormenta.<\/strong> <a href=\"https:\/\/www.diezminutos.es\/alejandra-rubio\/\" target=\"_blank\" data-vars-ga-outbound-link=\"https:\/\/www.diezminutos.es\/alejandra-rubio\/\" data-vars-ga-ux-element=\"Hyperlink\" data-vars-ga-call-to-action=\"Alejandra Rubio\" data-node-id=\"3.2\" data-mrf-link=\"https:\/\/www.diezminutos.es\/alejandra-rubio\/\" class=\"body-link css-177bzfx emevuu60\" rel=\"nofollow noopener\">Alejandra Rubio<\/a> y Carlo Costanzia han tenido que lidiar con viejos fantasmas del pasado. La modelo volv\u00eda a remover el parte m\u00e1s oscura de sus a\u00f1os junto al italiano, padre de su primog\u00e9nito, sacando a la luz, una vez m\u00e1s la dura infancia que tuvo el yerno de Terelu Campos. Como no pod\u00eda ser de otra manera, cansado de que todo el mundo cuente su historia. Carlo se sent\u00f3 en &#8216;De viernes&#8217; para dar su versi\u00f3n e intentar mostrarse imparcial ante los episodios de malos tratos que narra Mar Flores en su libro. Pero tambi\u00e9n en su entrevista incidi\u00f3 en  esa infancia \u00abcomplicada\u00bb que le toc\u00f3 vivir, vinculada al \u00abalcohol\u00bb y a las \u00abdrogas\u00bb.<\/p>\n<p data-journey-content=\"true\" data-node-id=\"6\" class=\"css-6wxqfj emevuu60\">Una historia que ya hab\u00eda contado. Por eso, <strong data-node-id=\"6.1\">Alejandra Rubio se ha mostrado cansada de que siempre se est\u00e9 hablando de su pasado.<\/strong> As\u00ed lo ha expresado este s\u00e1bado en &#8216;\u00a1Vaya fama!&#8217;, el programa en el que colabora. \u00abYa dio una entrevista. Lo cre\u00eda conveniente despu\u00e9s de todo lo que se estaba hablando de \u00e9l. <strong data-node-id=\"6.3\">Para m\u00ed tiene derecho a pasar pagina, que de &#8216;carpetazo&#8217; a su pasado<\/strong>\u00ab, comparte la hija de Terelu Campos. Alejandra pide que dejen a Carlo ser feliz, independientemente de las pol\u00e9micas de sus padres. <\/p>\n<p><img draggable=\"true\" alt=\"carlo costanzia y alejandra rubio de vacaciones en ibiza\" title=\"Carlo Costanzia y Alejandra Rubio de vacaciones\" loading=\"lazy\" width=\"2400\" height=\"1600\" decoding=\"async\" data-nimg=\"1\" style=\"color:transparent;width:100%;height:auto;\"   src=\"https:\/\/www.europesays.com\/es\/wp-content\/uploads\/2025\/07\/alejandra-rubio-carlo-costanzia-vacaciones-687f6af1b87ee.jpg\" class=\"css-0 e1g79fud0\"\/><\/p>\n<p>Agencia<\/p>\n<p>\u00bfEstuvo presente Mar Flores durante el paso de Carlo por la c\u00e1rcel? <\/p>\n<p data-journey-content=\"true\" data-node-id=\"10\" class=\"css-6wxqfj emevuu60\">Alejandra Rubio lo \u00fanico que pide es que dejen, de una vez por todas,<strong data-node-id=\"10.1\"> a su novio centrarse en su presente<\/strong>. Y es que, no solo se sac\u00f3 los episodios m\u00e1s duros de su infancia, sino que tambi\u00e9n se habl\u00f3 del tiempo que estuvo privado de su libertad. <\/p>\n<p data-journey-content=\"true\" data-node-id=\"14\" class=\"css-6wxqfj emevuu60\">Los colaboradores criticaron que su madre no fuese a visitarle a la c\u00e1rcel. Algo con lo que Carlo no estaba de acuerdo, pues comprend\u00eda que Mar Flores no fuese a visitarle debido a su fama. <strong data-node-id=\"14.1\">\u00abNunca tuve la sensaci\u00f3n de sentirme abandonado\u00bb,<\/strong> a\u00f1ad\u00eda.<\/p>\n<p data-journey-content=\"true\" data-node-id=\"16\" class=\"css-6wxqfj emevuu60\">\u00ab<strong data-node-id=\"16.1\">Ir a una c\u00e1rcel no es plato de buen gusto.<\/strong> Yo s\u00ed le he acompa\u00f1ado, s\u00ed he estado, pero esa fue mi decisi\u00f3n\u00bb, comenzaba explicando.<strong data-node-id=\"16.3\"> Alejandra adem\u00e1s ha dejado claro que Mar Flores estuvo para Carlo, \u00abde otras formas\u00bb.<\/strong>   <\/p>\n<p data-journey-content=\"true\" data-node-id=\"18\" class=\"css-6wxqfj emevuu60\">Finalmente, la colaboradora e influencer explicaba c\u00f3mo se encontraba Carlo tras la entrevista de ayer.  \u00ab\u00c9l est\u00e1 mas tranquilo, contento de lo que dijo y debe de estarlo porque lo ha hecho fenomenal dentro de que es una situaci\u00f3n dificil\u00edsima\u00bb, zanjaba la hija de Terelu. <\/p>\n<p><img src=\"https:\/\/www.europesays.com\/es\/wp-content\/uploads\/2025\/10\/1760236030_936_4104b2dc-9d92-4a2f-a41f-327dc6377620_1734436473.jpg\" alt=\"Headshot of Valentina Vera\" title=\"Headshot of Valentina Vera\" width=\"100%\" height=\"100%\" decoding=\"async\" loading=\"lazy\" class=\"css-o0wq4v ev8dhu53\"\/><\/p>\n<p>Valentina Vera es una periodista experta en cr\u00f3nica rosa, realidad, &#8216;reality&#8217;, moda y belleza. Siempre al d\u00eda de las \u00faltimas novedades de los famosos nacionales e internacionales y de las casas reales europeas. Su trabajo como redactora le permite ser testigo de las bodas de los personajes m\u00e1s relevantes del panorama social; de alfombras rojas; de funerales de Estado o de acontecimientos hist\u00f3ricos: como la proclamaci\u00f3n de Felipe VI como Rey o la coronaci\u00f3n de Carlos III de Inglaterra.<br \/>\nLicenciada en Periodismo por la Universidad Complutense de Madrid. Comenz\u00f3 su andadura en el mundo del coraz\u00f3n en el a\u00f1o 2013 en la revista \u00a1Hola! Y desde 2014 forma parte del grupo Hearst, donde ha ido adquiriendo experiencia tanto en la edici\u00f3n impresa como en el formato web de la revista Diez Minutos.<br \/>\nEl medio digital le apasiona por la inmediatez en la que sus lectores pueden ser testigos de lo que sucede en la vida de los famosos desde cualquier parte del mundo. Instagram, Twitter y TikTok se han convertido en una herramienta m\u00e1s de informaci\u00f3n a la hora de crear, gestionar y organizar el contenido, ya que le permiten conocer la \u00faltima hora de lo que sucede en la vida de los famosos.<br \/>\nEn constante formaci\u00f3n de estrategias y t\u00e9cnicas de optimizaci\u00f3n digital para su trabajo como redactora, en la actualidad tambi\u00e9n se encuentra estudiando Diet\u00e9tica. Llevar un estilo de vida saludable es algo que le apasiona y cree que la nutrici\u00f3n es una parte fundamental.<\/p>\n","protected":false},"excerpt":{"rendered":"Desde que Mar Flores public\u00f3 su pol\u00e9mico libro de memorias &#8216;Mar en calma&#8217; ha desatado una aut\u00e9ntica tormenta.&hellip;\n","protected":false},"author":2,"featured_media":170827,"comment_status":"","ping_status":"","sticky":false,"template":"","format":"standard","meta":{"footnotes":""},"categories":[174],"tags":[255,253,146,147,25,24,256,23],"class_list":{"0":"post-170826","1":"post","2":"type-post","3":"status-publish","4":"format-standard","5":"has-post-thumbnail","7":"category-famosos","8":"tag-celebrities","9":"tag-discover","10":"tag-entertainment","11":"tag-entretenimiento","12":"tag-es","13":"tag-espana","14":"tag-famosos","15":"tag-spain"},"share_on_mastodon":{"url":"","error":""},"_links":{"self":[{"href":"https:\/\/www.europesays.com\/es\/wp-json\/wp\/v2\/posts\/170826","targetHints":{"allow":["GET"]}}],"collection":[{"href":"https:\/\/www.europesays.com\/es\/wp-json\/wp\/v2\/posts"}],"about":[{"href":"https:\/\/www.europesays.com\/es\/wp-json\/wp\/v2\/types\/post"}],"author":[{"embeddable":true,"href":"https:\/\/www.europesays.com\/es\/wp-json\/wp\/v2\/users\/2"}],"replies":[{"embeddable":true,"href":"https:\/\/www.europesays.com\/es\/wp-json\/wp\/v2\/comments?post=170826"}],"version-history":[{"count":0,"href":"https:\/\/www.europesays.com\/es\/wp-json\/wp\/v2\/posts\/170826\/revisions"}],"wp:featuredmedia":[{"embeddable":true,"href":"https:\/\/www.europesays.com\/es\/wp-json\/wp\/v2\/media\/170827"}],"wp:attachment":[{"href":"https:\/\/www.europesays.com\/es\/wp-json\/wp\/v2\/media?parent=170826"}],"wp:term":[{"taxonomy":"category","embeddable":true,"href":"https:\/\/www.europesays.com\/es\/wp-json\/wp\/v2\/categories?post=170826"},{"taxonomy":"post_tag","embeddable":true,"href":"https:\/\/www.europesays.com\/es\/wp-json\/wp\/v2\/tags?post=170826"}],"curies":[{"name":"wp","href":"https:\/\/api.w.org\/{rel}","templated":true}]}}