{"id":170828,"date":"2025-10-12T02:30:25","date_gmt":"2025-10-12T02:30:25","guid":{"rendered":"https:\/\/www.europesays.com\/es\/170828\/"},"modified":"2025-10-12T02:30:25","modified_gmt":"2025-10-12T02:30:25","slug":"risto-mejide-got-talent-pierde-a-un-nuevo-miembro-de-su-jurado-mi-ultimo-baile","status":"publish","type":"post","link":"https:\/\/www.europesays.com\/es\/170828\/","title":{"rendered":"RISTO MEJIDE | Got Talent pierde a un nuevo miembro de su jurado: \u00abMi \u00faltimo baile\u00bb"},"content":{"rendered":"<p class=\"ft-text\">\u00abLast dance\u00bb. Sin sentimentalismos y por sorpresa, <a class=\"ft-link ft-link--decoration\" href=\"https:\/\/www.lne.es\/tv-espectaculos\/2025\/10\/06\/risto-mejide-rie-koldo-garcia-bloqueado-abalos-122345586.html\" rel=\"nofollow noopener\" target=\"_blank\">Risto Mejide<\/a> ha anunciado este jueves que deja &#8216;Got Talent&#8217;: \u00abEstos d\u00edas me encuentro grabando mi \u00faltimo baile como jurado de talent shows. Habr\u00e1n sido 20 a\u00f1os valorando m\u00e1s de 4500 actuaciones en pr\u00e1cticamente todos los formatos que se han emitido en nuestro pa\u00eds. Est\u00e1 siendo muy pero que muy emotivo. Y <strong>me alegro que la despedida sea en @gottalenttv<\/strong>, el mejor programa de talentos de la televisi\u00f3n\u00bb compart\u00eda a trav\u00e9s de su cuenta de Instagram.<\/p>\n<p class=\"ft-text\">Despu\u00e9s de dos d\u00e9cadas en las que <strong>se ha ganado a pulso su fama de juez implacable, ir\u00f3nico, exigente y sobre todo sincero<\/strong>, como parte del jurado de algunos de los programas m\u00e1s ic\u00f3nicos de nuestro pa\u00eds, como &#8216;Operaci\u00f3n Triunfo&#8217;, &#8216;T\u00fa s\u00ed que vales&#8217;, &#8216;Factor X&#8217;, &#8216;Top Star&#8217;, y &#8216;Got Talent&#8217; desde 2017, el publicista ha tomado la decisi\u00f3n de cerrar una de las etapas m\u00e1s importantes de su vida, y dejar a un lado la faceta que le lanz\u00f3 al estrellato medi\u00e1tico.<\/p>\n<p class=\"ft-text\">Una marcha que se produce tras el adi\u00f3s de Edurne Gonz\u00e1lez al talent, y el breve paso de solo una temporada de Tamara Falc\u00f3 por el mismo; en la pr\u00f3xima edici\u00f3n, que se est\u00e1 grabando precisamente ahora y que ver\u00e1 la luz pr\u00f3ximamente, Risto compartir\u00e1 sill\u00f3n con Paula Echevarr\u00eda (la m\u00e1s veterana de los miembros del jurado),<strong> Carlos Latre y Lorena Castell, y en el aire est\u00e1 a qui\u00e9n eligir\u00e1 Mediaset para llenar el enorme hueco <\/strong>que sin duda dejar\u00e1 el presentador, que a partir de ahora se centrar\u00e1 en &#8216;Todo es mentira&#8217; y &#8216;Viajando con Chester&#8217;.<\/p>\n<p class=\"ft-text\">Horas despu\u00e9s de anunciar su adi\u00f3s a &#8216;Got Talent&#8217;, Risto <strong>ha reaparecido en el concierto de Estrella Morente en el Teatro Rea<\/strong>l y ha revelado c\u00f3mo est\u00e1 tras esta decisi\u00f3n tan inesperada: \u00abPues me encuentro muy feliz. Creo que es una etapa que se cierra y que hay que dejar paso a los nuevos jurados tambi\u00e9n. Yo llevo casi 20 a\u00f1os ya haciendo jurado en Talent Shows, o sea que est\u00e1 bien dar paso a los nuevos\u00bb ha afirmado.<\/p>\n<p>Compa\u00f1eros<\/p>\n<p class=\"ft-text\">\u00bfHa recibido la<a class=\"ft-link ft-link--decoration\" href=\"https:\/\/www.lne.es\/tv-espectaculos\/2025\/01\/15\/risto-mejide-esconde-habla-futura-113411765.html\" rel=\"nofollow noopener\" target=\"_blank\"> llamada <\/a>de alguno de sus compa\u00f1eros<strong> tras hacer p\u00fablico que deja el programa? <\/strong>Como ha asegurado -dejando entrever que no ha hablado con ninguno-, \u00abno lo s\u00e9. No cojo el m\u00f3vil normalmente, yo solo recibo WhatsApp\u00bb.<\/p>\n","protected":false},"excerpt":{"rendered":"\u00abLast dance\u00bb. Sin sentimentalismos y por sorpresa, Risto Mejide ha anunciado este jueves que deja &#8216;Got Talent&#8217;: \u00abEstos&hellip;\n","protected":false},"author":2,"featured_media":170829,"comment_status":"","ping_status":"","sticky":false,"template":"","format":"standard","meta":{"footnotes":""},"categories":[171],"tags":[146,147,25,24,2793,49590,48635,14605,524,3457,36228,24468,23,12211,807,214],"class_list":{"0":"post-170828","1":"post","2":"type-post","3":"status-publish","4":"format-standard","5":"has-post-thumbnail","7":"category-tv","8":"tag-entertainment","9":"tag-entretenimiento","10":"tag-es","11":"tag-espana","12":"tag-espectaculos","13":"tag-got","14":"tag-got-talent","15":"tag-miembro","16":"tag-nuevo","17":"tag-pierde","18":"tag-risto","19":"tag-risto-mejide","20":"tag-spain","21":"tag-talent","22":"tag-television","23":"tag-tv"},"share_on_mastodon":{"url":"","error":""},"_links":{"self":[{"href":"https:\/\/www.europesays.com\/es\/wp-json\/wp\/v2\/posts\/170828","targetHints":{"allow":["GET"]}}],"collection":[{"href":"https:\/\/www.europesays.com\/es\/wp-json\/wp\/v2\/posts"}],"about":[{"href":"https:\/\/www.europesays.com\/es\/wp-json\/wp\/v2\/types\/post"}],"author":[{"embeddable":true,"href":"https:\/\/www.europesays.com\/es\/wp-json\/wp\/v2\/users\/2"}],"replies":[{"embeddable":true,"href":"https:\/\/www.europesays.com\/es\/wp-json\/wp\/v2\/comments?post=170828"}],"version-history":[{"count":0,"href":"https:\/\/www.europesays.com\/es\/wp-json\/wp\/v2\/posts\/170828\/revisions"}],"wp:featuredmedia":[{"embeddable":true,"href":"https:\/\/www.europesays.com\/es\/wp-json\/wp\/v2\/media\/170829"}],"wp:attachment":[{"href":"https:\/\/www.europesays.com\/es\/wp-json\/wp\/v2\/media?parent=170828"}],"wp:term":[{"taxonomy":"category","embeddable":true,"href":"https:\/\/www.europesays.com\/es\/wp-json\/wp\/v2\/categories?post=170828"},{"taxonomy":"post_tag","embeddable":true,"href":"https:\/\/www.europesays.com\/es\/wp-json\/wp\/v2\/tags?post=170828"}],"curies":[{"name":"wp","href":"https:\/\/api.w.org\/{rel}","templated":true}]}}