{"id":170877,"date":"2025-10-12T03:04:09","date_gmt":"2025-10-12T03:04:09","guid":{"rendered":"https:\/\/www.europesays.com\/es\/170877\/"},"modified":"2025-10-12T03:04:09","modified_gmt":"2025-10-12T03:04:09","slug":"una-lucha-sin-premio-para-anaitasuna","status":"publish","type":"post","link":"https:\/\/www.europesays.com\/es\/170877\/","title":{"rendered":"Una lucha sin premio para Anaitasuna"},"content":{"rendered":"<p>\n<strong>Anaitasuna no pudo frenar<\/strong> este s\u00e1bado <strong>a un Cisne lanzado<\/strong> en las \u00faltimas fechas y, en su visita a Pontevedra, cosech\u00f3 su tercera derrota consecutiva en Pontevedra ante un  El cuadro pamplon\u00e9s nunca se rindi\u00f3, pero<strong> el buen partido en defensa local y de Franzini en la porter\u00eda local resultaron determinantes<\/strong>.<\/p>\n<p>El duelo comenz\u00f3 a toda velocidad y con intercambio de goles sin respiro. No obstante, los primeros aciertos de Ander Mart\u00edn en la porter\u00eda dieron alas a sus compa\u00f1eros, que abrieron brecha en el marcador (2-5, m.5). As\u00ed, poco a poco, el partido se fue calmando con un Cisne que no encontraba el hueco en la din\u00e1mica defensa navarra. <strong>Virulegio<\/strong> rompi\u00f3 la sequ\u00eda de su equipo y cerr\u00f3 un parcial en contra que lleg\u00f3 a ser de 0-4.<\/p>\n<p>Anaitasuna jugaba c\u00f3modo, rompiendo con facilidad la zaga local. Bien para marcar o sacando 7 metros a favor. <strong>Redondo <\/strong>marc\u00f3 los dos de los que dispuso para poner el partido en un 6-9 alentador.<\/p>\n<p>La entrada en cancha de<strong> \u00c1lex L\u00f3pez <\/strong>desatasc\u00f3 el ataque del conjunto local, que empez\u00f3 a leer mejor la defensa que ten\u00eda enfrente. Un gol de Costas igual\u00f3 el partido (10-10)  mediada la primera mitad y oblig\u00f3 a Nacho Moyano a entregar la tarjeta verde en la mesa.<\/p>\n<p>El envite entr\u00f3 en una din\u00e1mica eminentemente defensiva. Los goles cayeron con cuentagotas en los siguientes minutos, hasta que <strong>Xoan Fern\u00e1ndez <\/strong>volvi\u00f3 a <strong>poner por delante al Cisne (13-12). <\/strong>Corr\u00eda el minuto 22 y el juego del equipo pamplon\u00e9s hab\u00eda sufrido un baj\u00f3n considerable.<\/p>\n<p>La salida de <strong>Glar\u00eda <\/strong>le dio ox\u00edgeno a su equipopero Anaitasuna top\u00f3 con de Franzini para irse al descanso con un 15-14 en contra.<\/p>\n<p>Tras el descanso, el elenco de <strong>Marcos Qui\u00f1os <\/strong>sali\u00f3 muy enchufado y, con un parcial de 3-0, puso el 18-15. La defensa cisne\u00edsta se hab\u00eda asentado, amparada en la intensidad de Calvo, ydificult\u00f3 mucho los ataques de Anaita (20-17).<\/p>\n<p>\n<strong>Los errores locales dieron aire a un conjunto navarro aferrado a Etxarte, Alin y Silva<\/strong> para poner  el choque en un pu\u00f1o (<strong>21-20<\/strong>). Pero entonces arriesg\u00f3 Anaitasuna, adelant\u00f3 la defensa Anaitasuna y los espacios que dej\u00f3 atr\u00e1s fueron aprovechados por el Cisne.<\/p>\n<p>Los minutos pasaban y el plantel navarro ya no ve\u00eda manera de romper la defensa rival, aunque sigui\u00f3 intent\u00e1ndolo. Pero, cuando la super\u00f3, choc\u00f3 con Franzini.<\/p>\n<p><strong>Cisne C. Los Sauces\t32<br \/>Anaitasuna\t29<br \/>Cisne Colegio Los Sauces:<\/strong> Franzini, Diego L\u00f3pez (2), Linhares (5), Costas (2, 1p), Virulegio (3), Ferreira (10, 7p) y Yago L\u00f3pez (1) -siete inicial-, Abi\u00e1n (ps), Calvo,  Xoan Fern\u00e1ndez (4), \u00c1lex L\u00f3pez (2), Santos (1) y Manu Lorenzo (2).<br \/><strong>Anaitasuna: <\/strong>Ander Mart\u00edn, Redondo (6, 4p), Etxarte (9), Kisselev (2), Beraza, Silva (3) y Ortiz (4) -siete inicial-, Cozmaciuc (ps), Elustondo, Elola, Malivojevic, Marchesino, Itoiz, Elizondo (1), Glar\u00eda (2) y Aguilera (2).<br \/><strong>\u00c1rbitros: <\/strong>L\u00f3pez Gonz\u00e1lez y Hern\u00e1ndez Lara (Madrid). Excluyeron a los  locales Calvo (2) y Xoan Fern\u00e1ndez y a los de Anaitasuna Elustondo, Malivojevic (2), Silva y Kisselev.<br \/><strong>Parciales:<\/strong> 2-4, 4-7, 6-9, 10-10, 13-12, 15-14; 18-15, 21-19, 24-22, 27-24, 28-26 y 32-29.<br \/><strong>Incidencias<\/strong>: encuentro de la quinta jornad de la Divisi\u00f3n de Honor Plata masculina disputado en el  Pavill\u00f3n Municipal dos Deportes. 380 espectadores.<\/p>\n","protected":false},"excerpt":{"rendered":"Anaitasuna no pudo frenar este s\u00e1bado a un Cisne lanzado en las \u00faltimas fechas y, en su visita&hellip;\n","protected":false},"author":2,"featured_media":170878,"comment_status":"","ping_status":"","sticky":false,"template":"","format":"standard","meta":{"footnotes":""},"categories":[278],"tags":[2617,376,168,25,24,375,591,843,23,167],"class_list":{"0":"post-170877","1":"post","2":"type-post","3":"status-publish","4":"format-standard","5":"has-post-thumbnail","7":"category-balonmano","8":"tag-anaitasuna","9":"tag-balonmano","10":"tag-deportes","11":"tag-es","12":"tag-espana","13":"tag-handball","14":"tag-lucha","15":"tag-premio","16":"tag-spain","17":"tag-sports"},"share_on_mastodon":{"url":"","error":""},"_links":{"self":[{"href":"https:\/\/www.europesays.com\/es\/wp-json\/wp\/v2\/posts\/170877","targetHints":{"allow":["GET"]}}],"collection":[{"href":"https:\/\/www.europesays.com\/es\/wp-json\/wp\/v2\/posts"}],"about":[{"href":"https:\/\/www.europesays.com\/es\/wp-json\/wp\/v2\/types\/post"}],"author":[{"embeddable":true,"href":"https:\/\/www.europesays.com\/es\/wp-json\/wp\/v2\/users\/2"}],"replies":[{"embeddable":true,"href":"https:\/\/www.europesays.com\/es\/wp-json\/wp\/v2\/comments?post=170877"}],"version-history":[{"count":0,"href":"https:\/\/www.europesays.com\/es\/wp-json\/wp\/v2\/posts\/170877\/revisions"}],"wp:featuredmedia":[{"embeddable":true,"href":"https:\/\/www.europesays.com\/es\/wp-json\/wp\/v2\/media\/170878"}],"wp:attachment":[{"href":"https:\/\/www.europesays.com\/es\/wp-json\/wp\/v2\/media?parent=170877"}],"wp:term":[{"taxonomy":"category","embeddable":true,"href":"https:\/\/www.europesays.com\/es\/wp-json\/wp\/v2\/categories?post=170877"},{"taxonomy":"post_tag","embeddable":true,"href":"https:\/\/www.europesays.com\/es\/wp-json\/wp\/v2\/tags?post=170877"}],"curies":[{"name":"wp","href":"https:\/\/api.w.org\/{rel}","templated":true}]}}